{"id":894989,"date":"2026-01-23T16:01:36","date_gmt":"2026-01-23T15:01:36","guid":{"rendered":"https:\/\/www.albinfo.ch\/?p=894989"},"modified":"2026-01-23T16:01:49","modified_gmt":"2026-01-23T15:01:49","slug":"luana-bajrami-auf-dem-weg-zu-den-oscars-ihr-film-ist-in-der-kategorie-kurzfilm-nominiert","status":"publish","type":"post","link":"https:\/\/www.albinfo.ch\/de\/luana-bajrami-auf-dem-weg-zu-den-oscars-ihr-film-ist-in-der-kategorie-kurzfilm-nominiert\/","title":{"rendered":"Luana Bajrami auf dem Weg zu den Oscars, ihr Film ist in der Kategorie Kurzfilm nominiert"},"content":{"rendered":"<div class=\"flex flex-col text-sm pb-25\">\n<article class=\"text-token-text-primary w-full focus:outline-none [--shadow-height:45px] has-data-writing-block:pointer-events-none has-data-writing-block:-mt-(--shadow-height) has-data-writing-block:pt-(--shadow-height) [&amp;:has([data-writing-block])&gt;*]:pointer-events-auto scroll-mt-[calc(var(--header-height)+min(200px,max(70px,20svh)))]\" dir=\"auto\" tabindex=\"-1\" data-turn-id=\"request-WEB:aed89a59-b2c2-4e18-889a-6a022fe425d6-6\" data-testid=\"conversation-turn-14\" data-scroll-anchor=\"true\" data-turn=\"assistant\">\n<div class=\"text-base my-auto mx-auto pb-10 [--thread-content-margin:--spacing(4)] @w-sm\/main:[--thread-content-margin:--spacing(6)] @w-lg\/main:[--thread-content-margin:--spacing(16)] px-(--thread-content-margin)\">\n<div class=\"[--thread-content-max-width:40rem] @w-lg\/main:[--thread-content-max-width:48rem] mx-auto max-w-(--thread-content-max-width) flex-1 group\/turn-messages focus-visible:outline-hidden relative flex w-full min-w-0 flex-col agent-turn\" tabindex=\"-1\">\n<div class=\"flex max-w-full flex-col grow\">\n<div class=\"min-h-8 text-message relative flex w-full flex-col items-end gap-2 text-start break-words whitespace-normal [.text-message+&amp;]:mt-1\" dir=\"auto\" data-message-author-role=\"assistant\" data-message-id=\"724dc0c3-dace-4f31-b02d-310e04543499\" data-message-model-slug=\"gpt-5-2\">\n<div class=\"flex w-full flex-col gap-1 empty:hidden first:pt-[1px]\">\n<div class=\"markdown prose dark:prose-invert w-full wrap-break-word light markdown-new-styling\">\n<p data-start=\"1734\" data-end=\"2031\">Die Schauspielerin kosovarischer Herkunft Luana Bajrami hat einen weiteren internationalen Erfolg erzielt, denn der Film, in dem sie mitspielt, &#8220;Deux personnes \u00e9changeant de la salive&#8221; (&#8220;Two People Exchanging Saliva&#8221;), wurde f\u00fcr den Oscar in der Kategorie Kurzfilm nominiert, berichtet albinfo.ch.<\/p>\n<p data-start=\"2033\" data-end=\"2386\">Der Film, eine Koproduktion zwischen Frankreich und den Vereinigten Staaten von Amerika, wurde unter die f\u00fcnf Projekte gew\u00e4hlt, die um die prestigetr\u00e4chtigste Auszeichnung der Weltkinematografie konkurrieren. Bajrami spielt die Hauptrolle Malaise in dem schwarz wei\u00dfen Film unter der Regie und nach dem Drehbuch von Alexandre Singh und Natalie Musteata.<\/p>\n<p data-start=\"2388\" data-end=\"2812\">Die Handlung spielt in einem dystopischen Paris, in dem K\u00fcssen verboten und streng bestraft ist. Der Film behandelt die Themen Anziehung, Rivalit\u00e4t und stilisierte Gewalt in Form einer dunklen Kom\u00f6die. Das Projekt feierte seine Premiere beim Telluride Film Festival und gewann den Gro\u00dfen Preis der Jury beim AFI Fest. Als Executive Producerinnen fungieren die bekannten Schauspielerinnen Julianne Moore und Isabelle Huppert.<\/p>\n<p data-start=\"2814\" data-end=\"3100\">Unterdessen hat der Film &#8220;Sinners&#8221; des Regisseurs Ryan Coogler einen Rekord aufgestellt, indem er in 16 Kategorien nominiert wurde, die h\u00f6chste Anzahl an Nominierungen in der Geschichte der Oscars, womit er den bisherigen Rekord von &#8220;Titanic&#8221;, &#8220;All About Eve&#8221; und &#8220;La La Land&#8221; \u00fcbertraf.<\/p>\n<p data-start=\"3102\" data-end=\"3318\">Neben der Nominierung f\u00fcr den Besten Film wurde Coogler auch f\u00fcr die Beste Regie und das Beste Drehbuch nominiert, w\u00e4hrend Michael B. Jordan seine erste Oscar Nominierung in der Kategorie Bester Schauspieler erhielt.<\/p>\n<p data-start=\"3320\" data-end=\"3509\" data-is-last-node=\"\" data-is-only-node=\"\">Die 98. Verleihung der Oscars findet im M\u00e4rz statt und verspricht eine historische Ausgabe zu werden, sowohl hinsichtlich der Rekorde als auch der Vielfalt der nominierten Filme.\/Albinfo.ch<\/p>\n<\/div>\n<\/div>\n<\/div>\n<\/div>\n<\/div>\n<\/div>\n<\/article>\n<\/div>\n","protected":false},"excerpt":{"rendered":"<p>Vom Kosovo zu den Oscars, Luana Bajrami mit einem nominierten Film<\/p>\n","protected":false},"author":6,"featured_media":894901,"comment_status":"closed","ping_status":"closed","sticky":false,"template":"","format":"standard","meta":{"footnotes":""},"categories":[23263,24636,23264,1130,3952,23262,1129,1133,1138],"tags":[],"vendi":[],"content_country":[],"class_list":["post-894989","post","type-post","status-publish","format-standard","has-post-thumbnail","hentry","category-kosova-de-2","category-nachrichten-de-4","category-albania","category-aktuell","category-kosova-de","category-at-balkani-de","category-ch-balkan","category-e-diaspora-de","category-kultur"],"acf":[],"_links":{"self":[{"href":"https:\/\/www.albinfo.ch\/de\/wp-json\/wp\/v2\/posts\/894989","targetHints":{"allow":["GET"]}}],"collection":[{"href":"https:\/\/www.albinfo.ch\/de\/wp-json\/wp\/v2\/posts"}],"about":[{"href":"https:\/\/www.albinfo.ch\/de\/wp-json\/wp\/v2\/types\/post"}],"author":[{"embeddable":true,"href":"https:\/\/www.albinfo.ch\/de\/wp-json\/wp\/v2\/users\/6"}],"replies":[{"embeddable":true,"href":"https:\/\/www.albinfo.ch\/de\/wp-json\/wp\/v2\/comments?post=894989"}],"version-history":[{"count":1,"href":"https:\/\/www.albinfo.ch\/de\/wp-json\/wp\/v2\/posts\/894989\/revisions"}],"predecessor-version":[{"id":894990,"href":"https:\/\/www.albinfo.ch\/de\/wp-json\/wp\/v2\/posts\/894989\/revisions\/894990"}],"wp:featuredmedia":[{"embeddable":true,"href":"https:\/\/www.albinfo.ch\/de\/wp-json\/wp\/v2\/media\/894901"}],"wp:attachment":[{"href":"https:\/\/www.albinfo.ch\/de\/wp-json\/wp\/v2\/media?parent=894989"}],"wp:term":[{"taxonomy":"category","embeddable":true,"href":"https:\/\/www.albinfo.ch\/de\/wp-json\/wp\/v2\/categories?post=894989"},{"taxonomy":"post_tag","embeddable":true,"href":"https:\/\/www.albinfo.ch\/de\/wp-json\/wp\/v2\/tags?post=894989"},{"taxonomy":"vendi","embeddable":true,"href":"https:\/\/www.albinfo.ch\/de\/wp-json\/wp\/v2\/vendi?post=894989"},{"taxonomy":"content_country","embeddable":true,"href":"https:\/\/www.albinfo.ch\/de\/wp-json\/wp\/v2\/content_country?post=894989"}],"curies":[{"name":"wp","href":"https:\/\/api.w.org\/{rel}","templated":true}]}}