{"id":895097,"date":"2026-01-23T22:51:43","date_gmt":"2026-01-23T21:51:43","guid":{"rendered":"https:\/\/www.albinfo.ch\/?p=895097"},"modified":"2026-01-24T01:55:32","modified_gmt":"2026-01-24T00:55:32","slug":"arte-dokumentation-ueber-die-vergessenen-doerfer-in-den-albanischen-bergen","status":"publish","type":"post","link":"https:\/\/www.albinfo.ch\/de\/arte-dokumentation-ueber-die-vergessenen-doerfer-in-den-albanischen-bergen\/","title":{"rendered":"Arte Dokumentation \u00fcber die vergessenen D\u00f6rfer in den albanischen Bergen"},"content":{"rendered":"<p data-start=\"1247\" data-end=\"1461\">Der europ\u00e4ische deutsch-franz\u00f6sische Fernsehsender ARTE zeigt eine Dokumentation, die das schwierige Leben in den Bergen Nordalbaniens sowie die Hilfe deutscher Ordensbr\u00fcder f\u00fcr die Menschen vor Ort thematisiert.<\/p>\n<p data-start=\"1463\" data-end=\"1699\">Im Norden Albaniens sind deutsche Kapuzinerbr\u00fcder aus M\u00fcnster im Einsatz. Einer von ihnen ist Jeremias Borgards. Sie k\u00fcmmern sich um Kranke und \u00e4ltere Menschen, die allein leben und in dieser aussterbenden Region niemanden mehr haben.<\/p>\n<p data-start=\"1701\" data-end=\"2066\">Um diese Aufgabe zu erf\u00fcllen, reisen er und die anderen Br\u00fcder stundenlang durch die Berge. Begleitet werden sie dabei von dem 18-j\u00e4hrigen Albaner Angelos Delija. Er stammt aus der Kleinstadt Fush\u00eb-Arr\u00ebz, einer Region, die stark von massiver Abwanderung betroffen ist. Einige D\u00f6rfer haben dort mehr als die H\u00e4lfte ihrer Bev\u00f6lkerung verloren, berichtet albinfo.ch.<\/p>\n<p data-start=\"2068\" data-end=\"2371\" data-is-last-node=\"\" data-is-only-node=\"\">Die Dokumentation \u201eFshatra t\u00eb Harruara n\u00eb Malet e Shqip\u00ebris\u00eb\u201c von Michael Nieberg wird am 3. Februar 2026 um 19:40 Uhr auf ARTE im Rahmen von arte Re: ausgestrahlt. Am 29. Januar 2026 organisieren ARTE und 6w-Film eine Premiere im Schlosstheater, gefolgt von einer Podiumsdiskussion mit den Beteiligten.<\/p>\n","protected":false},"excerpt":{"rendered":"<p>Die Dokumentation &#8220;Vergessene D\u00f6rfer in den Bergen Albaniens\u201c von Michael Nieberg wird am 3. Februar 2026 auf ARTE ausgestrahlt<\/p>\n","protected":false},"author":6,"featured_media":895049,"comment_status":"closed","ping_status":"closed","sticky":false,"template":"","format":"standard","meta":{"footnotes":""},"categories":[34918,10649,1130,24665,22804,23121,1129,1138],"tags":[],"vendi":[],"content_country":[],"class_list":["post-895097","post","type-post","status-publish","format-standard","has-post-thumbnail","hentry","category-andere-de-5","category-albanien","category-aktuell","category-kino","category-leben-in-deutschland","category-nachrichten-de","category-ch-balkan","category-kultur"],"acf":[],"_links":{"self":[{"href":"https:\/\/www.albinfo.ch\/de\/wp-json\/wp\/v2\/posts\/895097","targetHints":{"allow":["GET"]}}],"collection":[{"href":"https:\/\/www.albinfo.ch\/de\/wp-json\/wp\/v2\/posts"}],"about":[{"href":"https:\/\/www.albinfo.ch\/de\/wp-json\/wp\/v2\/types\/post"}],"author":[{"embeddable":true,"href":"https:\/\/www.albinfo.ch\/de\/wp-json\/wp\/v2\/users\/6"}],"replies":[{"embeddable":true,"href":"https:\/\/www.albinfo.ch\/de\/wp-json\/wp\/v2\/comments?post=895097"}],"version-history":[{"count":1,"href":"https:\/\/www.albinfo.ch\/de\/wp-json\/wp\/v2\/posts\/895097\/revisions"}],"predecessor-version":[{"id":895098,"href":"https:\/\/www.albinfo.ch\/de\/wp-json\/wp\/v2\/posts\/895097\/revisions\/895098"}],"wp:featuredmedia":[{"embeddable":true,"href":"https:\/\/www.albinfo.ch\/de\/wp-json\/wp\/v2\/media\/895049"}],"wp:attachment":[{"href":"https:\/\/www.albinfo.ch\/de\/wp-json\/wp\/v2\/media?parent=895097"}],"wp:term":[{"taxonomy":"category","embeddable":true,"href":"https:\/\/www.albinfo.ch\/de\/wp-json\/wp\/v2\/categories?post=895097"},{"taxonomy":"post_tag","embeddable":true,"href":"https:\/\/www.albinfo.ch\/de\/wp-json\/wp\/v2\/tags?post=895097"},{"taxonomy":"vendi","embeddable":true,"href":"https:\/\/www.albinfo.ch\/de\/wp-json\/wp\/v2\/vendi?post=895097"},{"taxonomy":"content_country","embeddable":true,"href":"https:\/\/www.albinfo.ch\/de\/wp-json\/wp\/v2\/content_country?post=895097"}],"curies":[{"name":"wp","href":"https:\/\/api.w.org\/{rel}","templated":true}]}}