{"id":895350,"date":"2026-01-24T21:55:03","date_gmt":"2026-01-24T20:55:03","guid":{"rendered":"https:\/\/www.albinfo.ch\/?p=895350"},"modified":"2026-01-25T01:18:39","modified_gmt":"2026-01-25T00:18:39","slug":"osmani-nach-ihrem-treffen-mit-der-diaspora-in-der-schweiz-ihr-macht-uns-alle-stolz","status":"publish","type":"post","link":"https:\/\/www.albinfo.ch\/de\/osmani-nach-ihrem-treffen-mit-der-diaspora-in-der-schweiz-ihr-macht-uns-alle-stolz\/","title":{"rendered":"Osmani nach ihrem Treffen mit der Diaspora in der Schweiz: Ihr macht uns alle stolz"},"content":{"rendered":"<p>Die Pr\u00e4sidentin des Landes, Vjosa Osmani, hat sich in einem heute ver\u00f6ffentlichten Beitrag auf Facebook zu den Treffen ge\u00e4u\u00dfert, die sie w\u00e4hrend ihres Aufenthalts in der Schweiz mit der Diaspora im Haus des Kosovo in Davos hatte.<br \/>\n<iframe loading=\"lazy\" style=\"border: none; overflow: hidden;\" src=\"https:\/\/www.facebook.com\/plugins\/post.php?href=https%3A%2F%2Fwww.facebook.com%2FVjosaOsmaniMP%2Fposts%2Fpfbid0349RsqfcPy6rGsDGzHecNpZRPqPkFjLrA9mazU1VHWq6ReZ8P2KzR3maRyxm9RiPPl&amp;show_text=true&amp;width=500\" width=\"500\" height=\"703\" frameborder=\"0\" scrolling=\"no\" allowfullscreen=\"allowfullscreen\" data-mce-fragment=\"1\"><\/iframe><\/p>\n<p>&#8220;W\u00e4hrend unseres eint\u00e4gigen Aufenthalts in der Schweiz war es eine besondere Freude, unsere Diaspora im Haus des Kosovo in Davos zu treffen. Jeder Einzelne von ihnen macht uns mit seinen Erfolgen und Leistungen au\u00dferordentlich stolz, und wir sind ihnen unendlich dankbar f\u00fcr ihre kontinuierliche Unterst\u00fctzung f\u00fcr den Kosovo&#8221;, schrieb sie in ihrem Facebook-Post, der von zahlreichen Fotos dieser Begegnungen begleitet wurde.<\/p>\n<figure id=\"attachment_895267\" aria-describedby=\"caption-attachment-895267\" style=\"width: 510px\" class=\"wp-caption alignnone\"><a href=\"https:\/\/www.albinfo.ch\/wp-content\/uploads\/2026\/01\/osmani-zvicer-5.jpg\"><img loading=\"lazy\" decoding=\"async\" class=\"wp-image-895267\" src=\"https:\/\/www.albinfo.ch\/wp-content\/uploads\/2026\/01\/osmani-zvicer-5.jpg\" alt=\"\" width=\"510\" height=\"340\" srcset=\"https:\/\/www.albinfo.ch\/wp-content\/uploads\/2026\/01\/osmani-zvicer-5.jpg 2048w, https:\/\/www.albinfo.ch\/wp-content\/uploads\/2026\/01\/osmani-zvicer-5-300x200.jpg 300w, https:\/\/www.albinfo.ch\/wp-content\/uploads\/2026\/01\/osmani-zvicer-5-1024x683.jpg 1024w, https:\/\/www.albinfo.ch\/wp-content\/uploads\/2026\/01\/osmani-zvicer-5-768x512.jpg 768w, https:\/\/www.albinfo.ch\/wp-content\/uploads\/2026\/01\/osmani-zvicer-5-1536x1025.jpg 1536w, https:\/\/www.albinfo.ch\/wp-content\/uploads\/2026\/01\/osmani-zvicer-5-586x389.jpg 586w, https:\/\/www.albinfo.ch\/wp-content\/uploads\/2026\/01\/osmani-zvicer-5-210x141.jpg 210w, https:\/\/www.albinfo.ch\/wp-content\/uploads\/2026\/01\/osmani-zvicer-5-587x392.jpg 587w, https:\/\/www.albinfo.ch\/wp-content\/uploads\/2026\/01\/osmani-zvicer-5-150x100.jpg 150w, https:\/\/www.albinfo.ch\/wp-content\/uploads\/2026\/01\/osmani-zvicer-5-262x175.jpg 262w\" sizes=\"auto, (max-width: 510px) 100vw, 510px\" \/><\/a><figcaption id=\"caption-attachment-895267\" class=\"wp-caption-text\">albinfo.ch<\/figcaption><\/figure>\n<figure id=\"attachment_895270\" aria-describedby=\"caption-attachment-895270\" style=\"width: 510px\" class=\"wp-caption alignnone\"><a href=\"https:\/\/www.albinfo.ch\/wp-content\/uploads\/2026\/01\/osmani-zvicer-7.jpg\"><img loading=\"lazy\" decoding=\"async\" class=\"wp-image-895270\" src=\"https:\/\/www.albinfo.ch\/wp-content\/uploads\/2026\/01\/osmani-zvicer-7.jpg\" alt=\"\" width=\"510\" height=\"340\" srcset=\"https:\/\/www.albinfo.ch\/wp-content\/uploads\/2026\/01\/osmani-zvicer-7.jpg 2048w, https:\/\/www.albinfo.ch\/wp-content\/uploads\/2026\/01\/osmani-zvicer-7-300x200.jpg 300w, https:\/\/www.albinfo.ch\/wp-content\/uploads\/2026\/01\/osmani-zvicer-7-1024x683.jpg 1024w, https:\/\/www.albinfo.ch\/wp-content\/uploads\/2026\/01\/osmani-zvicer-7-768x512.jpg 768w, https:\/\/www.albinfo.ch\/wp-content\/uploads\/2026\/01\/osmani-zvicer-7-1536x1025.jpg 1536w, https:\/\/www.albinfo.ch\/wp-content\/uploads\/2026\/01\/osmani-zvicer-7-586x389.jpg 586w, https:\/\/www.albinfo.ch\/wp-content\/uploads\/2026\/01\/osmani-zvicer-7-210x141.jpg 210w, https:\/\/www.albinfo.ch\/wp-content\/uploads\/2026\/01\/osmani-zvicer-7-587x392.jpg 587w, https:\/\/www.albinfo.ch\/wp-content\/uploads\/2026\/01\/osmani-zvicer-7-150x100.jpg 150w, https:\/\/www.albinfo.ch\/wp-content\/uploads\/2026\/01\/osmani-zvicer-7-262x175.jpg 262w\" sizes=\"auto, (max-width: 510px) 100vw, 510px\" \/><\/a><figcaption id=\"caption-attachment-895270\" class=\"wp-caption-text\">albinfo.ch<\/figcaption><\/figure>\n<p>Lexoni po ashtu:<\/p>\n<blockquote class=\"wp-embedded-content\" data-secret=\"fjgC7wUeM6\"><p><a href=\"https:\/\/www.albinfo.ch\/house-of-kosova-nje-ze-nga-kosova-ne-davos-te-zvicres\/\">&#8220;House of Kosova&#8221;: Nj\u00eb z\u00eb nga Kosova n\u00eb Davos t\u00eb Zvicr\u00ebs<\/a><\/p><\/blockquote>\n<p><iframe loading=\"lazy\" class=\"wp-embedded-content\" sandbox=\"allow-scripts\" security=\"restricted\" style=\"position: absolute; visibility: hidden;\" title=\"&#8220;&#8220;House of Kosova&#8221;: Nj\u00eb z\u00eb nga Kosova n\u00eb Davos t\u00eb Zvicr\u00ebs&#8221; &#8212; Albinfo\" src=\"https:\/\/www.albinfo.ch\/house-of-kosova-nje-ze-nga-kosova-ne-davos-te-zvicres\/embed\/#?secret=e45YSaeW8U#?secret=fjgC7wUeM6\" data-secret=\"fjgC7wUeM6\" width=\"587\" height=\"331\" frameborder=\"0\" marginwidth=\"0\" marginheight=\"0\" scrolling=\"no\"><\/iframe><\/p>\n<p>Lexoni po ashtu:<\/p>\n<blockquote class=\"wp-embedded-content\" data-secret=\"6RxfK0RiCP\"><p><a href=\"https:\/\/www.albinfo.ch\/kurti-nga-davosi-shtepia-e-kosoves-platforme-per-promovimin-e-investimeve-dhe-kultures\/\">Kurti nga Davosi: \u2018Sht\u00ebpia e Kosov\u00ebs\u2019, platform\u00eb p\u00ebr promovimin e investimeve dhe kultur\u00ebs<\/a><\/p><\/blockquote>\n<p><iframe loading=\"lazy\" class=\"wp-embedded-content\" sandbox=\"allow-scripts\" security=\"restricted\" style=\"position: absolute; visibility: hidden;\" title=\"&#8220;Kurti nga Davosi: \u2018Sht\u00ebpia e Kosov\u00ebs\u2019, platform\u00eb p\u00ebr promovimin e investimeve dhe kultur\u00ebs&#8221; &#8212; Albinfo\" src=\"https:\/\/www.albinfo.ch\/kurti-nga-davosi-shtepia-e-kosoves-platforme-per-promovimin-e-investimeve-dhe-kultures\/embed\/#?secret=8Ga2nxLUgU#?secret=6RxfK0RiCP\" data-secret=\"6RxfK0RiCP\" width=\"587\" height=\"331\" frameborder=\"0\" marginwidth=\"0\" marginheight=\"0\" scrolling=\"no\"><\/iframe><\/p>\n","protected":false},"excerpt":{"rendered":"<p>Die Pr\u00e4sidentin des Landes, Vjosa Osmani, hat sich in einem heute ver\u00f6ffentlichten Beitrag auf Facebook zu den Treffen ge\u00e4u\u00dfert, die sie w\u00e4hrend ihres Aufenthalts in der Schweiz mit der Diaspora im Haus des Kosovo in Davos hatte. &#8220;W\u00e4hrend unseres eint\u00e4gigen Aufenthalts in der Schweiz war es eine besondere Freude, unsere Diaspora im Haus des Kosovo [&hellip;]<\/p>\n","protected":false},"author":6,"featured_media":895251,"comment_status":"closed","ping_status":"closed","sticky":false,"template":"","format":"standard","meta":{"footnotes":""},"categories":[33056,23263,24636,1130,3952,23269,23262,24621,24635,1129,1133,1412,2015],"tags":[],"vendi":[],"content_country":[],"class_list":["post-895350","post","type-post","status-publish","format-standard","has-post-thumbnail","hentry","category-de-balkani-de","category-kosova-de-2","category-nachrichten-de-4","category-aktuell","category-kosova-de","category-news","category-at-balkani-de","category-kosova-de-3","category-nachrichten-de-3","category-ch-balkan","category-e-diaspora-de","category-newsletter-de","category-newsletter-media-de"],"acf":[],"_links":{"self":[{"href":"https:\/\/www.albinfo.ch\/de\/wp-json\/wp\/v2\/posts\/895350","targetHints":{"allow":["GET"]}}],"collection":[{"href":"https:\/\/www.albinfo.ch\/de\/wp-json\/wp\/v2\/posts"}],"about":[{"href":"https:\/\/www.albinfo.ch\/de\/wp-json\/wp\/v2\/types\/post"}],"author":[{"embeddable":true,"href":"https:\/\/www.albinfo.ch\/de\/wp-json\/wp\/v2\/users\/6"}],"replies":[{"embeddable":true,"href":"https:\/\/www.albinfo.ch\/de\/wp-json\/wp\/v2\/comments?post=895350"}],"version-history":[{"count":1,"href":"https:\/\/www.albinfo.ch\/de\/wp-json\/wp\/v2\/posts\/895350\/revisions"}],"predecessor-version":[{"id":895351,"href":"https:\/\/www.albinfo.ch\/de\/wp-json\/wp\/v2\/posts\/895350\/revisions\/895351"}],"wp:featuredmedia":[{"embeddable":true,"href":"https:\/\/www.albinfo.ch\/de\/wp-json\/wp\/v2\/media\/895251"}],"wp:attachment":[{"href":"https:\/\/www.albinfo.ch\/de\/wp-json\/wp\/v2\/media?parent=895350"}],"wp:term":[{"taxonomy":"category","embeddable":true,"href":"https:\/\/www.albinfo.ch\/de\/wp-json\/wp\/v2\/categories?post=895350"},{"taxonomy":"post_tag","embeddable":true,"href":"https:\/\/www.albinfo.ch\/de\/wp-json\/wp\/v2\/tags?post=895350"},{"taxonomy":"vendi","embeddable":true,"href":"https:\/\/www.albinfo.ch\/de\/wp-json\/wp\/v2\/vendi?post=895350"},{"taxonomy":"content_country","embeddable":true,"href":"https:\/\/www.albinfo.ch\/de\/wp-json\/wp\/v2\/content_country?post=895350"}],"curies":[{"name":"wp","href":"https:\/\/api.w.org\/{rel}","templated":true}]}}