{"id":895446,"date":"2026-01-25T22:06:41","date_gmt":"2026-01-25T21:06:41","guid":{"rendered":"https:\/\/www.albinfo.ch\/?p=895446"},"modified":"2026-01-25T22:07:07","modified_gmt":"2026-01-25T21:07:07","slug":"shaqiri-glaenzt-im-derby-spektakulaerer-hattrick-und-dramatischer-sieg-fuer-den-fc-basel-gegen-zuerich","status":"publish","type":"post","link":"https:\/\/www.albinfo.ch\/de\/shaqiri-glaenzt-im-derby-spektakulaerer-hattrick-und-dramatischer-sieg-fuer-den-fc-basel-gegen-zuerich\/","title":{"rendered":"Shaqiri gl\u00e4nzt im Derby: spektakul\u00e4rer Hattrick und dramatischer Sieg f\u00fcr den FC Basel gegen Z\u00fcrich"},"content":{"rendered":"<p data-start=\"788\" data-end=\"1083\">Xherdan Shaqiri zeigte eine herausragende Leistung und wurde zum absoluten Helden des FC Basel im Derby gegen Z\u00fcrich. Der kosovarische Offensivspieler erzielte einen Hattrick, darunter auch das Siegtor in der letzten Minute, und sicherte seinem Team damit einen gro\u00dfen Triumph.<\/p>\n<p data-start=\"1085\" data-end=\"1332\">Shaqiri traf dreimal im Spiel und bewies dabei Klasse, Erfahrung und Entschlossenheit in den entscheidenden Momenten. Das letzte Tor, das in der Schlussphase fiel, besiegelte den Basler Sieg und entfachte gro\u00dfe Jubelszenen bei den Fans im Stadion.<\/p>\n<p data-start=\"1334\" data-end=\"1577\" data-is-last-node=\"\" data-is-only-node=\"\">Mit dieser Vorstellung best\u00e4tigte der kosovarische Star einmal mehr, dass er zu den spielentscheidendsten Akteuren der Schweizer Super League z\u00e4hlt und stets in der Lage ist, den Unterschied zu machen und f\u00fcr Spektakel auf dem Platz zu sorgen.<\/p>\n<p>Video:<\/p>\n<p><a href=\"https:\/\/www.facebook.com\/share\/v\/1FjFYjCTfj\/\">https:\/\/www.facebook.com\/share\/v\/1FjFYjCTfj\/<\/a><\/p>\n","protected":false},"excerpt":{"rendered":"<p>Xherdan Shaqiri zeigte eine herausragende Leistung und wurde zum absoluten Helden des FC Basel im Derby gegen Z\u00fcrich. Der kosovarische Offensivspieler erzielte einen Hattrick, darunter auch das Siegtor in der letzten Minute, und sicherte seinem Team damit einen gro\u00dfen Triumph. Shaqiri traf dreimal im Spiel und bewies dabei Klasse, Erfahrung und Entschlossenheit in den entscheidenden [&hellip;]<\/p>\n","protected":false},"author":6,"featured_media":823937,"comment_status":"closed","ping_status":"closed","sticky":false,"template":"","format":"standard","meta":{"footnotes":""},"categories":[1188,4023,24006,24631,1140,1139],"tags":[],"vendi":[],"content_country":[29888,31836,31837],"class_list":["post-895446","post","type-post","status-publish","format-standard","has-post-thumbnail","hentry","category-shkurt-ch-de","category-futboll-de","category-lajme-jeta-ne-zvicer-de","category-nachrichten-de-2","category-leben-in-der-schweiz","category-sport","content_country-zvicer","content_country-austria-de","content_country-germany-de"],"acf":[],"_links":{"self":[{"href":"https:\/\/www.albinfo.ch\/de\/wp-json\/wp\/v2\/posts\/895446","targetHints":{"allow":["GET"]}}],"collection":[{"href":"https:\/\/www.albinfo.ch\/de\/wp-json\/wp\/v2\/posts"}],"about":[{"href":"https:\/\/www.albinfo.ch\/de\/wp-json\/wp\/v2\/types\/post"}],"author":[{"embeddable":true,"href":"https:\/\/www.albinfo.ch\/de\/wp-json\/wp\/v2\/users\/6"}],"replies":[{"embeddable":true,"href":"https:\/\/www.albinfo.ch\/de\/wp-json\/wp\/v2\/comments?post=895446"}],"version-history":[{"count":1,"href":"https:\/\/www.albinfo.ch\/de\/wp-json\/wp\/v2\/posts\/895446\/revisions"}],"predecessor-version":[{"id":895447,"href":"https:\/\/www.albinfo.ch\/de\/wp-json\/wp\/v2\/posts\/895446\/revisions\/895447"}],"wp:featuredmedia":[{"embeddable":true,"href":"https:\/\/www.albinfo.ch\/de\/wp-json\/wp\/v2\/media\/823937"}],"wp:attachment":[{"href":"https:\/\/www.albinfo.ch\/de\/wp-json\/wp\/v2\/media?parent=895446"}],"wp:term":[{"taxonomy":"category","embeddable":true,"href":"https:\/\/www.albinfo.ch\/de\/wp-json\/wp\/v2\/categories?post=895446"},{"taxonomy":"post_tag","embeddable":true,"href":"https:\/\/www.albinfo.ch\/de\/wp-json\/wp\/v2\/tags?post=895446"},{"taxonomy":"vendi","embeddable":true,"href":"https:\/\/www.albinfo.ch\/de\/wp-json\/wp\/v2\/vendi?post=895446"},{"taxonomy":"content_country","embeddable":true,"href":"https:\/\/www.albinfo.ch\/de\/wp-json\/wp\/v2\/content_country?post=895446"}],"curies":[{"name":"wp","href":"https:\/\/api.w.org\/{rel}","templated":true}]}}