{"id":895454,"date":"2026-01-25T21:05:32","date_gmt":"2026-01-25T20:05:32","guid":{"rendered":"https:\/\/www.albinfo.ch\/?p=895454"},"modified":"2026-01-25T22:20:31","modified_gmt":"2026-01-25T21:20:31","slug":"osmani-sagt-der-bbc-dass-kosovo-ueber-erfahrung-im-aufbau-von-frieden-verfuegt","status":"publish","type":"post","link":"https:\/\/www.albinfo.ch\/de\/osmani-sagt-der-bbc-dass-kosovo-ueber-erfahrung-im-aufbau-von-frieden-verfuegt\/","title":{"rendered":"Osmani sagt der BBC, dass Kosovo \u00fcber Erfahrung im Aufbau von Frieden verf\u00fcgt"},"content":{"rendered":"<p data-start=\"2039\" data-end=\"2290\">Die Pr\u00e4sidentin des Kosovo, Vjosa Osmani, erkl\u00e4rte in einem Interview mit der BBC, dass der Kosovo wisse, wie Frieden erreicht werden kann, dank seiner schmerzhaften historischen Erfahrungen und der starken internationalen Unterst\u00fctzung.<\/p>\n<p data-start=\"2292\" data-end=\"2487\">Sie sagte, es gebe zahlreiche Gr\u00fcnde, warum der Kosovo Teil des Friedensrates von US Pr\u00e4sident Donald Trump geworden sei, in dem Osmani zu den weltweit beteiligten F\u00fchrungspers\u00f6nlichkeiten z\u00e4hlt.<\/p>\n<p data-start=\"2489\" data-end=\"2860\">R\u00fcckblickend erinnerte Osmani daran, dass der Kosovo vor 26 Jahren vom Krieg zerst\u00f6rt war und sein Volk mit V\u00f6lkermord konfrontiert wurde. Ihrer Ansicht nach war das Eingreifen der Vereinigten Staaten, unterst\u00fctzt vom Vereinigten K\u00f6nigreich und anderen demokratischen L\u00e4ndern, entscheidend, um Leben zu retten und den Weg zu Frieden, Freiheit und Unabh\u00e4ngigkeit zu ebnen.<\/p>\n<p data-start=\"2862\" data-end=\"3069\">In dem Interview betonte Osmani, dass der Kosovo heute ein souver\u00e4ner, demokratischer und unabh\u00e4ngiger Staat sei und dass seine Kinder die erste Generation seien, die ohne Krieg aufwachse und Frieden erlebe.<\/p>\n<p data-start=\"3071\" data-end=\"3427\">Sie hob hervor, dass Frieden nicht allein durch Worte oder Resolutionen erreicht werde, sondern durch konkretes Handeln. Mit Blick auf ihre pers\u00f6nliche Erfahrung als Kriegskind sagte Osmani, dass es damals viele internationale Erkl\u00e4rungen gegeben habe, jedoch kaum Taten, bis zu dem Moment, als die USA eingriffen und die Welt f\u00fcr den Kosovo mobilisierten.<\/p>\n<p data-start=\"3429\" data-end=\"3807\">Die Pr\u00e4sidentin f\u00fcgte hinzu, dass es einen Unterschied zwischen der Schaffung von Frieden und seiner Bewahrung gebe, und betonte die Notwendigkeit starker Organisationen, die sich mit Friedensaufbau befassen. Die UNO spiele ihrer Ansicht nach eine wichtige Rolle bei der Friedenssicherung, eine Rolle, die sie auch im Kosovo \u00fcber mehr als ein Jahrzehnt hinweg wahrgenommen habe.<\/p>\n<p data-start=\"3809\" data-end=\"4062\" data-is-last-node=\"\" data-is-only-node=\"\">Auf die Frage, ob diese Initiativen darauf abzielten, die UNO zu ersetzen, verneinte Osmani dies und betonte, dass internationale Organisationen zusammenarbeiten k\u00f6nnen und sollen, jede in ihrer jeweiligen Rolle, um Frieden zu erreichen und zu erhalten.<\/p>\n","protected":false},"excerpt":{"rendered":"<p>Die Pr\u00e4sidentin des Kosovo, Vjosa Osmani, erkl\u00e4rte in einem Interview mit der BBC, dass der Kosovo wisse, wie Frieden erreicht werden kann, dank seiner schmerzhaften historischen Erfahrungen und der starken internationalen Unterst\u00fctzung. Sie sagte, es gebe zahlreiche Gr\u00fcnde, warum der Kosovo Teil des Friedensrates von US Pr\u00e4sident Donald Trump geworden sei, in dem Osmani zu [&hellip;]<\/p>\n","protected":false},"author":6,"featured_media":848534,"comment_status":"closed","ping_status":"closed","sticky":false,"template":"","format":"standard","meta":{"footnotes":""},"categories":[33056,23263,1130,3952,23269,23262,24621,24635,1129],"tags":[],"vendi":[],"content_country":[],"class_list":["post-895454","post","type-post","status-publish","format-standard","has-post-thumbnail","hentry","category-de-balkani-de","category-kosova-de-2","category-aktuell","category-kosova-de","category-news","category-at-balkani-de","category-kosova-de-3","category-nachrichten-de-3","category-ch-balkan"],"acf":[],"_links":{"self":[{"href":"https:\/\/www.albinfo.ch\/de\/wp-json\/wp\/v2\/posts\/895454","targetHints":{"allow":["GET"]}}],"collection":[{"href":"https:\/\/www.albinfo.ch\/de\/wp-json\/wp\/v2\/posts"}],"about":[{"href":"https:\/\/www.albinfo.ch\/de\/wp-json\/wp\/v2\/types\/post"}],"author":[{"embeddable":true,"href":"https:\/\/www.albinfo.ch\/de\/wp-json\/wp\/v2\/users\/6"}],"replies":[{"embeddable":true,"href":"https:\/\/www.albinfo.ch\/de\/wp-json\/wp\/v2\/comments?post=895454"}],"version-history":[{"count":1,"href":"https:\/\/www.albinfo.ch\/de\/wp-json\/wp\/v2\/posts\/895454\/revisions"}],"predecessor-version":[{"id":895455,"href":"https:\/\/www.albinfo.ch\/de\/wp-json\/wp\/v2\/posts\/895454\/revisions\/895455"}],"wp:featuredmedia":[{"embeddable":true,"href":"https:\/\/www.albinfo.ch\/de\/wp-json\/wp\/v2\/media\/848534"}],"wp:attachment":[{"href":"https:\/\/www.albinfo.ch\/de\/wp-json\/wp\/v2\/media?parent=895454"}],"wp:term":[{"taxonomy":"category","embeddable":true,"href":"https:\/\/www.albinfo.ch\/de\/wp-json\/wp\/v2\/categories?post=895454"},{"taxonomy":"post_tag","embeddable":true,"href":"https:\/\/www.albinfo.ch\/de\/wp-json\/wp\/v2\/tags?post=895454"},{"taxonomy":"vendi","embeddable":true,"href":"https:\/\/www.albinfo.ch\/de\/wp-json\/wp\/v2\/vendi?post=895454"},{"taxonomy":"content_country","embeddable":true,"href":"https:\/\/www.albinfo.ch\/de\/wp-json\/wp\/v2\/content_country?post=895454"}],"curies":[{"name":"wp","href":"https:\/\/api.w.org\/{rel}","templated":true}]}}