{"id":895725,"date":"2026-01-26T22:21:40","date_gmt":"2026-01-26T21:21:40","guid":{"rendered":"https:\/\/www.albinfo.ch\/?p=895725"},"modified":"2026-01-27T00:16:47","modified_gmt":"2026-01-26T23:16:47","slug":"die-nato-fordert-belgrad-auf-verantwortung-fuer-die-ereignisse-in-banjska-und-den-angriff-auf-die-kfor-zu-uebernehmen","status":"publish","type":"post","link":"https:\/\/www.albinfo.ch\/de\/die-nato-fordert-belgrad-auf-verantwortung-fuer-die-ereignisse-in-banjska-und-den-angriff-auf-die-kfor-zu-uebernehmen\/","title":{"rendered":"Die NATO fordert Belgrad auf, Verantwortung f\u00fcr die Ereignisse in Banjska und den Angriff auf die KFOR zu \u00fcbernehmen"},"content":{"rendered":"<div class=\"flex flex-col text-sm pb-25\">\n<article class=\"text-token-text-primary w-full focus:outline-none [--shadow-height:45px] has-data-writing-block:pointer-events-none has-data-writing-block:-mt-(--shadow-height) has-data-writing-block:pt-(--shadow-height) [&amp;:has([data-writing-block])&gt;*]:pointer-events-auto scroll-mt-[calc(var(--header-height)+min(200px,max(70px,20svh)))]\" dir=\"auto\" tabindex=\"-1\" data-turn-id=\"f34465a7-78c9-41a9-9b06-e7b1eda3706d\" data-testid=\"conversation-turn-34\" data-scroll-anchor=\"true\" data-turn=\"assistant\">\n<div class=\"text-base my-auto mx-auto pb-10 [--thread-content-margin:--spacing(4)] @w-sm\/main:[--thread-content-margin:--spacing(6)] @w-lg\/main:[--thread-content-margin:--spacing(16)] px-(--thread-content-margin)\">\n<div class=\"[--thread-content-max-width:40rem] @w-lg\/main:[--thread-content-max-width:48rem] mx-auto max-w-(--thread-content-max-width) flex-1 group\/turn-messages focus-visible:outline-hidden relative flex w-full min-w-0 flex-col agent-turn\" tabindex=\"-1\">\n<div class=\"flex max-w-full flex-col grow\">\n<div class=\"min-h-8 text-message relative flex w-full flex-col items-end gap-2 text-start break-words whitespace-normal [.text-message+&amp;]:mt-1\" dir=\"auto\" data-message-author-role=\"assistant\" data-message-id=\"c95ddba8-974a-4023-89c2-153c28b720cf\" data-message-model-slug=\"gpt-5-2\">\n<div class=\"flex w-full flex-col gap-1 empty:hidden first:pt-[1px]\">\n<div class=\"markdown prose dark:prose-invert w-full wrap-break-word light markdown-new-styling\">\n<p data-start=\"2708\" data-end=\"3159\">Der Generalsekret\u00e4r der <span class=\"hover:entity-accent entity-underline inline cursor-pointer align-baseline\"><span class=\"whitespace-normal\">NATO<\/span><\/span>, <span class=\"hover:entity-accent entity-underline inline cursor-pointer align-baseline\"><span class=\"whitespace-normal\">Mark Rutte<\/span><\/span>, hat die Beh\u00f6rden in <span class=\"hover:entity-accent entity-underline inline cursor-pointer align-baseline\"><span class=\"whitespace-normal\">Belgrad<\/span><\/span> aufgefordert, Verantwortung f\u00fcr die Vorf\u00e4lle im <span class=\"hover:entity-accent entity-underline inline cursor-pointer align-baseline\"><span class=\"whitespace-normal\">Kosovo<\/span><\/span> zu \u00fcbernehmen, darunter der Angriff in <span class=\"hover:entity-accent entity-underline inline cursor-pointer align-baseline\"><span class=\"whitespace-normal\">Banjska<\/span><\/span> sowie die Angriffe auf die Kr\u00e4fte der <span class=\"hover:entity-accent entity-underline inline cursor-pointer align-baseline\"><span class=\"whitespace-normal\">KFOR<\/span><\/span> w\u00e4hrend der Spannungen im Fr\u00fchjahr 2023.<\/p>\n<p data-start=\"3161\" data-end=\"3508\">&#8221; Ich habe seit Jahren eine pers\u00f6nliche Beziehung zum serbischen Pr\u00e4sidenten <span class=\"hover:entity-accent entity-underline inline cursor-pointer align-baseline\"><span class=\"whitespace-normal\">Aleksandar Vu\u010di\u0107<\/span><\/span>. Meine Erwartung ist jedoch, dass er die Verantwortung f\u00fcr die vergangenen Ereignisse klar festlegt, insbesondere f\u00fcr zwei konkrete F\u00e4lle. F\u00fcr diese beiden Ereignisse hat er zugesagt, die Verantwortung zu kl\u00e4ren &#8220;, erkl\u00e4rte Rutte.<\/p>\n<p data-start=\"3510\" data-end=\"3864\">Er \u00e4usserte sich dazu w\u00e4hrend einer Sitzung des Ausschusses f\u00fcr ausw\u00e4rtige Angelegenheiten des <span class=\"hover:entity-accent entity-underline inline cursor-pointer align-baseline\"><span class=\"whitespace-normal\">Europ\u00e4isches Parlament<\/span><\/span> (AFET) und erinnerte zugleich an das Engagement der NATO f\u00fcr Stabilit\u00e4t auf dem Westbalkan sowie an die Unterst\u00fctzung des von der <span class=\"hover:entity-accent entity-underline inline cursor-pointer align-baseline\"><span class=\"whitespace-normal\">Europ\u00e4ische Union<\/span><\/span> vermittelten Dialogs zwischen Kosovo und Serbien.<\/p>\n<p data-start=\"3866\" data-end=\"4070\">Rutte betonte, dass die NATO weiterhin f\u00fcr die Sicherheit in der Region engagiert bleiben werde und die Entstehung eines Sicherheitsvakuums in <span class=\"hover:entity-accent entity-underline inline cursor-pointer align-baseline\"><span class=\"whitespace-normal\">Bosnien und Herzegowina<\/span><\/span> nicht zulassen werde.<\/p>\n<p data-start=\"4072\" data-end=\"4462\">Die Spannungen zwischen Kosovo und Serbien sind in den vergangenen Jahren hoch geblieben. Der schwerste Vorfall ereignete sich im September 2023 in Banjska in der Gemeinde <span class=\"hover:entity-accent entity-underline inline cursor-pointer align-baseline\"><span class=\"whitespace-normal\">Zve\u010dan<\/span><\/span>, als eine Gruppe bewaffneter Serben die kosovarische Polizei angriff und dabei einen Unteroffizier t\u00f6tete, w\u00e4hrend drei serbische Angreifer bei dem Schusswechsel ums Leben kamen.<\/p>\n<p data-start=\"4464\" data-end=\"4702\"><span class=\"hover:entity-accent entity-underline inline cursor-pointer align-baseline\"><span class=\"whitespace-normal\">Milan Radoi\u010di\u0107<\/span><\/span>, ein serbischer Politiker und Gesch\u00e4ftsmann, \u00fcbernahm die Verantwortung f\u00fcr den Angriff und h\u00e4lt sich derzeit in Serbien auf, wo bislang keine strafrechtlichen Schritte gegen ihn eingeleitet wurden.<\/p>\n<p data-start=\"4704\" data-end=\"5231\">Den Ereignissen gingen serbische Proteste im Norden des Kosovo im Mai desselben Jahres voraus, bei denen mehr als 90 Angeh\u00f6rige der KFOR verletzt wurden, einige davon schwer, als es zu Zusammenst\u00f6ssen mit Demonstranten kam. Die Gewalt brach aus, nachdem sich lokale Serben gegen den Einzug gew\u00e4hlter albanischer B\u00fcrgermeister in die Gemeindegeb\u00e4ude von Zve\u010dan, <span class=\"hover:entity-accent entity-underline inline cursor-pointer align-baseline\"><span class=\"whitespace-normal\">Leposavi\u0107<\/span><\/span> und <span class=\"hover:entity-accent entity-underline inline cursor-pointer align-baseline\"><span class=\"whitespace-normal\">Zubin Potok<\/span><\/span> gestellt hatten, nach Kommunalwahlen, die von den Serben boykottiert worden waren.<\/p>\n<p data-start=\"5233\" data-end=\"5397\" data-is-last-node=\"\" data-is-only-node=\"\">Dutzende Personen wurden festgenommen und einige verurteilt, w\u00e4hrend die NATO gefordert hat, dass alle Verantwortlichen vor Gericht zur Rechenschaft gezogen werden.<\/p>\n<\/div>\n<\/div>\n<\/div>\n<\/div>\n<div class=\"z-0 flex min-h-[46px] justify-start\"><\/div>\n<\/div>\n<\/div>\n<\/article>\n<\/div>\n","protected":false},"excerpt":{"rendered":"<p>Der Generalsekret\u00e4r der NATO, Mark Rutte, hat die Beh\u00f6rden in Belgrad aufgefordert, Verantwortung f\u00fcr die Vorf\u00e4lle im Kosovo zu \u00fcbernehmen, darunter der Angriff in Banjska sowie die Angriffe auf die Kr\u00e4fte der KFOR w\u00e4hrend der Spannungen im Fr\u00fchjahr 2023. &#8221; Ich habe seit Jahren eine pers\u00f6nliche Beziehung zum serbischen Pr\u00e4sidenten Aleksandar Vu\u010di\u0107. Meine Erwartung ist [&hellip;]<\/p>\n","protected":false},"author":6,"featured_media":776921,"comment_status":"closed","ping_status":"closed","sticky":false,"template":"","format":"standard","meta":{"footnotes":""},"categories":[33056,23263,1130,3952,23269,23262,24621,24635,1129],"tags":[],"vendi":[],"content_country":[],"class_list":["post-895725","post","type-post","status-publish","format-standard","has-post-thumbnail","hentry","category-de-balkani-de","category-kosova-de-2","category-aktuell","category-kosova-de","category-news","category-at-balkani-de","category-kosova-de-3","category-nachrichten-de-3","category-ch-balkan"],"acf":[],"_links":{"self":[{"href":"https:\/\/www.albinfo.ch\/de\/wp-json\/wp\/v2\/posts\/895725","targetHints":{"allow":["GET"]}}],"collection":[{"href":"https:\/\/www.albinfo.ch\/de\/wp-json\/wp\/v2\/posts"}],"about":[{"href":"https:\/\/www.albinfo.ch\/de\/wp-json\/wp\/v2\/types\/post"}],"author":[{"embeddable":true,"href":"https:\/\/www.albinfo.ch\/de\/wp-json\/wp\/v2\/users\/6"}],"replies":[{"embeddable":true,"href":"https:\/\/www.albinfo.ch\/de\/wp-json\/wp\/v2\/comments?post=895725"}],"version-history":[{"count":1,"href":"https:\/\/www.albinfo.ch\/de\/wp-json\/wp\/v2\/posts\/895725\/revisions"}],"predecessor-version":[{"id":895726,"href":"https:\/\/www.albinfo.ch\/de\/wp-json\/wp\/v2\/posts\/895725\/revisions\/895726"}],"wp:featuredmedia":[{"embeddable":true,"href":"https:\/\/www.albinfo.ch\/de\/wp-json\/wp\/v2\/media\/776921"}],"wp:attachment":[{"href":"https:\/\/www.albinfo.ch\/de\/wp-json\/wp\/v2\/media?parent=895725"}],"wp:term":[{"taxonomy":"category","embeddable":true,"href":"https:\/\/www.albinfo.ch\/de\/wp-json\/wp\/v2\/categories?post=895725"},{"taxonomy":"post_tag","embeddable":true,"href":"https:\/\/www.albinfo.ch\/de\/wp-json\/wp\/v2\/tags?post=895725"},{"taxonomy":"vendi","embeddable":true,"href":"https:\/\/www.albinfo.ch\/de\/wp-json\/wp\/v2\/vendi?post=895725"},{"taxonomy":"content_country","embeddable":true,"href":"https:\/\/www.albinfo.ch\/de\/wp-json\/wp\/v2\/content_country?post=895725"}],"curies":[{"name":"wp","href":"https:\/\/api.w.org\/{rel}","templated":true}]}}