{"id":896045,"date":"2026-01-27T15:32:44","date_gmt":"2026-01-27T14:32:44","guid":{"rendered":"https:\/\/www.albinfo.ch\/?p=896045"},"modified":"2026-01-27T23:12:14","modified_gmt":"2026-01-27T22:12:14","slug":"kosovo-ein-junger-staat-aber-mit-grossen-loesungen","status":"publish","type":"post","link":"https:\/\/www.albinfo.ch\/de\/kosovo-ein-junger-staat-aber-mit-grossen-loesungen\/","title":{"rendered":"Kosovo, ein junger Staat, aber mit gro\u00dfen L\u00f6sungen"},"content":{"rendered":"<p data-start=\"1071\" data-end=\"1315\">Die Teilnahme des <span class=\"hover:entity-accent entity-underline inline cursor-pointer align-baseline\"><span class=\"whitespace-normal\">Kosovo<\/span><\/span> am <span class=\"hover:entity-accent entity-underline inline cursor-pointer align-baseline\"><span class=\"whitespace-normal\">World Economic Forum<\/span><\/span> \u00fcber die Plattform <span class=\"hover:entity-accent entity-underline inline cursor-pointer align-baseline\"><span class=\"whitespace-normal\">House of Kosova<\/span><\/span> nimmt zunehmend die Form einer aktiven wirtschaftlichen und technologischen Diplomatie an.<\/p>\n<p data-start=\"1317\" data-end=\"1677\">Im Panel &#8221; Wie Europa im Wettbewerb der K\u00fcnstlichen Intelligenz durch Spezialisierung konkurriert &#8221; pr\u00e4sentierte sich Kosovo nicht nur als symbolischer Teilnehmer, sondern als Land, das konkrete L\u00f6sungen f\u00fcr globale Herausforderungen wie die Wohnraumkrise, intelligente Urbanisierung und die Transformation der Bauindustrie durch K\u00fcnstliche Intelligenz anbietet.<\/p>\n<p data-start=\"1679\" data-end=\"2074\" data-is-last-node=\"\" data-is-only-node=\"\">Der Beitrag Kosovos wurde durch zwei Vertreter des Privatsektors vermittelt: Mentor Pllana, CEO von Instabuilt, und Ertion Axha, COO von Lika Holding AG. Sie brachten nach <span class=\"hover:entity-accent entity-underline inline cursor-pointer align-baseline\"><span class=\"whitespace-normal\">Davos<\/span><\/span> ihre \u00fcber Jahre hinweg auf europ\u00e4ischen und amerikanischen M\u00e4rkten entwickelte Praxiserfahrung ein und verbanden Technologie mit den realen Bed\u00fcrfnissen von Wirtschaft und Gesellschaft.<\/p>\n<p><a href=\"https:\/\/www.albinfo.ch\/wp-content\/uploads\/2026\/01\/mentor-pllnana.jpg\"><img loading=\"lazy\" decoding=\"async\" class=\"alignnone wp-image-895818\" src=\"https:\/\/www.albinfo.ch\/wp-content\/uploads\/2026\/01\/mentor-pllnana-819x1024.jpg\" alt=\"\" width=\"560\" height=\"700\" srcset=\"https:\/\/www.albinfo.ch\/wp-content\/uploads\/2026\/01\/mentor-pllnana-819x1024.jpg 819w, https:\/\/www.albinfo.ch\/wp-content\/uploads\/2026\/01\/mentor-pllnana-240x300.jpg 240w, https:\/\/www.albinfo.ch\/wp-content\/uploads\/2026\/01\/mentor-pllnana-768x960.jpg 768w, https:\/\/www.albinfo.ch\/wp-content\/uploads\/2026\/01\/mentor-pllnana-1229x1536.jpg 1229w, https:\/\/www.albinfo.ch\/wp-content\/uploads\/2026\/01\/mentor-pllnana-317x396.jpg 317w, https:\/\/www.albinfo.ch\/wp-content\/uploads\/2026\/01\/mentor-pllnana-80x100.jpg 80w, https:\/\/www.albinfo.ch\/wp-content\/uploads\/2026\/01\/mentor-pllnana-140x175.jpg 140w, https:\/\/www.albinfo.ch\/wp-content\/uploads\/2026\/01\/mentor-pllnana.jpg 1638w\" sizes=\"auto, (max-width: 560px) 100vw, 560px\" \/><\/a><\/p>\n<article class=\"text-token-text-primary w-full focus:outline-none [--shadow-height:45px] has-data-writing-block:pointer-events-none has-data-writing-block:-mt-(--shadow-height) has-data-writing-block:pt-(--shadow-height) [&amp;:has([data-writing-block])&gt;*]:pointer-events-auto scroll-mt-[calc(var(--header-height)+min(200px,max(70px,20svh)))]\" dir=\"auto\" tabindex=\"-1\" data-turn-id=\"3cc9add2-c03f-4cde-ae0b-4dda755df346\" data-testid=\"conversation-turn-36\" data-scroll-anchor=\"false\" data-turn=\"assistant\">\n<div class=\"text-base my-auto mx-auto [--thread-content-margin:--spacing(4)] @w-sm\/main:[--thread-content-margin:--spacing(6)] @w-lg\/main:[--thread-content-margin:--spacing(16)] px-(--thread-content-margin)\">\n<div class=\"[--thread-content-max-width:40rem] @w-lg\/main:[--thread-content-max-width:48rem] mx-auto max-w-(--thread-content-max-width) flex-1 group\/turn-messages focus-visible:outline-hidden relative flex w-full min-w-0 flex-col agent-turn\" tabindex=\"-1\">\n<div class=\"flex max-w-full flex-col grow\">\n<div class=\"min-h-8 text-message relative flex w-full flex-col items-end gap-2 text-start break-words whitespace-normal [.text-message+&amp;]:mt-1\" dir=\"auto\" data-message-author-role=\"assistant\" data-message-id=\"88d7b751-0f50-4300-a236-8bca20a0e11f\" data-message-model-slug=\"gpt-5-2\">\n<div class=\"flex w-full flex-col gap-1 empty:hidden first:pt-[1px]\">\n<div class=\"markdown prose dark:prose-invert w-full wrap-break-word light markdown-new-styling\">\n<p data-start=\"5849\" data-end=\"6238\">Mentor Pllana st\u00fctzte seine Ausf\u00fchrungen auf die konkrete Erfahrung seines Unternehmens bei der Zertifizierung von Baukonzepten nach internationalen Standards. Er betonte, dass K\u00fcnstliche Intelligenz im Zentrum von Design, Ingenieurwesen und Zertifizierungsprozessen stehen m\u00fcsse, um den Bau zu beschleunigen und eine gleichbleibende Qualit\u00e4t in unterschiedlichen M\u00e4rkten zu gew\u00e4hrleisten.<\/p>\n<p data-start=\"6240\" data-end=\"6621\">&#8220;Wir verf\u00fcgen \u00fcber einen Hausplan, der nach den Sicherheitsvorgaben des <span class=\"hover:entity-accent entity-underline inline cursor-pointer align-baseline\"><span class=\"whitespace-normal\">International Code Council<\/span><\/span> f\u00fcr den Bundesstaat Texas zertifiziert ist. Das bedeutet, dass wir mit demselben Modell in rund 80 US Bundesstaaten bauen k\u00f6nnen, zertifiziert, ingenieurtechnisch ausgearbeitet und nach internationalen Standards entworfen&#8221;, erkl\u00e4rte <span class=\"hover:entity-accent entity-underline inline cursor-pointer align-baseline\"><span class=\"whitespace-normal\">Mentor Pllana<\/span><\/span>.<\/p>\n<p data-start=\"6623\" data-end=\"6838\">Er f\u00fcgte hinzu, dass sich Europa und die USA zunehmend in Richtung Industrialisierung des Bauwesens bewegen, weg von traditionellen Baustellen hin zu automatisierten Fabriken und robotergest\u00fctzten Produktionslinien.<\/p>\n<p data-start=\"6840\" data-end=\"7085\">&#8220;Off Site Bau ist die Zukunft. Heute gibt es robotische Linien, die Paneele in wenigen Minuten produzieren. Dieser Prozess ist nicht mehr nur menschliche Arbeit, sondern eine Zusammenarbeit von Frauen, M\u00e4nnern und Robotern zugleich&#8221;, betonte er.<\/p>\n<p data-start=\"7087\" data-end=\"7227\">In seiner Rede hob Pllana zudem die Bezahlbarkeit von Wohnraum als eines der gr\u00f6\u00dften sozialen und wirtschaftlichen Probleme weltweit hervor.<\/p>\n<p data-start=\"7229\" data-end=\"7630\">&#8220;Die Wohnraumkrise ist nicht nur ein Problem des Kosovo oder Europas. Sie ist global. Und die Bezahlbarkeit ist die gr\u00f6\u00dfte Herausforderung. Wir m\u00fcssen unsere Art zu entwerfen und zu bauen \u00e4ndern und von H\u00e4usern, die 500 Euro pro Jahr f\u00fcr Heizung oder K\u00fchlung kosten, zu H\u00e4usern \u00fcbergehen, die nur 100 Euro kosten. Nur so wird Wohnen bezahlbar, zug\u00e4nglich und in gro\u00dfem Ma\u00dfstab realisierbar&#8221;, sagte er.<\/p>\n<p data-start=\"7632\" data-end=\"7801\">Mit Blick auf konkrete Entwicklungen im Kosovo unterstrich Pllana, dass sein Unternehmen nicht nur Wohngeb\u00e4ude errichten wolle, sondern ein Innovations\u00f6kosystem aufbaue.<\/p>\n<p data-start=\"7803\" data-end=\"8100\">&#8220;Wir sind nicht die gr\u00f6\u00dften Bauherren im Kosovo, aber wir wollen zu den qualitativ besten geh\u00f6ren. Derzeit errichten wir zwei Wohnt\u00fcrme und schaffen parallel einen Innovation Hub, der die gesamte Wertsch\u00f6pfungskette umfasst: Zertifizierung, Beschaffung, Distribution und Marktzugang&#8221;, erkl\u00e4rte er.<\/p>\n<p data-start=\"8102\" data-end=\"8258\">Nach seinen Worten er\u00f6ffnet dieses Modell neue Perspektiven f\u00fcr kosovarische Hersteller und f\u00fcr den Export von Bauprodukten auf gro\u00dfe internationale M\u00e4rkte.<\/p>\n<p data-start=\"8260\" data-end=\"8540\">&#8220;Wenn ein Fensterhersteller im Kosovo f\u00fcr ein Haus produziert, das zu 100 Prozent den texanischen Bauvorschriften entspricht, dann kann dieses Produkt auf dem gesamten Markt von Texas verkauft werden. Wir sprechen von einer der gr\u00f6\u00dften Volkswirtschaften der Welt&#8221;, betonte Pllana.<\/p>\n<p data-start=\"8542\" data-end=\"8833\">Die finanzielle und institutionelle Dimension dieses Wandels wurde von <span class=\"hover:entity-accent entity-underline inline cursor-pointer align-baseline\"><span class=\"whitespace-normal\">Ertion Axha<\/span><\/span>, COO der <span class=\"hover:entity-accent entity-underline inline cursor-pointer align-baseline\"><span class=\"whitespace-normal\">Lika Holding AG<\/span><\/span>, hervorgehoben. Er unterstrich, dass K\u00fcnstliche Intelligenz ohne Vertrauen der Finanzm\u00e4rkte und ohne Datentransparenz keinen Wert habe.<\/p>\n<p data-start=\"8835\" data-end=\"9091\">&#8220;K\u00fcnstliche Intelligenz ist nicht nur ein technologisches Werkzeug, sondern eine neue Sprache der Kommunikation zwischen Entwicklern, Institutionen und Investoren. Ohne strukturierte Daten und gemeinsame Standards kann es kein Vertrauen geben&#8221;, sagte Axha.<\/p>\n<p data-start=\"9093\" data-end=\"9264\">Er wies darauf hin, dass eine der gr\u00f6\u00dften Herausforderungen in Europa die Stadtplanung und die tats\u00e4chliche Verteilung von Bauprojekten dort sei, wo realer Bedarf bestehe.<\/p>\n<p data-start=\"9266\" data-end=\"9490\">&#8220;Wir haben keinen Mangel an Geb\u00e4uden, sondern einen Mangel an Bau dort, wo er tats\u00e4chlich gebraucht wird. Hier kann K\u00fcnstliche Intelligenz helfen, Bev\u00f6lkerungsbewegungen und den realen Wohnbedarf vorherzusagen\u201c, erkl\u00e4rte er.<\/p>\n<p data-start=\"9492\" data-end=\"9624\">Laut Axha wirken sich langwierige Planungs und Genehmigungsverfahren direkt auf steigende Kosten f\u00fcr die B\u00fcrgerinnen und B\u00fcrger aus.<\/p>\n<p data-start=\"9626\" data-end=\"9877\">\u201eWenn sich ein Projekt in den Genehmigungsverfahren verz\u00f6gert, wird es automatisch teurer f\u00fcr die Menschen. Die Beschleunigung dieser Prozesse durch digitale Systeme ist eine Frage der sozialen Bezahlbarkeit und nicht nur der Technologie&#8221;, betonte er.<\/p>\n<p data-start=\"9879\" data-end=\"9982\">Axha erg\u00e4nzte, dass Banken und Investmentfonds erprobte Modelle und vollst\u00e4ndige Transparenz verlangen.<\/p>\n<p data-start=\"9984\" data-end=\"10179\">&#8220;Banken und Investmentfonds finanzieren keine Ideen, sondern bew\u00e4hrte Modelle. K\u00fcnstliche Intelligenz hilft uns, Erfolge zu dokumentieren, Risiken zu messen und Transparenz zu schaffen&#8221;, so Axha.<\/p>\n<p data-start=\"10181\" data-end=\"10316\">Abschlie\u00dfend hob er die Notwendigkeit einer Koordination zwischen \u00f6ffentlichem Sektor, Privatwirtschaft und Finanzinstitutionen hervor.<\/p>\n<p data-start=\"10318\" data-end=\"10547\">&#8220;Intelligentes Bauen erfordert nicht nur Technologie, sondern auch Koordination zwischen zentraler Planung, Privatsektor und Finanzinstitutionen. Nur so entsteht ein nachhaltiger Markt f\u00fcr den Wohnraum der Zukunft&#8221;, schloss Axha.<\/p>\n<p data-start=\"10549\" data-end=\"10842\">Die Teilnahme des Kosovo an diesem Panel wurde als deutlicher Wandel in der internationalen Positionierung des Landes interpretiert: vom blo\u00dfen Pr\u00e4sentieren von Potenzial hin zum Anbieten konkreter L\u00f6sungen f\u00fcr globale Herausforderungen wie Wohnraum, Urbanisierung und nachhaltige Entwicklung.<\/p>\n<p data-start=\"10844\" data-end=\"11125\">In <span class=\"hover:entity-accent entity-underline inline cursor-pointer align-baseline\"><span class=\"whitespace-normal\">Davos<\/span><\/span> pr\u00e4sentierte sich der Kosovo als Partner mit Ideen, praxisnahen Modellen und realer Erfahrung und zeigte damit, dass K\u00fcnstliche Intelligenz und industrielles Bauen zu Instrumenten der wirtschaftlichen und sozialen Entwicklung werden k\u00f6nnen.<\/p>\n<p data-start=\"11127\" data-end=\"11249\" data-is-last-node=\"\" data-is-only-node=\"\">&#8220;Wir sind ein junger Staat, aber mit gro\u00dfen L\u00f6sungen. Globale Probleme erfordern globale L\u00f6sungen&#8221;, schloss Mentor Pllana.<\/p>\n<\/div>\n<\/div>\n<\/div>\n<\/div>\n<\/div>\n<\/div>\n<\/article>\n<article class=\"text-token-text-primary w-full focus:outline-none [--shadow-height:45px] has-data-writing-block:pointer-events-none has-data-writing-block:-mt-(--shadow-height) has-data-writing-block:pt-(--shadow-height) [&amp;:has([data-writing-block])&gt;*]:pointer-events-auto scroll-mt-(--header-height)\" dir=\"auto\" tabindex=\"-1\" data-turn-id=\"396415bb-6f08-427e-beb0-3272845c219b\" data-testid=\"conversation-turn-37\" data-scroll-anchor=\"false\" data-turn=\"user\"><\/article>\n<p><iframe loading=\"lazy\" style=\"border: none; overflow: hidden;\" src=\"https:\/\/www.facebook.com\/plugins\/post.php?href=https%3A%2F%2Fwww.facebook.com%2Fpermalink.php%3Fstory_fbid%3Dpfbid02CdkXJDmt1RicHNT4oX5MLKeJAcscv828LrGeKxkuc9VbgDReJGc62sfBmXUCqiFKl%26id%3D61569521087454&amp;show_text=true&amp;width=500\" width=\"500\" height=\"639\" frameborder=\"0\" scrolling=\"no\" allowfullscreen=\"allowfullscreen\" data-mce-fragment=\"1\"><\/iframe><\/p>\n<p data-start=\"883\" data-end=\"1176\">Diese sowie weitere Fragen rund um K\u00fcnstliche Intelligenz wurden im Rahmen der Plattform <span class=\"hover:entity-accent entity-underline inline cursor-pointer align-baseline\"><span class=\"whitespace-normal\">House of Kosova<\/span><\/span> beim <span class=\"hover:entity-accent entity-underline inline cursor-pointer align-baseline\"><span class=\"whitespace-normal\">World Economic Forum<\/span><\/span> im Panel mit dem Titel &#8220;Wie Europa im Wettbewerb der K\u00fcnstlichen Intelligenz durch Spezialisierung konkurriert&#8221; diskutiert.<\/p>\n<p data-start=\"1178\" data-end=\"1698\" data-is-last-node=\"\" data-is-only-node=\"\">Das Panel wurde von Taria Stephens, CEO und Mitgr\u00fcnderin von Infiqe, moderiert und brachte internationale Expertinnen und Experten aus den Bereichen Technologie, Bauwesen und Stadtplanung zusammen: Sandy Kurth, CEO von Forma Systems und MIT Doktorandin im Bereich Design and Computation, Dimitri Papalexopoulos, Vorsitzender der TITAN Group, Alice Charles, globale Expertin f\u00fcr nachhaltige Stadtplanung, urbane Erneuerung und Stadtgestaltung, Mentor Plana, CEO von Instabuilt, sowie Ertion Axha, COO der Lika Holding AG.<\/p>\n<p><iframe loading=\"lazy\" style=\"border: none; overflow: hidden;\" src=\"https:\/\/www.facebook.com\/plugins\/video.php?height=316&amp;href=https%3A%2F%2Fwww.facebook.com%2Freel%2F4470641869889321%2F&amp;show_text=false&amp;width=560&amp;t=0\" width=\"560\" height=\"316\" frameborder=\"0\" scrolling=\"no\" allowfullscreen=\"allowfullscreen\" data-mce-fragment=\"1\"><\/iframe><\/p>\n<p data-start=\"443\" data-end=\"809\"><span class=\"hover:entity-accent entity-underline inline cursor-pointer align-baseline\"><span class=\"whitespace-normal\">House of Kosova<\/span><\/span> in <span class=\"hover:entity-accent entity-underline inline cursor-pointer align-baseline\"><span class=\"whitespace-normal\">Davos<\/span><\/span> etabliert sich zunehmend als diplomatische und wirtschaftliche Plattform, auf der sich der <span class=\"hover:entity-accent entity-underline inline cursor-pointer align-baseline\"><span class=\"whitespace-normal\">Kosovo<\/span><\/span> nicht nur pr\u00e4sentiert, sondern aktiv zum globalen Dialog \u00fcber die Zukunft der Technologie, des intelligenten Bauens und der nachhaltigen Entwicklung beitr\u00e4gt.<\/p>\n<p data-start=\"811\" data-end=\"841\" data-is-last-node=\"\" data-is-only-node=\"\">F\u00fcr albinfo.ch Luljeta Ademi<\/p>\n<p>&nbsp;<\/p>\n","protected":false},"excerpt":{"rendered":"<p>Die Teilnahme des Kosovo am World Economic Forum \u00fcber die Plattform House of Kosova nimmt zunehmend die Form einer aktiven wirtschaftlichen und technologischen Diplomatie an. Im Panel &#8221; Wie Europa im Wettbewerb der K\u00fcnstlichen Intelligenz durch Spezialisierung konkurriert &#8221; pr\u00e4sentierte sich Kosovo nicht nur als symbolischer Teilnehmer, sondern als Land, das konkrete L\u00f6sungen f\u00fcr globale [&hellip;]<\/p>\n","protected":false},"author":6,"featured_media":895823,"comment_status":"closed","ping_status":"closed","sticky":false,"template":"","format":"standard","meta":{"footnotes":""},"categories":[33056,23263,24636,1130,3952,23269,3981,8182,11228,23262,24621,24635,1129,1133],"tags":[],"vendi":[],"content_country":[],"class_list":["post-896045","post","type-post","status-publish","format-standard","has-post-thumbnail","hentry","category-de-balkani-de","category-kosova-de-2","category-nachrichten-de-4","category-aktuell","category-kosova-de","category-news","category-unternehmen-cat","category-finances","category-ekonomi-de","category-at-balkani-de","category-kosova-de-3","category-nachrichten-de-3","category-ch-balkan","category-e-diaspora-de"],"acf":[],"_links":{"self":[{"href":"https:\/\/www.albinfo.ch\/de\/wp-json\/wp\/v2\/posts\/896045","targetHints":{"allow":["GET"]}}],"collection":[{"href":"https:\/\/www.albinfo.ch\/de\/wp-json\/wp\/v2\/posts"}],"about":[{"href":"https:\/\/www.albinfo.ch\/de\/wp-json\/wp\/v2\/types\/post"}],"author":[{"embeddable":true,"href":"https:\/\/www.albinfo.ch\/de\/wp-json\/wp\/v2\/users\/6"}],"replies":[{"embeddable":true,"href":"https:\/\/www.albinfo.ch\/de\/wp-json\/wp\/v2\/comments?post=896045"}],"version-history":[{"count":1,"href":"https:\/\/www.albinfo.ch\/de\/wp-json\/wp\/v2\/posts\/896045\/revisions"}],"predecessor-version":[{"id":896046,"href":"https:\/\/www.albinfo.ch\/de\/wp-json\/wp\/v2\/posts\/896045\/revisions\/896046"}],"wp:featuredmedia":[{"embeddable":true,"href":"https:\/\/www.albinfo.ch\/de\/wp-json\/wp\/v2\/media\/895823"}],"wp:attachment":[{"href":"https:\/\/www.albinfo.ch\/de\/wp-json\/wp\/v2\/media?parent=896045"}],"wp:term":[{"taxonomy":"category","embeddable":true,"href":"https:\/\/www.albinfo.ch\/de\/wp-json\/wp\/v2\/categories?post=896045"},{"taxonomy":"post_tag","embeddable":true,"href":"https:\/\/www.albinfo.ch\/de\/wp-json\/wp\/v2\/tags?post=896045"},{"taxonomy":"vendi","embeddable":true,"href":"https:\/\/www.albinfo.ch\/de\/wp-json\/wp\/v2\/vendi?post=896045"},{"taxonomy":"content_country","embeddable":true,"href":"https:\/\/www.albinfo.ch\/de\/wp-json\/wp\/v2\/content_country?post=896045"}],"curies":[{"name":"wp","href":"https:\/\/api.w.org\/{rel}","templated":true}]}}