{"id":896218,"date":"2026-01-28T12:33:51","date_gmt":"2026-01-28T11:33:51","guid":{"rendered":"https:\/\/www.albinfo.ch\/?p=896218"},"modified":"2026-01-28T16:18:26","modified_gmt":"2026-01-28T15:18:26","slug":"shqiptarja-nga-diaspora-drejt-olimpiades-dimerore-2026-me-flamurin-kuqezi","status":"publish","type":"post","link":"https:\/\/www.albinfo.ch\/de\/shqiptarja-nga-diaspora-drejt-olimpiades-dimerore-2026-me-flamurin-kuqezi\/","title":{"rendered":"Eine Albanerin aus der Diaspora auf dem Weg zu den Olympischen Winterspielen 2026 mit der rot schwarzen Flagge"},"content":{"rendered":"<p data-start=\"1712\" data-end=\"2092\"><span class=\"hover:entity-accent entity-underline inline cursor-pointer align-baseline\"><span class=\"whitespace-normal\">Lisa Brunga<\/span><\/span>, die albanische Skifahrerin, die in <span class=\"hover:entity-accent entity-underline inline cursor-pointer align-baseline\"><span class=\"whitespace-normal\">Toronto<\/span><\/span> in <span class=\"hover:entity-accent entity-underline inline cursor-pointer align-baseline\"><span class=\"whitespace-normal\">Kanada<\/span><\/span> lebt und trainiert, steht kurz davor, einen grossen Traum zu verwirklichen: die Teilnahme an den Olympischen Winterspielen <span class=\"hover:entity-accent entity-underline inline cursor-pointer align-baseline\"><span class=\"whitespace-normal\">Milano Cortina 2026<\/span><\/span>, wo sie Albanien mit Stolz vertreten m\u00f6chte, berichtet albinfo.ch.<\/p>\n<p data-start=\"2094\" data-end=\"2262\">Die olympischen Wettbewerbe sollen am 22. Februar 2026 stattfinden, ein historischer Moment nicht nur f\u00fcr die Sportlerin selbst, sondern auch f\u00fcr den albanischen Sport.<\/p>\n<p data-start=\"2264\" data-end=\"2687\">Mit Hingabe, Disziplin und aussergew\u00f6hnlicher Leidenschaft f\u00fcr den Skisport hat Lisa Brunga einen Weg eingeschlagen, der das Talent und den starken Willen albanischer Athletinnen und Athleten auf internationaler Ebene widerspiegelt. Intensive Trainings und kontinuierliches Engagement haben sie ihrem Ziel immer n\u00e4her gebracht, die rot schwarze Flagge bei einem der renommiertesten Sportereignisse der Welt zu pr\u00e4sentieren.<\/p>\n<p data-start=\"2689\" data-end=\"3216\">\u00dcber ihre sportlichen Erfolge hinaus hat sich Brunga auch durch ihr Engagement f\u00fcr die Entwicklung des Sports in Albanien hervorgetan. Im Dezember 2023 organisierte sie in Toronto einen Benefizabend zur Unterst\u00fctzung des Albanischen Skiverbands, an dem Mitglieder der albanischen Gemeinschaft sowie Vertreter der Wirtschaft teilnahmen. Diese Initiative m\u00fcndete in die \u00dcbergabe eines Schecks \u00fcber 15 000 Dollar, ein wichtiger Beitrag zur F\u00f6rderung des Skisports und zur Unterst\u00fctzung junger albanischer Athletinnen und Athleten.<\/p>\n<p data-start=\"3218\" data-end=\"3434\" data-is-last-node=\"\" data-is-only-node=\"\">Lisa Brunga bleibt ein inspirierendes Beispiel f\u00fcr Einsatz, Solidarit\u00e4t und Heimatliebe und zeigt, dass pers\u00f6nlicher Erfolg auch in konkrete Unterst\u00fctzung f\u00fcr Gemeinschaft und albanischen Sport umgesetzt werden kann.\/Albinfo.ch<\/p>\n<p><img loading=\"lazy\" decoding=\"async\" class=\"alignnone wp-image-895779\" src=\"https:\/\/www.albinfo.ch\/wp-content\/uploads\/2026\/01\/img_6581.jpeg\" alt=\"\" width=\"500\" height=\"500\" srcset=\"https:\/\/www.albinfo.ch\/wp-content\/uploads\/2026\/01\/img_6581.jpeg 960w, https:\/\/www.albinfo.ch\/wp-content\/uploads\/2026\/01\/img_6581-300x300.jpeg 300w, https:\/\/www.albinfo.ch\/wp-content\/uploads\/2026\/01\/img_6581-150x150.jpeg 150w, https:\/\/www.albinfo.ch\/wp-content\/uploads\/2026\/01\/img_6581-768x768.jpeg 768w, https:\/\/www.albinfo.ch\/wp-content\/uploads\/2026\/01\/img_6581-396x396.jpeg 396w, https:\/\/www.albinfo.ch\/wp-content\/uploads\/2026\/01\/img_6581-280x280.jpeg 280w, https:\/\/www.albinfo.ch\/wp-content\/uploads\/2026\/01\/img_6581-100x100.jpeg 100w, https:\/\/www.albinfo.ch\/wp-content\/uploads\/2026\/01\/img_6581-175x175.jpeg 175w\" sizes=\"auto, (max-width: 500px) 100vw, 500px\" \/><\/p>\n","protected":false},"excerpt":{"rendered":"<p>Von Toronto nach Milano Cortina: Die Albanerin Lisa Brunga peilt die Olympischen Winterspiele 2026 an<\/p>\n","protected":false},"author":6,"featured_media":895784,"comment_status":"closed","ping_status":"closed","sticky":false,"template":"","format":"standard","meta":{"footnotes":""},"categories":[24636,24670,1133,1139],"tags":[],"vendi":[],"content_country":[],"class_list":["post-896218","post","type-post","status-publish","format-standard","has-post-thumbnail","hentry","category-nachrichten-de-4","category-martiale-sportarten","category-e-diaspora-de","category-sport"],"acf":[],"_links":{"self":[{"href":"https:\/\/www.albinfo.ch\/de\/wp-json\/wp\/v2\/posts\/896218","targetHints":{"allow":["GET"]}}],"collection":[{"href":"https:\/\/www.albinfo.ch\/de\/wp-json\/wp\/v2\/posts"}],"about":[{"href":"https:\/\/www.albinfo.ch\/de\/wp-json\/wp\/v2\/types\/post"}],"author":[{"embeddable":true,"href":"https:\/\/www.albinfo.ch\/de\/wp-json\/wp\/v2\/users\/6"}],"replies":[{"embeddable":true,"href":"https:\/\/www.albinfo.ch\/de\/wp-json\/wp\/v2\/comments?post=896218"}],"version-history":[{"count":3,"href":"https:\/\/www.albinfo.ch\/de\/wp-json\/wp\/v2\/posts\/896218\/revisions"}],"predecessor-version":[{"id":896221,"href":"https:\/\/www.albinfo.ch\/de\/wp-json\/wp\/v2\/posts\/896218\/revisions\/896221"}],"wp:featuredmedia":[{"embeddable":true,"href":"https:\/\/www.albinfo.ch\/de\/wp-json\/wp\/v2\/media\/895784"}],"wp:attachment":[{"href":"https:\/\/www.albinfo.ch\/de\/wp-json\/wp\/v2\/media?parent=896218"}],"wp:term":[{"taxonomy":"category","embeddable":true,"href":"https:\/\/www.albinfo.ch\/de\/wp-json\/wp\/v2\/categories?post=896218"},{"taxonomy":"post_tag","embeddable":true,"href":"https:\/\/www.albinfo.ch\/de\/wp-json\/wp\/v2\/tags?post=896218"},{"taxonomy":"vendi","embeddable":true,"href":"https:\/\/www.albinfo.ch\/de\/wp-json\/wp\/v2\/vendi?post=896218"},{"taxonomy":"content_country","embeddable":true,"href":"https:\/\/www.albinfo.ch\/de\/wp-json\/wp\/v2\/content_country?post=896218"}],"curies":[{"name":"wp","href":"https:\/\/api.w.org\/{rel}","templated":true}]}}