{"id":896565,"date":"2026-01-29T16:20:38","date_gmt":"2026-01-29T15:20:38","guid":{"rendered":"https:\/\/www.albinfo.ch\/?p=896565"},"modified":"2026-01-29T21:54:09","modified_gmt":"2026-01-29T20:54:09","slug":"50-me-lire-vitin-e-pare-safety-home-me-oferte-per-sigurimin-e-pronave-te-mergimtareve-ne-kosove","status":"publish","type":"post","link":"https:\/\/www.albinfo.ch\/de\/50-me-lire-vitin-e-pare-safety-home-me-oferte-per-sigurimin-e-pronave-te-mergimtareve-ne-kosove\/","title":{"rendered":"50% m\u00eb lir\u00eb vitin e par\u00eb: Safety Home me ofert\u00eb p\u00ebr sigurimin e pronave t\u00eb m\u00ebrgimtar\u00ebve n\u00eb Kosov\u00eb"},"content":{"rendered":"<p>Safety Home, platforma zvicerane e specializuar n\u00eb sigurimin e pronave n\u00eb Kosov\u00eb, ka lansuar nj\u00eb ofert\u00eb festive p\u00ebr diaspor\u00ebn shqiptare, duke ofruar 50% zbritje n\u00eb vitin e par\u00eb t\u00eb sigurimit.<\/p>\n<p>Me standarde zvicerane t\u00eb siguris\u00eb dhe nj\u00eb model modern 100% digjital, Safety Home u mund\u00ebson m\u00ebrgimtar\u00ebve q\u00eb gjat\u00eb k\u00ebsaj periudhe festive t\u00eb sigurojn\u00eb sht\u00ebpit\u00eb dhe investimet e tyre n\u00eb Kosov\u00eb me kushte shum\u00eb m\u00eb t\u00eb favorshme, duke hyr\u00eb n\u00eb vitin 2026 me m\u00eb shum\u00eb qet\u00ebsi dhe siguri.<\/p>\n<p>Kjo ofert\u00eb \u00ebsht\u00eb ideale p\u00ebr t\u00eb gjith\u00eb ata q\u00eb d\u00ebshirojn\u00eb:<\/p>\n<p>t\u00eb mbrojn\u00eb pron\u00ebn e tyre nga rreziqe si zjarri, d\u00ebmtimet nga uji, fatkeq\u00ebsit\u00eb natyrore dhe rreziqe t\u00eb tjera<\/p>\n<p>t\u00eb ken\u00eb siguri dhe qet\u00ebsi mendore gjat\u00eb gjith\u00eb vitit<\/p>\n<p>t\u00eb p\u00ebrfitojn\u00eb nga nj\u00eb platform\u00eb e besueshme, e nd\u00ebrtuar posa\u00e7\u00ebrisht p\u00ebr nevojat e diaspor\u00ebs<\/p>\n<p>t\u00eb marrin nj\u00eb bonus udh\u00ebtimi si vler\u00eb shtes\u00eb p\u00ebr besnik\u00ebrin\u00eb e tyre<\/p>\n<p>Oferta festive e fundvitit vlen p\u00ebr nj\u00eb periudh\u00eb t\u00eb kufizuar deri m\u00eb eri m\u00eb 06.02.2026<\/p>\n<p>dhe synon t\u00eb motivoj\u00eb sa m\u00eb shum\u00eb familje shqiptare q\u00eb ta nisin vitin 2026 me 50% m\u00eb pak kosto dhe m\u00eb shum\u00eb siguri p\u00ebr pronat e tyre n\u00eb Kosov\u00eb.<\/p>\n<p>Mos e lini p\u00ebr nes\u00ebr at\u00eb q\u00eb mund ta siguroni sot,\u00a0 p\u00ebrfitoni nga zbritja 50% e vitit t\u00eb par\u00eb nga Safety Home dhe perfitoni nga mbrojtja maksimale p\u00ebr pasurin\u00eb tuaj n\u00eb Kosov\u00eb.<\/p>\n<p>K\u00ebtu i gjeni ofertat:<br \/>\n<a href=\"https:\/\/safetyhome.ch\/al\">safetyhome.ch<\/a><\/p>\n<blockquote class=\"wp-embedded-content\" data-secret=\"h3uooCK58z\"><p><a href=\"https:\/\/www.albinfo.ch\/safety-home-gmbh-platforma-zvicerane-per-sigurim-te-pronave-ne-kosove\/\">Safety Home GmbH, platforma zvicerane p\u00ebr sigurim t\u00eb pronave n\u00eb Kosov\u00eb<\/a><\/p><\/blockquote>\n<p><iframe loading=\"lazy\" class=\"wp-embedded-content\" sandbox=\"allow-scripts\" security=\"restricted\" style=\"position: absolute; visibility: hidden;\" title=\"&#8220;Safety Home GmbH, platforma zvicerane p\u00ebr sigurim t\u00eb pronave n\u00eb Kosov\u00eb&#8221; &#8212; Albinfo\" src=\"https:\/\/www.albinfo.ch\/safety-home-gmbh-platforma-zvicerane-per-sigurim-te-pronave-ne-kosove\/embed\/#?secret=nbuwaDnll4#?secret=h3uooCK58z\" data-secret=\"h3uooCK58z\" width=\"587\" height=\"331\" frameborder=\"0\" marginwidth=\"0\" marginheight=\"0\" scrolling=\"no\"><\/iframe><\/p>\n<p>&nbsp;<\/p>\n","protected":false},"excerpt":{"rendered":"<p>Safety Home, platforma zvicerane e specializuar n\u00eb sigurimin e pronave n\u00eb Kosov\u00eb, ka lansuar nj\u00eb ofert\u00eb festive p\u00ebr diaspor\u00ebn shqiptare, duke ofruar 50% zbritje n\u00eb vitin e par\u00eb t\u00eb sigurimit. Me standarde zvicerane t\u00eb siguris\u00eb dhe nj\u00eb model modern 100% digjital, Safety Home u mund\u00ebson m\u00ebrgimtar\u00ebve q\u00eb gjat\u00eb k\u00ebsaj periudhe festive t\u00eb sigurojn\u00eb sht\u00ebpit\u00eb dhe [&hellip;]<\/p>\n","protected":false},"author":6,"featured_media":896393,"comment_status":"closed","ping_status":"closed","sticky":false,"template":"","format":"standard","meta":{"footnotes":""},"categories":[34915,3981,8182,11228,1140],"tags":[],"vendi":[],"content_country":[],"class_list":["post-896565","post","type-post","status-publish","format-standard","has-post-thumbnail","hentry","category-marketing-jeta-ne-zvicer-de","category-unternehmen-cat","category-finances","category-ekonomi-de","category-leben-in-der-schweiz"],"acf":[],"_links":{"self":[{"href":"https:\/\/www.albinfo.ch\/de\/wp-json\/wp\/v2\/posts\/896565","targetHints":{"allow":["GET"]}}],"collection":[{"href":"https:\/\/www.albinfo.ch\/de\/wp-json\/wp\/v2\/posts"}],"about":[{"href":"https:\/\/www.albinfo.ch\/de\/wp-json\/wp\/v2\/types\/post"}],"author":[{"embeddable":true,"href":"https:\/\/www.albinfo.ch\/de\/wp-json\/wp\/v2\/users\/6"}],"replies":[{"embeddable":true,"href":"https:\/\/www.albinfo.ch\/de\/wp-json\/wp\/v2\/comments?post=896565"}],"version-history":[{"count":1,"href":"https:\/\/www.albinfo.ch\/de\/wp-json\/wp\/v2\/posts\/896565\/revisions"}],"predecessor-version":[{"id":896566,"href":"https:\/\/www.albinfo.ch\/de\/wp-json\/wp\/v2\/posts\/896565\/revisions\/896566"}],"wp:featuredmedia":[{"embeddable":true,"href":"https:\/\/www.albinfo.ch\/de\/wp-json\/wp\/v2\/media\/896393"}],"wp:attachment":[{"href":"https:\/\/www.albinfo.ch\/de\/wp-json\/wp\/v2\/media?parent=896565"}],"wp:term":[{"taxonomy":"category","embeddable":true,"href":"https:\/\/www.albinfo.ch\/de\/wp-json\/wp\/v2\/categories?post=896565"},{"taxonomy":"post_tag","embeddable":true,"href":"https:\/\/www.albinfo.ch\/de\/wp-json\/wp\/v2\/tags?post=896565"},{"taxonomy":"vendi","embeddable":true,"href":"https:\/\/www.albinfo.ch\/de\/wp-json\/wp\/v2\/vendi?post=896565"},{"taxonomy":"content_country","embeddable":true,"href":"https:\/\/www.albinfo.ch\/de\/wp-json\/wp\/v2\/content_country?post=896565"}],"curies":[{"name":"wp","href":"https:\/\/api.w.org\/{rel}","templated":true}]}}