{"id":897242,"date":"2026-02-01T22:16:22","date_gmt":"2026-02-01T21:16:22","guid":{"rendered":"https:\/\/www.albinfo.ch\/?p=897242"},"modified":"2026-02-01T23:02:03","modified_gmt":"2026-02-01T22:02:03","slug":"die-ehemaligen-praesidenten-jahjaga-und-pacolli-werden-in-den-epstein-akten-erwaehnt-beide-bestreiten-jede-verbindung","status":"publish","type":"post","link":"https:\/\/www.albinfo.ch\/de\/die-ehemaligen-praesidenten-jahjaga-und-pacolli-werden-in-den-epstein-akten-erwaehnt-beide-bestreiten-jede-verbindung\/","title":{"rendered":"Die ehemaligen Pr\u00e4sidenten Jahjaga und Pacolli werden in den Epstein Akten erw\u00e4hnt, beide bestreiten jede Verbindung"},"content":{"rendered":"<p data-start=\"623\" data-end=\"1016\">In den vom US-Justizministerium ver\u00f6ffentlichten Dokumenten zum Fall des Finanziers Jeffrey Epstein werden auch zwei ehemalige Pr\u00e4sidenten des Kosovo erw\u00e4hnt: Atifete Jahjaga und Behgjet Pacolli.<br data-start=\"837\" data-end=\"840\" \/>Eine E-Mail aus dem Jahr 2012, versendet von einer Person namens &#8220;Daniel&#8221;, erw\u00e4hnt ein m\u00f6gliches Treffen in New York zwischen Atifete Jahjaga und einer Prinzessin aus Thailand:<\/p>\n<p data-start=\"1018\" data-end=\"1272\" data-is-last-node=\"\" data-is-only-node=\"\">&#8220;Willkommen in Paris,<br data-start=\"1039\" data-end=\"1042\" \/>die Prinzessin aus Thailand wird sich in New York bei den Vereinten Nationen zusammen mit der Pr\u00e4sidentin des Kosovo aufhalten.<br data-start=\"1169\" data-end=\"1172\" \/>Sie w\u00fcrde Sie gerne treffen, falls Sie diese Woche Zeit haben.<br data-start=\"1234\" data-end=\"1237\" \/>Mit freundlichen Gr\u00fc\u00dfen,<br data-start=\"1261\" data-end=\"1264\" \/>Daniel.&#8221;<\/p>\n<p><a href=\"https:\/\/www.albinfo.ch\/wp-content\/uploads\/2026\/02\/screenshot_20260201_203609_onedrive.jpg\"><img loading=\"lazy\" decoding=\"async\" class=\"alignnone size-large wp-image-897210\" src=\"https:\/\/www.albinfo.ch\/wp-content\/uploads\/2026\/02\/screenshot_20260201_203609_onedrive-958x1024.jpg\" alt=\"\" width=\"640\" height=\"684\" srcset=\"https:\/\/www.albinfo.ch\/wp-content\/uploads\/2026\/02\/screenshot_20260201_203609_onedrive-958x1024.jpg 958w, https:\/\/www.albinfo.ch\/wp-content\/uploads\/2026\/02\/screenshot_20260201_203609_onedrive-281x300.jpg 281w, https:\/\/www.albinfo.ch\/wp-content\/uploads\/2026\/02\/screenshot_20260201_203609_onedrive-768x821.jpg 768w, https:\/\/www.albinfo.ch\/wp-content\/uploads\/2026\/02\/screenshot_20260201_203609_onedrive-371x396.jpg 371w, https:\/\/www.albinfo.ch\/wp-content\/uploads\/2026\/02\/screenshot_20260201_203609_onedrive-94x100.jpg 94w, https:\/\/www.albinfo.ch\/wp-content\/uploads\/2026\/02\/screenshot_20260201_203609_onedrive-164x175.jpg 164w, https:\/\/www.albinfo.ch\/wp-content\/uploads\/2026\/02\/screenshot_20260201_203609_onedrive.jpg 1080w\" sizes=\"auto, (max-width: 640px) 100vw, 640px\" \/><\/a><\/p>\n<p data-start=\"1335\" data-end=\"1626\">Es ist nicht klar, ob dieses Treffen jemals stattgefunden hat. Valentina Abazi, Beraterin von Atifete Jahjaga, erkl\u00e4rte gegen\u00fcber KOHA, dass die ehemalige Pr\u00e4sidentin &#8220;ihn niemals getroffen hat, nie ein Treffen mit ihm verlangt hat und auch nicht wusste, wer Epstein war&#8221;.<\/p>\n<p data-start=\"1628\" data-end=\"2054\">In den Dokumenten wird zudem der ehemalige Pr\u00e4sident Behgjet Pacolli in einer weiteren E-Mail mit dem Titel &#8220;Wer ist Behgjet Pacolli?&#8221; erw\u00e4hnt. Pacolli wies jede Verbindung zu Epstein zur\u00fcck und erkl\u00e4rte, dass er &#8220;ihn niemals getroffen, nie mit ihm kommuniziert und sich auch nie auf dessen Anwesen aufgehalten hat&#8221;. Er f\u00fcgte hinzu, dass er von der Existenz Epsteins erst nach der Ver\u00f6ffentlichung der Dokumente erfahren habe.<\/p>\n<p data-start=\"2056\" data-end=\"2358\">Die Akten umfassen rund 3 bis 3,5 Millionen Seiten sowie 2 000 Videos und 180 000 Bilder und legen verschiedene Korrespondenzen im Zusammenhang mit internationalen Reisen und Treffen offen. Das Justizministerium betont, dass einige Informationen zum Schutz der Privatsph\u00e4re der Opfer geschw\u00e4rzt wurden.<\/p>\n<p data-start=\"2360\" data-end=\"2687\" data-is-last-node=\"\" data-is-only-node=\"\">Jeffrey Epstein starb im Jahr 2019 w\u00e4hrend seiner Haft und hinterlie\u00df einen der gr\u00f6\u00dften sexuellen Skandale in den USA und dar\u00fcber hinaus. Die Erw\u00e4hnung der Namen Jahjaga und Pacolli bedeutet keinerlei Beteiligung an kriminellen Aktivit\u00e4ten; sie werden ausschlie\u00dflich im Zusammenhang mit den ver\u00f6ffentlichten Dokumenten genannt.<\/p>\n","protected":false},"excerpt":{"rendered":"<p>In den vom US-Justizministerium ver\u00f6ffentlichten Dokumenten zum Fall des Finanziers Jeffrey Epstein werden auch zwei ehemalige Pr\u00e4sidenten des Kosovo erw\u00e4hnt: Atifete Jahjaga und Behgjet Pacolli.Eine E-Mail aus dem Jahr 2012, versendet von einer Person namens &#8220;Daniel&#8221;, erw\u00e4hnt ein m\u00f6gliches Treffen in New York zwischen Atifete Jahjaga und einer Prinzessin aus Thailand: &#8220;Willkommen in Paris,die Prinzessin [&hellip;]<\/p>\n","protected":false},"author":6,"featured_media":897219,"comment_status":"closed","ping_status":"closed","sticky":false,"template":"","format":"standard","meta":{"footnotes":""},"categories":[33056,23263,1130,23269,23262,24621,24635,1129],"tags":[],"vendi":[],"content_country":[],"class_list":["post-897242","post","type-post","status-publish","format-standard","has-post-thumbnail","hentry","category-de-balkani-de","category-kosova-de-2","category-aktuell","category-news","category-at-balkani-de","category-kosova-de-3","category-nachrichten-de-3","category-ch-balkan"],"acf":[],"_links":{"self":[{"href":"https:\/\/www.albinfo.ch\/de\/wp-json\/wp\/v2\/posts\/897242","targetHints":{"allow":["GET"]}}],"collection":[{"href":"https:\/\/www.albinfo.ch\/de\/wp-json\/wp\/v2\/posts"}],"about":[{"href":"https:\/\/www.albinfo.ch\/de\/wp-json\/wp\/v2\/types\/post"}],"author":[{"embeddable":true,"href":"https:\/\/www.albinfo.ch\/de\/wp-json\/wp\/v2\/users\/6"}],"replies":[{"embeddable":true,"href":"https:\/\/www.albinfo.ch\/de\/wp-json\/wp\/v2\/comments?post=897242"}],"version-history":[{"count":1,"href":"https:\/\/www.albinfo.ch\/de\/wp-json\/wp\/v2\/posts\/897242\/revisions"}],"predecessor-version":[{"id":897243,"href":"https:\/\/www.albinfo.ch\/de\/wp-json\/wp\/v2\/posts\/897242\/revisions\/897243"}],"wp:featuredmedia":[{"embeddable":true,"href":"https:\/\/www.albinfo.ch\/de\/wp-json\/wp\/v2\/media\/897219"}],"wp:attachment":[{"href":"https:\/\/www.albinfo.ch\/de\/wp-json\/wp\/v2\/media?parent=897242"}],"wp:term":[{"taxonomy":"category","embeddable":true,"href":"https:\/\/www.albinfo.ch\/de\/wp-json\/wp\/v2\/categories?post=897242"},{"taxonomy":"post_tag","embeddable":true,"href":"https:\/\/www.albinfo.ch\/de\/wp-json\/wp\/v2\/tags?post=897242"},{"taxonomy":"vendi","embeddable":true,"href":"https:\/\/www.albinfo.ch\/de\/wp-json\/wp\/v2\/vendi?post=897242"},{"taxonomy":"content_country","embeddable":true,"href":"https:\/\/www.albinfo.ch\/de\/wp-json\/wp\/v2\/content_country?post=897242"}],"curies":[{"name":"wp","href":"https:\/\/api.w.org\/{rel}","templated":true}]}}