{"id":897250,"date":"2026-02-01T22:49:39","date_gmt":"2026-02-01T21:49:39","guid":{"rendered":"https:\/\/www.albinfo.ch\/?p=897250"},"modified":"2026-02-01T23:24:45","modified_gmt":"2026-02-01T22:24:45","slug":"rai-calabria-gibt-der-arbereshen-identitaet-durch-dokumentarfilme-eine-stimme","status":"publish","type":"post","link":"https:\/\/www.albinfo.ch\/de\/rai-calabria-gibt-der-arbereshen-identitaet-durch-dokumentarfilme-eine-stimme\/","title":{"rendered":"RAI Calabria gibt der arb\u00ebreshen Identit\u00e4t durch Dokumentarfilme eine Stimme"},"content":{"rendered":"<p data-start=\"988\" data-end=\"1412\">RAI Calabria setzt ihr Engagement f\u00fcr die Dokumentation und F\u00f6rderung des arb\u00ebreshen Kulturerbes in Italien fort. Der italienische \u00f6ffentlich rechtliche Sender, der seit September des vergangenen Jahres Programme in arb\u00ebresher Sprache ausstrahlt, hat ein umfangreiches Archiv von Dokumentarfilmen aufgebaut, die Kultur und Alltag dieser Gemeinschaft widerspiegeln, berichtet Metro, \u00fcbermittelt albinfo.ch.<\/p>\n<p data-start=\"1414\" data-end=\"1608\">Die Dokumentarfilme, die w\u00f6chentlich auf RAI 3 ausgestrahlt werden, besuchen verschiedene arb\u00ebreshe Siedlungen und zeigen den Alltag, die Traditionen und die Identit\u00e4t der Arb\u00ebreshen in Italien.<\/p>\n<p data-start=\"1610\" data-end=\"1819\">RAI Calabria war der erste Fernsehsender, der Sendungen in arb\u00ebresher Sprache startete, nachdem im italienischen Haushalt f\u00fcr das Jahr 2024 Mittel f\u00fcr den \u00f6ffentlich rechtlichen Rundfunk bereitgestellt wurden.<\/p>\n<p data-start=\"1821\" data-end=\"2045\" data-is-last-node=\"\" data-is-only-node=\"\">Die Dokumentarfilmreihe auf Arb\u00ebrisht ist auch auf der digitalen Plattform RAI Play verf\u00fcgbar, wo bereits mehrere Episoden ver\u00f6ffentlicht wurden, die Geschichte, Kultur und Lebensweise der arb\u00ebreshen Gemeinschaft beleuchten.<\/p>\n","protected":false},"excerpt":{"rendered":"<p>RAI Calabria setzt ihr Engagement f\u00fcr die Dokumentation und F\u00f6rderung des arb\u00ebreshen Kulturerbes in Italien fort. Der italienische \u00f6ffentlich rechtliche Sender, der seit September des vergangenen Jahres Programme in arb\u00ebresher Sprache ausstrahlt, hat ein umfangreiches Archiv von Dokumentarfilmen aufgebaut, die Kultur und Alltag dieser Gemeinschaft widerspiegeln, berichtet Metro, \u00fcbermittelt albinfo.ch. Die Dokumentarfilme, die w\u00f6chentlich auf [&hellip;]<\/p>\n","protected":false},"author":6,"featured_media":726434,"comment_status":"closed","ping_status":"closed","sticky":false,"template":"","format":"standard","meta":{"footnotes":""},"categories":[33056,34910,34918,24636,24642,1130,23268,23269,23262,24635,1129,1133],"tags":[],"vendi":[],"content_country":[],"class_list":["post-897250","post","type-post","status-publish","format-standard","has-post-thumbnail","hentry","category-de-balkani-de","category-andere-de-4","category-andere-de-5","category-nachrichten-de-4","category-andere-de-3","category-aktuell","category-andere-de","category-news","category-at-balkani-de","category-nachrichten-de-3","category-ch-balkan","category-e-diaspora-de"],"acf":[],"_links":{"self":[{"href":"https:\/\/www.albinfo.ch\/de\/wp-json\/wp\/v2\/posts\/897250","targetHints":{"allow":["GET"]}}],"collection":[{"href":"https:\/\/www.albinfo.ch\/de\/wp-json\/wp\/v2\/posts"}],"about":[{"href":"https:\/\/www.albinfo.ch\/de\/wp-json\/wp\/v2\/types\/post"}],"author":[{"embeddable":true,"href":"https:\/\/www.albinfo.ch\/de\/wp-json\/wp\/v2\/users\/6"}],"replies":[{"embeddable":true,"href":"https:\/\/www.albinfo.ch\/de\/wp-json\/wp\/v2\/comments?post=897250"}],"version-history":[{"count":1,"href":"https:\/\/www.albinfo.ch\/de\/wp-json\/wp\/v2\/posts\/897250\/revisions"}],"predecessor-version":[{"id":897251,"href":"https:\/\/www.albinfo.ch\/de\/wp-json\/wp\/v2\/posts\/897250\/revisions\/897251"}],"wp:featuredmedia":[{"embeddable":true,"href":"https:\/\/www.albinfo.ch\/de\/wp-json\/wp\/v2\/media\/726434"}],"wp:attachment":[{"href":"https:\/\/www.albinfo.ch\/de\/wp-json\/wp\/v2\/media?parent=897250"}],"wp:term":[{"taxonomy":"category","embeddable":true,"href":"https:\/\/www.albinfo.ch\/de\/wp-json\/wp\/v2\/categories?post=897250"},{"taxonomy":"post_tag","embeddable":true,"href":"https:\/\/www.albinfo.ch\/de\/wp-json\/wp\/v2\/tags?post=897250"},{"taxonomy":"vendi","embeddable":true,"href":"https:\/\/www.albinfo.ch\/de\/wp-json\/wp\/v2\/vendi?post=897250"},{"taxonomy":"content_country","embeddable":true,"href":"https:\/\/www.albinfo.ch\/de\/wp-json\/wp\/v2\/content_country?post=897250"}],"curies":[{"name":"wp","href":"https:\/\/api.w.org\/{rel}","templated":true}]}}