{"id":897269,"date":"2026-02-01T23:35:26","date_gmt":"2026-02-01T22:35:26","guid":{"rendered":"https:\/\/www.albinfo.ch\/?p=897269"},"modified":"2026-02-01T23:54:52","modified_gmt":"2026-02-01T22:54:52","slug":"albanien-nimmt-erstmals-an-den-olympischen-winterspielen-milano-cortina-2026-teil","status":"publish","type":"post","link":"https:\/\/www.albinfo.ch\/de\/albanien-nimmt-erstmals-an-den-olympischen-winterspielen-milano-cortina-2026-teil\/","title":{"rendered":"Albanien nimmt erstmals an den Olympischen Winterspielen Milano Cortina 2026 teil"},"content":{"rendered":"<p data-start=\"871\" data-end=\"1196\">Albanien wird erstmals in seiner Geschichte bei den Olympischen Winterspielen Milano Cortina 2026 vertreten sein und damit einen wichtigen Moment f\u00fcr den nationalen Sport markieren. An diesem Gro\u00dfereignis werden vier albanische Athleten teilnehmen: Laura Colturi, Denni Xhepa, Semire Dauti und Lisa Brunga.<\/p>\n<p data-start=\"1198\" data-end=\"1441\">Besondere Aufmerksamkeit gilt Lisa Brunga, die in Kanada geboren und aufgewachsen ist und durch ihre Ergebnisse und Auftritte auf internationaler Ebene dazu beigetragen hat, Albanien auf der Landkarte des Weltklasse-Skisports zu positionieren.<\/p>\n<p data-start=\"1443\" data-end=\"1742\" data-is-last-node=\"\" data-is-only-node=\"\">Vor der Abreise nach Cortina wurden die albanischen Sportler vom Pr\u00e4sidenten der Republik, Bajram Begaj, empfangen. Er w\u00fcnschte ihnen viel Erfolg und w\u00fcrdigte die Bedeutung dieser Teilnahme als wichtigen Schritt f\u00fcr die Entwicklung der Wintersportarten und die internationale Pr\u00e4sentation Albaniens.<\/p>\n<p><a href=\"https:\/\/www.albinfo.ch\/wp-content\/uploads\/2026\/02\/screenshot_20260201_223924_facebook.jpg\"><img loading=\"lazy\" decoding=\"async\" class=\"alignnone size-large wp-image-897234\" src=\"https:\/\/www.albinfo.ch\/wp-content\/uploads\/2026\/02\/screenshot_20260201_223924_facebook-1024x675.jpg\" alt=\"\" width=\"640\" height=\"422\" srcset=\"https:\/\/www.albinfo.ch\/wp-content\/uploads\/2026\/02\/screenshot_20260201_223924_facebook-1024x675.jpg 1024w, https:\/\/www.albinfo.ch\/wp-content\/uploads\/2026\/02\/screenshot_20260201_223924_facebook-300x198.jpg 300w, https:\/\/www.albinfo.ch\/wp-content\/uploads\/2026\/02\/screenshot_20260201_223924_facebook-768x506.jpg 768w, https:\/\/www.albinfo.ch\/wp-content\/uploads\/2026\/02\/screenshot_20260201_223924_facebook-87x56.jpg 87w, https:\/\/www.albinfo.ch\/wp-content\/uploads\/2026\/02\/screenshot_20260201_223924_facebook-587x387.jpg 587w, https:\/\/www.albinfo.ch\/wp-content\/uploads\/2026\/02\/screenshot_20260201_223924_facebook-152x100.jpg 152w, https:\/\/www.albinfo.ch\/wp-content\/uploads\/2026\/02\/screenshot_20260201_223924_facebook-265x175.jpg 265w, https:\/\/www.albinfo.ch\/wp-content\/uploads\/2026\/02\/screenshot_20260201_223924_facebook.jpg 1080w\" sizes=\"auto, (max-width: 640px) 100vw, 640px\" \/><\/a><\/p>\n<p data-start=\"608\" data-end=\"1014\">Die Teilnahme an Milano Cortina 2026 gilt als Wendepunkt f\u00fcr den albanischen Wintersport, der sich von einer langj\u00e4hrigen Vision zu einem nationalen Programm mit europ\u00e4ischen Standards, Professionalit\u00e4t und langfristigen olympischen Ambitionen entwickelt hat. Dieser Erfolg ist das Ergebnis des Engagements der Athleten und Trainer sowie der institutionellen Unterst\u00fctzung f\u00fcr den Sport.<\/p>\n<p data-start=\"1016\" data-end=\"1204\" data-is-last-node=\"\" data-is-only-node=\"\">Albanien schl\u00e4gt damit ein neues Kapitel seiner Sportgeschichte auf und macht einen wichtigen Schritt in Richtung Konsolidierung und Entwicklung des Wintersports auf internationaler Ebene.<\/p>\n","protected":false},"excerpt":{"rendered":"<p>Albanien wird erstmals in seiner Geschichte bei den Olympischen Winterspielen Milano Cortina 2026 vertreten sein und damit einen wichtigen Moment f\u00fcr den nationalen Sport markieren. An diesem Gro\u00dfereignis werden vier albanische Athleten teilnehmen: Laura Colturi, Denni Xhepa, Semire Dauti und Lisa Brunga. Besondere Aufmerksamkeit gilt Lisa Brunga, die in Kanada geboren und aufgewachsen ist und [&hellip;]<\/p>\n","protected":false},"author":6,"featured_media":897239,"comment_status":"closed","ping_status":"closed","sticky":false,"template":"","format":"standard","meta":{"footnotes":""},"categories":[33056,34910,10649,23264,1130,23269,23262,24622,24635,1129,1139],"tags":[],"vendi":[],"content_country":[],"class_list":["post-897269","post","type-post","status-publish","format-standard","has-post-thumbnail","hentry","category-de-balkani-de","category-andere-de-4","category-albanien","category-albania","category-aktuell","category-news","category-at-balkani-de","category-albanien-de","category-nachrichten-de-3","category-ch-balkan","category-sport"],"acf":[],"_links":{"self":[{"href":"https:\/\/www.albinfo.ch\/de\/wp-json\/wp\/v2\/posts\/897269","targetHints":{"allow":["GET"]}}],"collection":[{"href":"https:\/\/www.albinfo.ch\/de\/wp-json\/wp\/v2\/posts"}],"about":[{"href":"https:\/\/www.albinfo.ch\/de\/wp-json\/wp\/v2\/types\/post"}],"author":[{"embeddable":true,"href":"https:\/\/www.albinfo.ch\/de\/wp-json\/wp\/v2\/users\/6"}],"replies":[{"embeddable":true,"href":"https:\/\/www.albinfo.ch\/de\/wp-json\/wp\/v2\/comments?post=897269"}],"version-history":[{"count":1,"href":"https:\/\/www.albinfo.ch\/de\/wp-json\/wp\/v2\/posts\/897269\/revisions"}],"predecessor-version":[{"id":897270,"href":"https:\/\/www.albinfo.ch\/de\/wp-json\/wp\/v2\/posts\/897269\/revisions\/897270"}],"wp:featuredmedia":[{"embeddable":true,"href":"https:\/\/www.albinfo.ch\/de\/wp-json\/wp\/v2\/media\/897239"}],"wp:attachment":[{"href":"https:\/\/www.albinfo.ch\/de\/wp-json\/wp\/v2\/media?parent=897269"}],"wp:term":[{"taxonomy":"category","embeddable":true,"href":"https:\/\/www.albinfo.ch\/de\/wp-json\/wp\/v2\/categories?post=897269"},{"taxonomy":"post_tag","embeddable":true,"href":"https:\/\/www.albinfo.ch\/de\/wp-json\/wp\/v2\/tags?post=897269"},{"taxonomy":"vendi","embeddable":true,"href":"https:\/\/www.albinfo.ch\/de\/wp-json\/wp\/v2\/vendi?post=897269"},{"taxonomy":"content_country","embeddable":true,"href":"https:\/\/www.albinfo.ch\/de\/wp-json\/wp\/v2\/content_country?post=897269"}],"curies":[{"name":"wp","href":"https:\/\/api.w.org\/{rel}","templated":true}]}}