{"id":906092,"date":"2026-03-06T13:45:28","date_gmt":"2026-03-06T12:45:28","guid":{"rendered":"https:\/\/www.albinfo.ch\/?p=906092"},"modified":"2026-03-06T17:12:43","modified_gmt":"2026-03-06T16:12:43","slug":"die-albanische-schule-7-marsi-wird-in-calcinato-bei-brescia-eroeffnet","status":"publish","type":"post","link":"https:\/\/www.albinfo.ch\/de\/die-albanische-schule-7-marsi-wird-in-calcinato-bei-brescia-eroeffnet\/","title":{"rendered":"Die albanische Schule &#8220;7 Marsi&#8221; wird in Calcinato bei Brescia er\u00f6ffnet"},"content":{"rendered":"<p data-start=\"1731\" data-end=\"2317\">In einem Raum, der von den Unternehmern <span class=\"hover:entity-accent entity-underline inline cursor-pointer align-baseline\"><span class=\"whitespace-normal\">Eduart Cekrezi<\/span><\/span> und <span class=\"hover:entity-accent entity-underline inline cursor-pointer align-baseline\"><span class=\"whitespace-normal\">Dashamir Cekrezi<\/span><\/span> zur Verf\u00fcgung gestellt wurde, hat der Unterricht der albanischen Schule &#8220;7 Marsi&#8221; in <span class=\"hover:entity-accent entity-underline inline cursor-pointer align-baseline\"><span class=\"whitespace-normal\">Calcinato<\/span><\/span> in der Provinz <span class=\"hover:entity-accent entity-underline inline cursor-pointer align-baseline\"><span class=\"whitespace-normal\">Brescia<\/span><\/span> wieder begonnen. Dieses Projekt, unterst\u00fctzt von <span class=\"hover:entity-accent entity-underline inline cursor-pointer align-baseline\"><span class=\"whitespace-normal\">Shoqata Alba<\/span><\/span> und <span class=\"hover:entity-accent entity-underline inline cursor-pointer align-baseline\"><span class=\"whitespace-normal\">Centro Culturale ODA<\/span><\/span>, hat zum Ziel, die albanische Sprache und Identit\u00e4t unter den jungen Mitgliedern der Gemeinschaft zu bewahren und zu f\u00f6rdern, berichtet albinfo.ch.<\/p>\n<p data-start=\"2319\" data-end=\"2851\">Die Er\u00f6ffnungszeremonie begann mit der Einschreibung von 24 Sch\u00fclern, eine Zahl, die das Vertrauen der Eltern sowie das Engagement des Lehrpersonals widerspiegelt, einen professionellen und engagierten Unterricht anzubieten. Die Lehrerinnen <span class=\"hover:entity-accent entity-underline inline cursor-pointer align-baseline\"><span class=\"whitespace-normal\">Landa Gjoni<\/span><\/span> und <span class=\"hover:entity-accent entity-underline inline cursor-pointer align-baseline\"><span class=\"whitespace-normal\">Xhuliana Bardhi<\/span><\/span> wurden f\u00fcr ihre unerm\u00fcdliche Arbeit gew\u00fcrdigt, w\u00e4hrend <span class=\"hover:entity-accent entity-underline inline cursor-pointer align-baseline\"><span class=\"whitespace-normal\">Luljeta Cobanaj<\/span><\/span> die Schulb\u00fccher in Rekordzeit bereitstellte, die von <span class=\"hover:entity-accent entity-underline inline cursor-pointer align-baseline\"><span class=\"whitespace-normal\">Ardit Aliaj<\/span><\/span> geliefert wurden.<\/p>\n<p data-start=\"2853\" data-end=\"3328\">Einen besonderen Beitrag leistete auch der Aktivist <span class=\"hover:entity-accent entity-underline inline cursor-pointer align-baseline\"><span class=\"whitespace-normal\">Petrit Aliaj<\/span><\/span>, der jeden Schritt des Projekts begleitete und organisierte und so dessen erfolgreiche Umsetzung sicherstellte. Die Zeremonie wurde zudem durch die Anwesenheit von <span class=\"hover:entity-accent entity-underline inline cursor-pointer align-baseline\"><span class=\"whitespace-normal\">Anila Berberi<\/span><\/span>, Pr\u00e4sidentin der <span class=\"hover:entity-accent entity-underline inline cursor-pointer align-baseline\"><span class=\"whitespace-normal\">Lidhja e Shkollave Shqipe n\u00eb Itali<\/span><\/span>, geehrt, die aus <span class=\"hover:entity-accent entity-underline inline cursor-pointer align-baseline\"><span class=\"whitespace-normal\">Parma<\/span><\/span> angereist war, um den Beginn des neuen Schuljahres zu begr\u00fc\u00dfen.<\/p>\n<p data-start=\"3330\" data-end=\"3535\" data-is-last-node=\"\" data-is-only-node=\"\">Dieses Projekt soll die Verbindung der jungen Generationen mit der albanischen Kultur und Sprache st\u00e4rken und ein reiches Bildungs und Kulturumfeld im Herzen der albanischen Gemeinschaft in Italien bieten.<\/p>\n","protected":false},"excerpt":{"rendered":"<p>N\u00eb kuad\u00ebr t\u00eb ruajtjes s\u00eb gjuh\u00ebs dhe identitetit shqiptar, rifillon aktiviteti m\u00ebsimor p\u00ebr komunitetin shqiptar n\u00eb Itali.<\/p>\n","protected":false},"author":6,"featured_media":906002,"comment_status":"closed","ping_status":"closed","sticky":false,"template":"","format":"standard","meta":{"footnotes":""},"categories":[1110],"tags":[],"vendi":[],"content_country":[],"class_list":["post-906092","post","type-post","status-publish","format-standard","has-post-thumbnail","hentry","category-unkategorisiert"],"acf":[],"_links":{"self":[{"href":"https:\/\/www.albinfo.ch\/de\/wp-json\/wp\/v2\/posts\/906092","targetHints":{"allow":["GET"]}}],"collection":[{"href":"https:\/\/www.albinfo.ch\/de\/wp-json\/wp\/v2\/posts"}],"about":[{"href":"https:\/\/www.albinfo.ch\/de\/wp-json\/wp\/v2\/types\/post"}],"author":[{"embeddable":true,"href":"https:\/\/www.albinfo.ch\/de\/wp-json\/wp\/v2\/users\/6"}],"replies":[{"embeddable":true,"href":"https:\/\/www.albinfo.ch\/de\/wp-json\/wp\/v2\/comments?post=906092"}],"version-history":[{"count":1,"href":"https:\/\/www.albinfo.ch\/de\/wp-json\/wp\/v2\/posts\/906092\/revisions"}],"predecessor-version":[{"id":906093,"href":"https:\/\/www.albinfo.ch\/de\/wp-json\/wp\/v2\/posts\/906092\/revisions\/906093"}],"wp:featuredmedia":[{"embeddable":true,"href":"https:\/\/www.albinfo.ch\/de\/wp-json\/wp\/v2\/media\/906002"}],"wp:attachment":[{"href":"https:\/\/www.albinfo.ch\/de\/wp-json\/wp\/v2\/media?parent=906092"}],"wp:term":[{"taxonomy":"category","embeddable":true,"href":"https:\/\/www.albinfo.ch\/de\/wp-json\/wp\/v2\/categories?post=906092"},{"taxonomy":"post_tag","embeddable":true,"href":"https:\/\/www.albinfo.ch\/de\/wp-json\/wp\/v2\/tags?post=906092"},{"taxonomy":"vendi","embeddable":true,"href":"https:\/\/www.albinfo.ch\/de\/wp-json\/wp\/v2\/vendi?post=906092"},{"taxonomy":"content_country","embeddable":true,"href":"https:\/\/www.albinfo.ch\/de\/wp-json\/wp\/v2\/content_country?post=906092"}],"curies":[{"name":"wp","href":"https:\/\/api.w.org\/{rel}","templated":true}]}}