{"id":906149,"date":"2026-03-06T14:48:34","date_gmt":"2026-03-06T13:48:34","guid":{"rendered":"https:\/\/www.albinfo.ch\/?p=906149"},"modified":"2026-03-06T23:15:57","modified_gmt":"2026-03-06T22:15:57","slug":"das-verlorene-koenigreich-dardania-der-roman-der-dardanien-wieder-ins-gedaechtnis-ruft","status":"publish","type":"post","link":"https:\/\/www.albinfo.ch\/de\/das-verlorene-koenigreich-dardania-der-roman-der-dardanien-wieder-ins-gedaechtnis-ruft\/","title":{"rendered":"&#8220;Das verlorene K\u00f6nigreich Dardania&#8221;, der Roman, der Dardanien wieder ins Ged\u00e4chtnis ruft"},"content":{"rendered":"<p data-start=\"3153\" data-end=\"3479\">Der historische Roman &#8220;Das verlorene K\u00f6nigreich Dardania&#8221; des Autors <span class=\"hover:entity-accent entity-underline inline cursor-pointer align-baseline\"><span class=\"whitespace-normal\">Bashkim Berisha<\/span><\/span> stellt ein bedeutendes Kapitel der illyrischen Geschichte in den Mittelpunkt und verwandelt <span class=\"hover:entity-accent entity-underline inline cursor-pointer align-baseline\"><span class=\"whitespace-normal\">Dardanien<\/span><\/span> von einem Namen aus alten Chroniken in eine lebendige Erz\u00e4hlung f\u00fcr den modernen Leser.<\/p>\n<p data-start=\"3481\" data-end=\"3900\">Der auf Deutsch geschriebene Roman richtet sich an ein deutschsprachiges Publikum und behandelt die Geschichte Dardaniens nicht nur als Teil der Vergangenheit, sondern auch als einen Bestandteil der Identit\u00e4t, der bis heute nachwirkt. Durch eine Erz\u00e4hlweise, die sich auf historische Quellen st\u00fctzt und von emotionaler Intensit\u00e4t gepr\u00e4gt ist, verbindet der Autor das Schicksal des Einzelnen mit dem Erbe eines Volkes.<\/p>\n<p data-start=\"3902\" data-end=\"4385\">Im Zentrum der Handlung steht Dardanien, eines der wichtigsten Reiche der illyrischen Welt. Der erste Teil des Romans widmet sich der Figur des K\u00f6nigs <span class=\"hover:entity-accent entity-underline inline cursor-pointer align-baseline\"><span class=\"whitespace-normal\">Bardylis<\/span><\/span>, der in der Geschichte f\u00fcr seinen Widerstand gegen <span class=\"hover:entity-accent entity-underline inline cursor-pointer align-baseline\"><span class=\"whitespace-normal\">Makedonien<\/span><\/span> und f\u00fcr seine Bem\u00fchungen um die Vereinigung der illyrischen St\u00e4mme bekannt ist. Unter seiner F\u00fchrung entwickelte sich Dardanien zu einer bedeutenden politischen und milit\u00e4rischen Macht in der Region.<\/p>\n<p data-start=\"4387\" data-end=\"4838\">Nach dem Tod von Bardylis richtet sich die Erz\u00e4hlung auf seinen Sohn <span class=\"hover:entity-accent entity-underline inline cursor-pointer align-baseline\"><span class=\"whitespace-normal\">Pleuratus<\/span><\/span>, der in der Geschichte auch als Kleitos bekannt ist. Noch jung und entschlossen, das Erbe seines Vaters zu bewahren, steht er vor einem fragilen K\u00f6nigreich und zahlreichen Herausforderungen. Neben \u00e4u\u00dferen Feinden muss er auch innere Unsicherheiten, Verluste und pers\u00f6nliche Opfer bew\u00e4ltigen, die mit der Verantwortung der Macht einhergehen.<\/p>\n<p data-start=\"4840\" data-end=\"5235\">Der Roman beschr\u00e4nkt sich jedoch nicht auf die Darstellung von Schlachten und politischen Konflikten. In seinen Seiten entfaltet sich auch eine reichhaltige kulturelle Welt, in der Ehre, verbotene Liebe, Rituale, Lieder und die tiefe Verbundenheit mit dem Land eine besondere Rolle spielen. Dadurch erscheint Dardanien als ein historischer und geistiger Raum, der Zeit und Umst\u00e4nde \u00fcberdauert.<\/p>\n<p data-start=\"5237\" data-end=\"5648\">F\u00fcr albanische Leser, insbesondere f\u00fcr junge Generationen, die in der Diaspora aufwachsen, vermittelt der Roman auch eine klare Botschaft: Geschichte ist nicht nur Erinnerung an die Vergangenheit, sondern auch eine Quelle von Bewusstsein und Identit\u00e4t. Mit dieser Erz\u00e4hlung l\u00e4dt der Autor dazu ein, die Aufmerksamkeit wieder auf die eigenen Wurzeln und auf die Geschichte zu richten, die ein Volk gepr\u00e4gt hat.<\/p>\n<p data-start=\"5650\" data-end=\"5963\"><span class=\"hover:entity-accent entity-underline inline cursor-pointer align-baseline\"><span class=\"whitespace-normal\">Bashkim Berisha<\/span><\/span> lebt und arbeitet in <span class=\"hover:entity-accent entity-underline inline cursor-pointer align-baseline\"><span class=\"whitespace-normal\">Mannheim<\/span><\/span> als Produktmanager. Mit 18 Jahren verlie\u00df er seine Heimat, hat jedoch stets eine starke Verbindung zur albanischen Geschichte und Kultur bewahrt, die auch in diesem ersten literarischen Werk zum Ausdruck kommt.<\/p>\n<p data-start=\"5965\" data-end=\"6237\">Der Roman &#8220;Das verlorene K\u00f6nigreich Dardania&#8221; markiert den Beginn einer literarischen Reihe, die darauf abzielt, die Geschichte Dardaniens wieder st\u00e4rker ins Bewusstsein moderner Leser zu r\u00fccken und eine Br\u00fccke zwischen Vergangenheit und jungen Generationen zu schlagen.<\/p>\n<p data-start=\"6239\" data-end=\"6390\" data-is-last-node=\"\" data-is-only-node=\"\">Das Buch ist ver\u00f6ffentlicht und auf der Plattform <span class=\"hover:entity-accent entity-underline inline cursor-pointer align-baseline\"><span class=\"whitespace-normal\">Amazon<\/span><\/span> in den Formaten Hardcover, Taschenbuch und E Book erh\u00e4ltlich.<\/p>\n<p class=\"p1\"><span class=\"s1\">Der Link: <a href=\"https:\/\/www.amazon.de\/dp\/B0FVLMP5KS?ref=cm_sw_r_ffobk_cso_cp_apin_dp_BD943XZX8X1QRQTCVFG4&amp;ref_=cm_sw_r_ffobk_cso_cp_apin_dp_BD943XZX8X1QRQTCVFG4&amp;social_share=cm_sw_r_ffobk_cso_cp_apin_dp_BD943XZX8X1QRQTCVFG4&amp;bestFormat=true\"><span class=\"s2\">Das verlorene K\u00f6nigreich Dardania: Ein historischer Roman \u00fcber Ehre, Verrat und das Erbe eines Volkes. : Berisha, Bashkim: Amazon.de: Books<\/span><\/a><\/span><\/p>\n<p class=\"p1\"><span class=\"s1\">\u00a0<\/span><\/p>\n","protected":false},"excerpt":{"rendered":"<p>Der historische Roman &#8220;Das verlorene K\u00f6nigreich Dardania&#8221; des Autors Bashkim Berisha stellt ein bedeutendes Kapitel der illyrischen Geschichte in den Mittelpunkt und verwandelt Dardanien von einem Namen aus alten Chroniken in eine lebendige Erz\u00e4hlung f\u00fcr den modernen Leser. Der auf Deutsch geschriebene Roman richtet sich an ein deutschsprachiges Publikum und behandelt die Geschichte Dardaniens nicht [&hellip;]<\/p>\n","protected":false},"author":6,"featured_media":906054,"comment_status":"closed","ping_status":"closed","sticky":false,"template":"","format":"standard","meta":{"footnotes":""},"categories":[24661,24631,1138],"tags":[],"vendi":[],"content_country":[],"class_list":["post-906149","post","type-post","status-publish","format-standard","has-post-thumbnail","hentry","category-literatur","category-nachrichten-de-2","category-kultur"],"acf":[],"_links":{"self":[{"href":"https:\/\/www.albinfo.ch\/de\/wp-json\/wp\/v2\/posts\/906149","targetHints":{"allow":["GET"]}}],"collection":[{"href":"https:\/\/www.albinfo.ch\/de\/wp-json\/wp\/v2\/posts"}],"about":[{"href":"https:\/\/www.albinfo.ch\/de\/wp-json\/wp\/v2\/types\/post"}],"author":[{"embeddable":true,"href":"https:\/\/www.albinfo.ch\/de\/wp-json\/wp\/v2\/users\/6"}],"replies":[{"embeddable":true,"href":"https:\/\/www.albinfo.ch\/de\/wp-json\/wp\/v2\/comments?post=906149"}],"version-history":[{"count":3,"href":"https:\/\/www.albinfo.ch\/de\/wp-json\/wp\/v2\/posts\/906149\/revisions"}],"predecessor-version":[{"id":906152,"href":"https:\/\/www.albinfo.ch\/de\/wp-json\/wp\/v2\/posts\/906149\/revisions\/906152"}],"wp:featuredmedia":[{"embeddable":true,"href":"https:\/\/www.albinfo.ch\/de\/wp-json\/wp\/v2\/media\/906054"}],"wp:attachment":[{"href":"https:\/\/www.albinfo.ch\/de\/wp-json\/wp\/v2\/media?parent=906149"}],"wp:term":[{"taxonomy":"category","embeddable":true,"href":"https:\/\/www.albinfo.ch\/de\/wp-json\/wp\/v2\/categories?post=906149"},{"taxonomy":"post_tag","embeddable":true,"href":"https:\/\/www.albinfo.ch\/de\/wp-json\/wp\/v2\/tags?post=906149"},{"taxonomy":"vendi","embeddable":true,"href":"https:\/\/www.albinfo.ch\/de\/wp-json\/wp\/v2\/vendi?post=906149"},{"taxonomy":"content_country","embeddable":true,"href":"https:\/\/www.albinfo.ch\/de\/wp-json\/wp\/v2\/content_country?post=906149"}],"curies":[{"name":"wp","href":"https:\/\/api.w.org\/{rel}","templated":true}]}}