{"id":906354,"date":"2026-03-07T11:48:54","date_gmt":"2026-03-07T10:48:54","guid":{"rendered":"https:\/\/www.albinfo.ch\/?p=906354"},"modified":"2026-03-07T20:41:55","modified_gmt":"2026-03-07T19:41:55","slug":"vier-schueler-aus-dem-kosovo-qualifizieren-sich-fuer-das-internationale-stem-finale-in-rom","status":"publish","type":"post","link":"https:\/\/www.albinfo.ch\/de\/vier-schueler-aus-dem-kosovo-qualifizieren-sich-fuer-das-internationale-stem-finale-in-rom\/","title":{"rendered":"Vier Sch\u00fcler aus dem Kosovo qualifizieren sich f\u00fcr das internationale STEM Finale in Rom"},"content":{"rendered":"<p data-start=\"1114\" data-end=\"1408\">Vier Sch\u00fcler aus <span class=\"hover:entity-accent entity-underline inline cursor-pointer align-baseline\"><span class=\"whitespace-normal\">Vushtrri<\/span><\/span> haben sich f\u00fcr die Finalphase des internationalen Wettbewerbs f\u00fcr Wissenschaft und Technologie <span class=\"hover:entity-accent entity-underline inline cursor-pointer align-baseline\"><span class=\"whitespace-normal\">STEM Competition<\/span><\/span> qualifiziert, der in <span class=\"hover:entity-accent entity-underline inline cursor-pointer align-baseline\"><span class=\"whitespace-normal\">Rom<\/span><\/span> stattfinden wird, berichtet albinfo.ch.<\/p>\n<p data-start=\"1410\" data-end=\"1789\">Die Sch\u00fcler, die diesen Erfolg erreicht haben, sind <span class=\"hover:entity-accent entity-underline inline cursor-pointer align-baseline\"><span class=\"whitespace-normal\">Arnis Kasumi<\/span><\/span> von der Schule <span class=\"hover:entity-accent entity-underline inline cursor-pointer align-baseline\"><span class=\"whitespace-normal\">SHFMU Migjeni<\/span><\/span>, <span class=\"hover:entity-accent entity-underline inline cursor-pointer align-baseline\"><span class=\"whitespace-normal\">Ibrahim Maloku<\/span><\/span> und <span class=\"hover:entity-accent entity-underline inline cursor-pointer align-baseline\"><span class=\"whitespace-normal\">Eris Azemi<\/span><\/span> von der Schule <span class=\"hover:entity-accent entity-underline inline cursor-pointer align-baseline\"><span class=\"whitespace-normal\">Andon Zako \u00c7ajupi School<\/span><\/span> sowie <span class=\"hover:entity-accent entity-underline inline cursor-pointer align-baseline\"><span class=\"whitespace-normal\">Engj\u00ebll Ibrahimi<\/span><\/span> von <span class=\"hover:entity-accent entity-underline inline cursor-pointer align-baseline\"><span class=\"whitespace-normal\">SHMU 2<\/span><\/span>.<\/p>\n<p data-start=\"1791\" data-end=\"1956\">Ihre Qualifikation erfolgte nach sehr guten Ergebnissen im Auswahlverfahren, wodurch sie zu den Teilnehmern geh\u00f6ren, die auf internationaler Ebene antreten werden.<\/p>\n<p data-start=\"1958\" data-end=\"2193\" data-is-last-node=\"\" data-is-only-node=\"\">Der Wettbewerb wird in Zusammenarbeit mit <span class=\"hover:entity-accent entity-underline inline cursor-pointer align-baseline\"><span class=\"whitespace-normal\">Infinit Center<\/span><\/span> organisiert und die Teilnahme der Sch\u00fcler aus Vushtrri gilt als wichtige Vertretung junger kosovarischer Talente im Bereich Wissenschaft und Technologie.\/Albinfo.ch<\/p>\n","protected":false},"excerpt":{"rendered":"<p>T\u00eb rinjt\u00eb nga shkolla t\u00eb ndryshme t\u00eb qytetit do t\u00eb p\u00ebrfaq\u00ebsojn\u00eb Kosov\u00ebn n\u00eb gar\u00ebn nd\u00ebrkomb\u00ebtare t\u00eb shkenc\u00ebs dhe teknologjis\u00eb<\/p>\n","protected":false},"author":6,"featured_media":906186,"comment_status":"closed","ping_status":"closed","sticky":false,"template":"","format":"standard","meta":{"footnotes":""},"categories":[24636,1130,3952,1129,1133],"tags":[],"vendi":[],"content_country":[],"class_list":["post-906354","post","type-post","status-publish","format-standard","has-post-thumbnail","hentry","category-nachrichten-de-4","category-aktuell","category-kosova-de","category-ch-balkan","category-e-diaspora-de"],"acf":[],"_links":{"self":[{"href":"https:\/\/www.albinfo.ch\/de\/wp-json\/wp\/v2\/posts\/906354","targetHints":{"allow":["GET"]}}],"collection":[{"href":"https:\/\/www.albinfo.ch\/de\/wp-json\/wp\/v2\/posts"}],"about":[{"href":"https:\/\/www.albinfo.ch\/de\/wp-json\/wp\/v2\/types\/post"}],"author":[{"embeddable":true,"href":"https:\/\/www.albinfo.ch\/de\/wp-json\/wp\/v2\/users\/6"}],"replies":[{"embeddable":true,"href":"https:\/\/www.albinfo.ch\/de\/wp-json\/wp\/v2\/comments?post=906354"}],"version-history":[{"count":1,"href":"https:\/\/www.albinfo.ch\/de\/wp-json\/wp\/v2\/posts\/906354\/revisions"}],"predecessor-version":[{"id":906357,"href":"https:\/\/www.albinfo.ch\/de\/wp-json\/wp\/v2\/posts\/906354\/revisions\/906357"}],"wp:featuredmedia":[{"embeddable":true,"href":"https:\/\/www.albinfo.ch\/de\/wp-json\/wp\/v2\/media\/906186"}],"wp:attachment":[{"href":"https:\/\/www.albinfo.ch\/de\/wp-json\/wp\/v2\/media?parent=906354"}],"wp:term":[{"taxonomy":"category","embeddable":true,"href":"https:\/\/www.albinfo.ch\/de\/wp-json\/wp\/v2\/categories?post=906354"},{"taxonomy":"post_tag","embeddable":true,"href":"https:\/\/www.albinfo.ch\/de\/wp-json\/wp\/v2\/tags?post=906354"},{"taxonomy":"vendi","embeddable":true,"href":"https:\/\/www.albinfo.ch\/de\/wp-json\/wp\/v2\/vendi?post=906354"},{"taxonomy":"content_country","embeddable":true,"href":"https:\/\/www.albinfo.ch\/de\/wp-json\/wp\/v2\/content_country?post=906354"}],"curies":[{"name":"wp","href":"https:\/\/api.w.org\/{rel}","templated":true}]}}