{"id":906368,"date":"2026-03-07T12:50:34","date_gmt":"2026-03-07T11:50:34","guid":{"rendered":"https:\/\/www.albinfo.ch\/?p=906368"},"modified":"2026-03-07T20:58:03","modified_gmt":"2026-03-07T19:58:03","slug":"albanian-film-festival-berlin-mbahet-per-here-te-pare-ne-zemer-te-berlinit","status":"publish","type":"post","link":"https:\/\/www.albinfo.ch\/de\/albanian-film-festival-berlin-mbahet-per-here-te-pare-ne-zemer-te-berlinit\/","title":{"rendered":"Das Albanian Film Festival Berlin findet erstmals im Herzen von Berlin statt"},"content":{"rendered":"<p data-start=\"961\" data-end=\"1255\">Zum ersten Mal wird im Zentrum von <span class=\"hover:entity-accent entity-underline inline cursor-pointer align-baseline\"><span class=\"whitespace-normal\">Berlin<\/span><\/span> das <span class=\"hover:entity-accent entity-underline inline cursor-pointer align-baseline\"><span class=\"whitespace-normal\">Albanian Film Festival Berlin<\/span><\/span> stattfinden, eine Veranstaltung, die darauf abzielt, die Geschichten und die Kreativit\u00e4t des albanischen Kinos einem internationalen Publikum vorzustellen, berichtet albinfo.ch.<\/p>\n<p data-start=\"1257\" data-end=\"1619\">Das Festival findet vom 5. bis 9. M\u00e4rz 2026 in den R\u00e4umlichkeiten des <span class=\"hover:entity-accent entity-underline inline cursor-pointer align-baseline\"><span class=\"whitespace-normal\">ACUDkino<\/span><\/span> statt. Dort werden Spielfilme, preisgekr\u00f6nte Titel sowie Sonderprogramme aus dem <span class=\"hover:entity-accent entity-underline inline cursor-pointer align-baseline\"><span class=\"whitespace-normal\">Kosovo<\/span><\/span>, aus <span class=\"hover:entity-accent entity-underline inline cursor-pointer align-baseline\"><span class=\"whitespace-normal\">Albanien<\/span><\/span>, aus <span class=\"hover:entity-accent entity-underline inline cursor-pointer align-baseline\"><span class=\"whitespace-normal\">Nordmazedonien<\/span><\/span> sowie aus der albanischen Diaspora gezeigt.<\/p>\n<p data-start=\"1621\" data-end=\"1895\" data-is-last-node=\"\" data-is-only-node=\"\">Die Organisatoren bezeichnen diese Veranstaltung als mehr als nur ein Filmfestival und beschreiben sie als ein Fest der Kultur, der Identit\u00e4t und des albanischen Kinos, das die Gemeinschaft zusammenbringen und die albanische Filmkunst auf internationaler Ebene f\u00f6rdern soll. \/Albinfo.ch<\/p>\n<p><img loading=\"lazy\" decoding=\"async\" class=\"alignnone wp-image-906189\" src=\"https:\/\/www.albinfo.ch\/wp-content\/uploads\/2026\/03\/img_7776-731x1024.jpeg\" alt=\"\" width=\"500\" height=\"700\" srcset=\"https:\/\/www.albinfo.ch\/wp-content\/uploads\/2026\/03\/img_7776-731x1024.jpeg 731w, https:\/\/www.albinfo.ch\/wp-content\/uploads\/2026\/03\/img_7776-214x300.jpeg 214w, https:\/\/www.albinfo.ch\/wp-content\/uploads\/2026\/03\/img_7776-768x1075.jpeg 768w, https:\/\/www.albinfo.ch\/wp-content\/uploads\/2026\/03\/img_7776-1097x1536.jpeg 1097w, https:\/\/www.albinfo.ch\/wp-content\/uploads\/2026\/03\/img_7776-283x396.jpeg 283w, https:\/\/www.albinfo.ch\/wp-content\/uploads\/2026\/03\/img_7776-71x100.jpeg 71w, https:\/\/www.albinfo.ch\/wp-content\/uploads\/2026\/03\/img_7776-125x175.jpeg 125w, https:\/\/www.albinfo.ch\/wp-content\/uploads\/2026\/03\/img_7776.jpeg 1290w\" sizes=\"auto, (max-width: 500px) 100vw, 500px\" \/><\/p>\n","protected":false},"excerpt":{"rendered":"<p>Festivali do t\u00eb sjell\u00eb n\u00eb Berlin filma t\u00eb vler\u00ebsuar t\u00eb kinemas\u00eb shqiptare nga Kosova, Shqip\u00ebria, Maqedonia e Veriut dhe diaspora<\/p>\n","protected":false},"author":6,"featured_media":906194,"comment_status":"closed","ping_status":"closed","sticky":false,"template":"","format":"standard","meta":{"footnotes":""},"categories":[24636,24659,22804,23121,1133,1138],"tags":[],"vendi":[],"content_country":[],"class_list":["post-906368","post","type-post","status-publish","format-standard","has-post-thumbnail","hentry","category-nachrichten-de-4","category-musik","category-leben-in-deutschland","category-nachrichten-de","category-e-diaspora-de","category-kultur"],"acf":[],"_links":{"self":[{"href":"https:\/\/www.albinfo.ch\/de\/wp-json\/wp\/v2\/posts\/906368","targetHints":{"allow":["GET"]}}],"collection":[{"href":"https:\/\/www.albinfo.ch\/de\/wp-json\/wp\/v2\/posts"}],"about":[{"href":"https:\/\/www.albinfo.ch\/de\/wp-json\/wp\/v2\/types\/post"}],"author":[{"embeddable":true,"href":"https:\/\/www.albinfo.ch\/de\/wp-json\/wp\/v2\/users\/6"}],"replies":[{"embeddable":true,"href":"https:\/\/www.albinfo.ch\/de\/wp-json\/wp\/v2\/comments?post=906368"}],"version-history":[{"count":3,"href":"https:\/\/www.albinfo.ch\/de\/wp-json\/wp\/v2\/posts\/906368\/revisions"}],"predecessor-version":[{"id":906373,"href":"https:\/\/www.albinfo.ch\/de\/wp-json\/wp\/v2\/posts\/906368\/revisions\/906373"}],"wp:featuredmedia":[{"embeddable":true,"href":"https:\/\/www.albinfo.ch\/de\/wp-json\/wp\/v2\/media\/906194"}],"wp:attachment":[{"href":"https:\/\/www.albinfo.ch\/de\/wp-json\/wp\/v2\/media?parent=906368"}],"wp:term":[{"taxonomy":"category","embeddable":true,"href":"https:\/\/www.albinfo.ch\/de\/wp-json\/wp\/v2\/categories?post=906368"},{"taxonomy":"post_tag","embeddable":true,"href":"https:\/\/www.albinfo.ch\/de\/wp-json\/wp\/v2\/tags?post=906368"},{"taxonomy":"vendi","embeddable":true,"href":"https:\/\/www.albinfo.ch\/de\/wp-json\/wp\/v2\/vendi?post=906368"},{"taxonomy":"content_country","embeddable":true,"href":"https:\/\/www.albinfo.ch\/de\/wp-json\/wp\/v2\/content_country?post=906368"}],"curies":[{"name":"wp","href":"https:\/\/api.w.org\/{rel}","templated":true}]}}