{"id":906378,"date":"2026-03-07T13:34:37","date_gmt":"2026-03-07T12:34:37","guid":{"rendered":"https:\/\/www.albinfo.ch\/?p=906378"},"modified":"2026-03-07T21:07:44","modified_gmt":"2026-03-07T20:07:44","slug":"xherdan-shaqiri-lobt-koloton-nach-dem-sieg-des-fc-basel-gegen-fc-lausanne-sport","status":"publish","type":"post","link":"https:\/\/www.albinfo.ch\/de\/xherdan-shaqiri-lobt-koloton-nach-dem-sieg-des-fc-basel-gegen-fc-lausanne-sport\/","title":{"rendered":"Xherdan Shaqiri lobt Koloton nach dem Sieg des FC Basel gegen FC Lausanne-Sport"},"content":{"rendered":"<p data-start=\"1130\" data-end=\"1489\">Der albanischst\u00e4mmige Fussballspieler <span class=\"hover:entity-accent entity-underline inline cursor-pointer align-baseline\"><span class=\"whitespace-normal\">Xherdan Shaqiri<\/span><\/span> hat die Leistung des talentierten St\u00fcrmers <span class=\"hover:entity-accent entity-underline inline cursor-pointer align-baseline\"><span class=\"whitespace-normal\">Giacomo Koloto<\/span><\/span> gelobt, der beim 2:1 Sieg des <span class=\"hover:entity-accent entity-underline inline cursor-pointer align-baseline\"><span class=\"whitespace-normal\">FC Basel<\/span><\/span> gegen <span class=\"hover:entity-accent entity-underline inline cursor-pointer align-baseline\"><span class=\"whitespace-normal\">FC Lausanne-Sport<\/span><\/span> in der <span class=\"hover:entity-accent entity-underline inline cursor-pointer align-baseline\"><span class=\"whitespace-normal\">Swiss Super League<\/span><\/span> entscheidend war, berichtet albinfo.ch.<\/p>\n<p data-start=\"1491\" data-end=\"1619\">Koloto erzielte beide Tore des Spiels und sicherte dem Basler Team drei wichtige Punkte im Kampf um die oberen Tabellenpl\u00e4tze.<\/p>\n<p data-start=\"1621\" data-end=\"1808\">Shaqiri, der in den letzten 20 Minuten der am Sonntag ausgetragenen Partie eingewechselt wurde, betonte, dass die Mannschaft auch ohne ihn auf dem Platz eine gute Leistung gezeigt habe.<\/p>\n<p data-start=\"1810\" data-end=\"2011\">&#8220;Die Mannschaft hat auch ohne mich gut gespielt. Diese drei Punkte sind sehr wichtig f\u00fcr unser Selbstvertrauen&#8221;, sagte Shaqiri gegen\u00fcber der Schweizer Zeitung <span class=\"hover:entity-accent entity-underline inline cursor-pointer align-baseline\"><span class=\"whitespace-normal\">Blick<\/span><\/span>.<\/p>\n<p data-start=\"2013\" data-end=\"2193\" data-is-last-node=\"\" data-is-only-node=\"\">Nach diesem Sieg belegt <span class=\"hover:entity-accent entity-underline inline cursor-pointer align-baseline\"><span class=\"whitespace-normal\">FC Basel<\/span><\/span> mit 43 Punkten den vierten Platz in der Tabelle und bleibt im Rennen um die Pl\u00e4tze f\u00fcr die europ\u00e4ischen Wettbewerbe.\/Albinfo.ch.<\/p>\n","protected":false},"excerpt":{"rendered":"<p>Sulmuesi i ri realizoi dy golat n\u00eb triumfin 2:1, nd\u00ebrsa ylli kosovar theksoi r\u00ebnd\u00ebsin\u00eb e tri pik\u00ebve p\u00ebr vet\u00ebbesimin e skuadr\u00ebs<\/p>\n","protected":false},"author":6,"featured_media":823940,"comment_status":"closed","ping_status":"closed","sticky":false,"template":"","format":"standard","meta":{"footnotes":""},"categories":[4023,24631,1139],"tags":[],"vendi":[],"content_country":[],"class_list":["post-906378","post","type-post","status-publish","format-standard","has-post-thumbnail","hentry","category-futboll-de","category-nachrichten-de-2","category-sport"],"acf":[],"_links":{"self":[{"href":"https:\/\/www.albinfo.ch\/de\/wp-json\/wp\/v2\/posts\/906378","targetHints":{"allow":["GET"]}}],"collection":[{"href":"https:\/\/www.albinfo.ch\/de\/wp-json\/wp\/v2\/posts"}],"about":[{"href":"https:\/\/www.albinfo.ch\/de\/wp-json\/wp\/v2\/types\/post"}],"author":[{"embeddable":true,"href":"https:\/\/www.albinfo.ch\/de\/wp-json\/wp\/v2\/users\/6"}],"replies":[{"embeddable":true,"href":"https:\/\/www.albinfo.ch\/de\/wp-json\/wp\/v2\/comments?post=906378"}],"version-history":[{"count":1,"href":"https:\/\/www.albinfo.ch\/de\/wp-json\/wp\/v2\/posts\/906378\/revisions"}],"predecessor-version":[{"id":906380,"href":"https:\/\/www.albinfo.ch\/de\/wp-json\/wp\/v2\/posts\/906378\/revisions\/906380"}],"wp:featuredmedia":[{"embeddable":true,"href":"https:\/\/www.albinfo.ch\/de\/wp-json\/wp\/v2\/media\/823940"}],"wp:attachment":[{"href":"https:\/\/www.albinfo.ch\/de\/wp-json\/wp\/v2\/media?parent=906378"}],"wp:term":[{"taxonomy":"category","embeddable":true,"href":"https:\/\/www.albinfo.ch\/de\/wp-json\/wp\/v2\/categories?post=906378"},{"taxonomy":"post_tag","embeddable":true,"href":"https:\/\/www.albinfo.ch\/de\/wp-json\/wp\/v2\/tags?post=906378"},{"taxonomy":"vendi","embeddable":true,"href":"https:\/\/www.albinfo.ch\/de\/wp-json\/wp\/v2\/vendi?post=906378"},{"taxonomy":"content_country","embeddable":true,"href":"https:\/\/www.albinfo.ch\/de\/wp-json\/wp\/v2\/content_country?post=906378"}],"curies":[{"name":"wp","href":"https:\/\/api.w.org\/{rel}","templated":true}]}}