{"id":906461,"date":"2026-03-07T16:44:02","date_gmt":"2026-03-07T15:44:02","guid":{"rendered":"https:\/\/www.albinfo.ch\/?p=906461"},"modified":"2026-03-07T23:08:25","modified_gmt":"2026-03-07T22:08:25","slug":"die-juengsten-entwicklungen-im-kosovo-grenell-gott-bereitet-uns-auf-die-rueckkehr-von-thaci-vor","status":"publish","type":"post","link":"https:\/\/www.albinfo.ch\/de\/die-juengsten-entwicklungen-im-kosovo-grenell-gott-bereitet-uns-auf-die-rueckkehr-von-thaci-vor\/","title":{"rendered":"Die j\u00fcngsten Entwicklungen im Kosovo, Grenell: Gott bereitet uns auf die R\u00fcckkehr von Tha\u00e7i vor"},"content":{"rendered":"<p data-start=\"714\" data-end=\"1014\">Der ehemalige Sondergesandte der <span class=\"hover:entity-accent entity-underline inline cursor-pointer align-baseline\"><span class=\"whitespace-normal\">Vereinigte Staaten<\/span><\/span> f\u00fcr den Westbalkan, <span class=\"hover:entity-accent entity-underline inline cursor-pointer align-baseline\"><span class=\"whitespace-normal\">Richard Grenell<\/span><\/span>, hat nach der Aufl\u00f6sung der <span class=\"hover:entity-accent entity-underline inline cursor-pointer align-baseline\"><span class=\"whitespace-normal\">Versammlung des Kosovo<\/span><\/span> und der M\u00f6glichkeit neuer Wahlen im <span class=\"hover:entity-accent entity-underline inline cursor-pointer align-baseline\"><span class=\"whitespace-normal\">Kosovo<\/span><\/span> reagiert, berichtet albinfo.ch.<\/p>\n<p data-start=\"1016\" data-end=\"1245\">In einem Beitrag auf der Plattform <span class=\"hover:entity-accent entity-underline inline cursor-pointer align-baseline\"><span class=\"whitespace-normal\">X<\/span><\/span> bezeichnete Grenell diese Entwicklung als gute Nachricht und erw\u00e4hnte auch den ehemaligen Pr\u00e4sidenten des Kosovo, <span class=\"hover:entity-accent entity-underline inline cursor-pointer align-baseline\"><span class=\"whitespace-normal\">Hashim Tha\u00e7i<\/span><\/span>.<\/p>\n<p data-start=\"1247\" data-end=\"1411\" data-is-last-node=\"\" data-is-only-node=\"\">&#8220;Gro\u00dfartige Nachrichten. Gott bereitet uns alle auf die R\u00fcckkehr von Hashim Tha\u00e7i in den Kosovo vor. Tha\u00e7i als Premierminister&#8221;, schrieb Grenell in seiner Reaktion.<\/p>\n","protected":false},"excerpt":{"rendered":"<p>Ish-emisari amerikan p\u00ebr Ballkanin Per\u00ebndimor p\u00ebrmend mund\u00ebsin\u00eb e rikthimit t\u00eb Hashim Tha\u00e7i n\u00eb politik\u00ebn kosovare<\/p>\n","protected":false},"author":6,"featured_media":906223,"comment_status":"closed","ping_status":"closed","sticky":false,"template":"","format":"standard","meta":{"footnotes":""},"categories":[23263,1130,3952,23269,23262,1129],"tags":[],"vendi":[],"content_country":[],"class_list":["post-906461","post","type-post","status-publish","format-standard","has-post-thumbnail","hentry","category-kosova-de-2","category-aktuell","category-kosova-de","category-news","category-at-balkani-de","category-ch-balkan"],"acf":[],"_links":{"self":[{"href":"https:\/\/www.albinfo.ch\/de\/wp-json\/wp\/v2\/posts\/906461","targetHints":{"allow":["GET"]}}],"collection":[{"href":"https:\/\/www.albinfo.ch\/de\/wp-json\/wp\/v2\/posts"}],"about":[{"href":"https:\/\/www.albinfo.ch\/de\/wp-json\/wp\/v2\/types\/post"}],"author":[{"embeddable":true,"href":"https:\/\/www.albinfo.ch\/de\/wp-json\/wp\/v2\/users\/6"}],"replies":[{"embeddable":true,"href":"https:\/\/www.albinfo.ch\/de\/wp-json\/wp\/v2\/comments?post=906461"}],"version-history":[{"count":1,"href":"https:\/\/www.albinfo.ch\/de\/wp-json\/wp\/v2\/posts\/906461\/revisions"}],"predecessor-version":[{"id":906462,"href":"https:\/\/www.albinfo.ch\/de\/wp-json\/wp\/v2\/posts\/906461\/revisions\/906462"}],"wp:featuredmedia":[{"embeddable":true,"href":"https:\/\/www.albinfo.ch\/de\/wp-json\/wp\/v2\/media\/906223"}],"wp:attachment":[{"href":"https:\/\/www.albinfo.ch\/de\/wp-json\/wp\/v2\/media?parent=906461"}],"wp:term":[{"taxonomy":"category","embeddable":true,"href":"https:\/\/www.albinfo.ch\/de\/wp-json\/wp\/v2\/categories?post=906461"},{"taxonomy":"post_tag","embeddable":true,"href":"https:\/\/www.albinfo.ch\/de\/wp-json\/wp\/v2\/tags?post=906461"},{"taxonomy":"vendi","embeddable":true,"href":"https:\/\/www.albinfo.ch\/de\/wp-json\/wp\/v2\/vendi?post=906461"},{"taxonomy":"content_country","embeddable":true,"href":"https:\/\/www.albinfo.ch\/de\/wp-json\/wp\/v2\/content_country?post=906461"}],"curies":[{"name":"wp","href":"https:\/\/api.w.org\/{rel}","templated":true}]}}