{"id":906610,"date":"2026-03-08T10:19:41","date_gmt":"2026-03-08T09:19:41","guid":{"rendered":"https:\/\/www.albinfo.ch\/?p=906610"},"modified":"2026-03-08T19:14:51","modified_gmt":"2026-03-08T18:14:51","slug":"der-tag-der-ingenieure-an-der-epfl-bringt-albanische-studierende-und-fachleute-in-lausanne-zusammen","status":"publish","type":"post","link":"https:\/\/www.albinfo.ch\/de\/der-tag-der-ingenieure-an-der-epfl-bringt-albanische-studierende-und-fachleute-in-lausanne-zusammen\/","title":{"rendered":"Der Tag der Ingenieure an der EPFL bringt albanische Studierende und Fachleute in Lausanne zusammen"},"content":{"rendered":"<p data-start=\"1284\" data-end=\"1566\">Der Verein <span class=\"hover:entity-accent entity-underline inline cursor-pointer align-baseline\"><span class=\"whitespace-normal\">\u00c9tudiants Albanais de Lausanne<\/span><\/span> hat erfolgreich die Veranstaltung Engineers\u2019 Day 2026 organisiert, einen Abend, der dem Austausch von Erfahrungen und Ideen zwischen albanischen Studierenden und Fachleuten im Bereich Ingenieurwesen gewidmet war, schreibt albinfo.ch.<\/p>\n<p data-start=\"1568\" data-end=\"1908\">Die Veranstaltung fand in den R\u00e4umlichkeiten der <span class=\"hover:entity-accent entity-underline inline cursor-pointer align-baseline\"><span class=\"whitespace-normal\">\u00c9cole Polytechnique F\u00e9d\u00e9rale de Lausanne<\/span><\/span> statt und wurde in Zusammenarbeit mit <span class=\"hover:entity-accent entity-underline inline cursor-pointer align-baseline\"><span class=\"whitespace-normal\">Albanian Engineering of Switzerland<\/span><\/span> organisiert. Das Treffen brachte Studierende, Fachleute und Alumni zusammen und bot Raum f\u00fcr inspirierende Diskussionen, berufliche Ratschl\u00e4ge und den Austausch von Erfahrungen.<\/p>\n<p data-start=\"1910\" data-end=\"2129\">Im Laufe des Abends teilten mehrere ehemalige Studierende der EPFL ihren beruflichen Werdegang, ihre Erfahrungen auf dem Arbeitsmarkt sowie wertvolle Tipps f\u00fcr Studierende, die eine Karriere im Ingenieurwesen anstreben.<\/p>\n<p data-start=\"2131\" data-end=\"2275\">Die Organisatoren dankten allen Teilnehmenden, Studierenden und G\u00e4sten, die zu einer dynamischen und motivierenden Atmosph\u00e4re beigetragen haben.<\/p>\n<p data-start=\"2277\" data-end=\"2564\" data-is-last-node=\"\" data-is-only-node=\"\">Nach Angaben der Organisatoren sollen solche Aktivit\u00e4ten die Verbindungen zwischen albanischen Studierenden in der <span class=\"hover:entity-accent entity-underline inline cursor-pointer align-baseline\"><span class=\"whitespace-normal\">Schweiz<\/span><\/span> und erfolgreichen Fachleuten st\u00e4rken und zugleich M\u00f6glichkeiten f\u00fcr Zusammenarbeit und berufliche Entwicklung in der Zukunft schaffen. \/Albinfo.ch<\/p>\n<p>&nbsp;<\/p>\n<p><img loading=\"lazy\" decoding=\"async\" class=\"\" src=\"https:\/\/scontent.fprn10-1.fna.fbcdn.net\/v\/t51.82787-15\/649218518_18343050682242217_8488978019773691645_n.jpg?stp=dst-jpegr_tt6&amp;_nc_cat=100&amp;ccb=1-7&amp;_nc_sid=13d280&amp;_nc_ohc=xpY5eZZeNbQQ7kNvwGz4GDZ&amp;_nc_oc=Adnn_a2dCVJpUouKEWVsgIZXIA4tIZJvRIYklK1JtBrDVIVwN3H2NfmtW_8tF2Ptz_Y&amp;_nc_zt=23&amp;se=-1&amp;_nc_ht=scontent.fprn10-1.fna&amp;_nc_gid=8G8XioJgRNfef1T02Ngr5A&amp;_nc_ss=8&amp;oh=00_AfymModE5UnrZBzeAr8cz0kNpkKTrfxu5blRK6ezBiCnxg&amp;oe=69B1D504\" alt=\"Mund t\u00eb jet\u00eb nj\u00eb imazh i teksti\" width=\"503\" height=\"407\" \/><\/p>\n<p><img loading=\"lazy\" decoding=\"async\" class=\"\" src=\"https:\/\/scontent.fprn10-1.fna.fbcdn.net\/v\/t51.82787-15\/649227095_18343050673242217_2352582882299206572_n.jpg?_nc_cat=103&amp;ccb=1-7&amp;_nc_sid=13d280&amp;_nc_ohc=IpGAZil1B-QQ7kNvwEcjEL2&amp;_nc_oc=AdkFJ6EsyaTzLChCY0oIJ8zpOE0N1jXBqe9yOG1sldiGL7cFgQF9yJwRIboAZqdXrk8&amp;_nc_zt=23&amp;_nc_ht=scontent.fprn10-1.fna&amp;_nc_gid=SCKVRUB4a0cBhSYcWmnUjw&amp;_nc_ss=8&amp;oh=00_AfwccmSYxj36_gO0BHANSQ1ehSkIospihh8r60_amT5miQ&amp;oe=69B1FE7F\" alt=\"Mund t\u00eb jet\u00eb nj\u00eb imazh i duke studiuar dhe teksti q\u00eb thot\u00eb &quot;Key message Keymessageforstudents for students Be curious and follow your Becurlousandfollwyourcuriosity curiosity&quot;\" width=\"503\" height=\"407\" \/><\/p>\n<p><img loading=\"lazy\" decoding=\"async\" class=\"\" src=\"https:\/\/scontent.fprn10-1.fna.fbcdn.net\/v\/t51.82787-15\/649215217_18343050712242217_2607440350468726462_n.jpg?stp=dst-jpegr_tt6&amp;_nc_cat=100&amp;ccb=1-7&amp;_nc_sid=13d280&amp;_nc_ohc=edJr-zx3BysQ7kNvwE6IIXb&amp;_nc_oc=AdnjBecULq3mD5IK20YcAfUb44q6Acjkvkpc15yJBgw6mzIAPhlikTbJu5LGD29mV44&amp;_nc_zt=23&amp;se=-1&amp;_nc_ht=scontent.fprn10-1.fna&amp;_nc_gid=sKj1uMeJF9QMxo9BLbl3VA&amp;_nc_ss=8&amp;oh=00_Afzr9rdRtYE-rxpo3wpyZ1YPkEGKALWNbc7_PNBW6S7mmg&amp;oe=69B1D4DE\" alt=\"Mund t\u00eb jet\u00eb nj\u00eb imazh i duke studiuar dhe teksti\" width=\"502\" height=\"406\" \/><\/p>\n<p><img loading=\"lazy\" decoding=\"async\" class=\"\" src=\"https:\/\/scontent.fprn10-1.fna.fbcdn.net\/v\/t51.82787-15\/648640949_18343050691242217_435530011598491503_n.jpg?stp=dst-jpegr_tt6&amp;_nc_cat=110&amp;ccb=1-7&amp;_nc_sid=13d280&amp;_nc_ohc=_qiEQzSV2EwQ7kNvwHL5ytc&amp;_nc_oc=AdlpziigGEuDh9jbWgLnlJXskVGcIbpD2zjyLoZuG3AiWYilHkrJSdw0_8pKVI_LGZ8&amp;_nc_zt=23&amp;se=-1&amp;_nc_ht=scontent.fprn10-1.fna&amp;_nc_gid=qptEfY0LEI4qfsjT5ui0bg&amp;_nc_ss=8&amp;oh=00_Afz4ud1iRw0RZf4rRM4TP1a06N31LZ_o2hbrgKuwyOmpRg&amp;oe=69B204E4\" alt=\"Mund t\u00eb jet\u00eb nj\u00eb imazh i duke studiuar, harta dhe teksti\" width=\"502\" height=\"406\" \/><\/p>\n","protected":false},"excerpt":{"rendered":"<p>Student\u00ebt shqiptar\u00eb n\u00eb Lozan\u00eb organizojn\u00eb \u201cEngineers\u2019 Day 2026\u201d n\u00eb EPFL<\/p>\n","protected":false},"author":6,"featured_media":906244,"comment_status":"closed","ping_status":"closed","sticky":false,"template":"","format":"standard","meta":{"footnotes":""},"categories":[24636,24631,1133],"tags":[],"vendi":[],"content_country":[],"class_list":["post-906610","post","type-post","status-publish","format-standard","has-post-thumbnail","hentry","category-nachrichten-de-4","category-nachrichten-de-2","category-e-diaspora-de"],"acf":[],"_links":{"self":[{"href":"https:\/\/www.albinfo.ch\/de\/wp-json\/wp\/v2\/posts\/906610","targetHints":{"allow":["GET"]}}],"collection":[{"href":"https:\/\/www.albinfo.ch\/de\/wp-json\/wp\/v2\/posts"}],"about":[{"href":"https:\/\/www.albinfo.ch\/de\/wp-json\/wp\/v2\/types\/post"}],"author":[{"embeddable":true,"href":"https:\/\/www.albinfo.ch\/de\/wp-json\/wp\/v2\/users\/6"}],"replies":[{"embeddable":true,"href":"https:\/\/www.albinfo.ch\/de\/wp-json\/wp\/v2\/comments?post=906610"}],"version-history":[{"count":1,"href":"https:\/\/www.albinfo.ch\/de\/wp-json\/wp\/v2\/posts\/906610\/revisions"}],"predecessor-version":[{"id":906612,"href":"https:\/\/www.albinfo.ch\/de\/wp-json\/wp\/v2\/posts\/906610\/revisions\/906612"}],"wp:featuredmedia":[{"embeddable":true,"href":"https:\/\/www.albinfo.ch\/de\/wp-json\/wp\/v2\/media\/906244"}],"wp:attachment":[{"href":"https:\/\/www.albinfo.ch\/de\/wp-json\/wp\/v2\/media?parent=906610"}],"wp:term":[{"taxonomy":"category","embeddable":true,"href":"https:\/\/www.albinfo.ch\/de\/wp-json\/wp\/v2\/categories?post=906610"},{"taxonomy":"post_tag","embeddable":true,"href":"https:\/\/www.albinfo.ch\/de\/wp-json\/wp\/v2\/tags?post=906610"},{"taxonomy":"vendi","embeddable":true,"href":"https:\/\/www.albinfo.ch\/de\/wp-json\/wp\/v2\/vendi?post=906610"},{"taxonomy":"content_country","embeddable":true,"href":"https:\/\/www.albinfo.ch\/de\/wp-json\/wp\/v2\/content_country?post=906610"}],"curies":[{"name":"wp","href":"https:\/\/api.w.org\/{rel}","templated":true}]}}