{"id":906641,"date":"2026-03-08T11:30:56","date_gmt":"2026-03-08T10:30:56","guid":{"rendered":"https:\/\/www.albinfo.ch\/?p=906641"},"modified":"2026-03-08T20:37:55","modified_gmt":"2026-03-08T19:37:55","slug":"ida-jashari-und-ihr-engagement-fuer-die-bewahrung-der-albanischen-sprache-bei-kindern-in-der-schweiz","status":"publish","type":"post","link":"https:\/\/www.albinfo.ch\/de\/ida-jashari-und-ihr-engagement-fuer-die-bewahrung-der-albanischen-sprache-bei-kindern-in-der-schweiz\/","title":{"rendered":"Ida Jashari und ihr Engagement f\u00fcr die Bewahrung der albanischen Sprache bei Kindern in der Schweiz"},"content":{"rendered":"<p data-start=\"5217\" data-end=\"5647\">In der albanischen Gemeinschaft in <span class=\"hover:entity-accent entity-underline inline cursor-pointer align-baseline\"><span class=\"whitespace-normal\">Ostermundigen<\/span><\/span> bei <span class=\"hover:entity-accent entity-underline inline cursor-pointer align-baseline\"><span class=\"whitespace-normal\">Bern<\/span><\/span> bleibt der Unterricht der albanischen Sprache eine der wichtigsten S\u00e4ulen zur Bewahrung der nationalen Identit\u00e4t und Kultur. Durch die albanische Schule kn\u00fcpfen Kinder albanischer Herkunft, die in der Diaspora geboren und aufgewachsen sind, eine dauerhafte Verbindung zu ihrer Sprache, Geschichte und ihren Wurzeln.<\/p>\n<p data-start=\"5649\" data-end=\"6156\">In diesem Interview f\u00fcr albinfo.ch spricht die Lehrerin <span class=\"hover:entity-accent entity-underline inline cursor-pointer align-baseline\"><span class=\"whitespace-normal\">Ida Jashari<\/span><\/span> \u00fcber ihre langj\u00e4hrige Erfahrung im albanischen Unterricht in der <span class=\"hover:entity-accent entity-underline inline cursor-pointer align-baseline\"><span class=\"whitespace-normal\">Schweiz<\/span><\/span>, \u00fcber die Herausforderungen des Sprachenlernens in einem mehrsprachigen Umfeld sowie \u00fcber die Bedeutung der albanischen Schule f\u00fcr die Identit\u00e4tsbildung der jungen Generation. F\u00fcr sie ist das Unterrichten nicht nur ein Beruf, sondern eine Mission, die Sprache, Kultur und das Ged\u00e4chtnis eines Volkes verbindet.<\/p>\n<p data-start=\"6158\" data-end=\"6219\"><strong>albinfo.ch: Welche Bedeutung hat f\u00fcr Sie der Tag des Lehrers?<\/strong><\/p>\n<p data-start=\"6221\" data-end=\"6572\"><strong>Ida Jashari:<\/strong> Der 7. M\u00e4rz ist ein sehr wichtiges Datum f\u00fcr die albanische Bildung. Er erinnert uns an die Anstrengungen und Opfer, die gebracht wurden, um unsere Sprache und unsere Schule lebendig zu halten. F\u00fcr eine Lehrerin in der Diaspora hat dieser Tag eine besondere Bedeutung, denn durch die Sprache bewahren wir auch unsere Identit\u00e4t und Kultur.<\/p>\n<p data-start=\"6574\" data-end=\"6680\"><strong>albinfo.ch: Wie w\u00fcrden Sie Ihre Erfahrung als Lehrerin der albanischen Sprache in der Schweiz beschreiben?<\/strong><\/p>\n<p data-start=\"6682\" data-end=\"6995\"><strong>Ida Jashari:<\/strong> Es ist eine sehr bedeutungsvolle Erfahrung. Jede Unterrichtsstunde ist eine Gelegenheit f\u00fcr Kinder, die in der Diaspora geboren und aufgewachsen sind, sich ihrer Sprache und Kultur zu n\u00e4hern. Es ist eine Freude zu sehen, wie sie Selbstvertrauen gewinnen und beginnen, stolz auf ihre Herkunft zu sein.<\/p>\n<p data-start=\"6997\" data-end=\"7080\"><strong>albinfo.ch: Wie ist die Geschichte der albanischen Schule, an der Sie unterrichten?<\/strong><\/p>\n<p data-start=\"7082\" data-end=\"7697\"><strong>Ida Jashari:<\/strong> Die albanische Schule in Ostermundigen wurde vor etwa 35 Jahren von der <span class=\"hover:entity-accent entity-underline inline cursor-pointer align-baseline\"><span class=\"whitespace-normal\">LAPSH \u2013 Lidhja e Arsimtar\u00ebve dhe Prind\u00ebrve Shqiptar\u00eb<\/span><\/span> gegr\u00fcndet, mit dem Ziel, dass albanische Kinder in der Diaspora die Verbindung zu ihrer Muttersprache nicht verlieren. Die erste Lehrerin, die diese Klasse gr\u00fcndete, war Saime Isufi, die sich viele Jahre lang mit gro\u00dfem Engagement einsetzte. Sp\u00e4ter hatte ich die Ehre, diesen Weg fortzusetzen. Nach 13 Jahren Erfahrung im albanischen Bildungswesen in <span class=\"hover:entity-accent entity-underline inline cursor-pointer align-baseline\"><span class=\"whitespace-normal\">Tetovo<\/span><\/span> nahm ich vor etwa 18 Jahren in der Schweiz mit Freude die Arbeit als Lehrerin an dieser Schule auf.<\/p>\n<p data-start=\"7699\" data-end=\"7799\"><strong>albinfo.ch: Wie wichtig ist es, dass Kinder der Diaspora die albanische Sprache lernen und bewahren?<\/strong><\/p>\n<p data-start=\"7801\" data-end=\"8073\"><strong>Ida Jashari:<\/strong> Die Sprache ist das Fundament der Identit\u00e4t. Wenn ein Kind Albanisch lernt, lernt es nicht nur eine Sprache, sondern verbindet sich auch mit der Geschichte und Kultur seines Volkes. Das hilft ihnen, mit einem klaren Bewusstsein f\u00fcr ihre Herkunft aufzuwachsen.<\/p>\n<p data-start=\"8075\" data-end=\"8176\"><strong>albinfo.ch: Wie bewerten Sie das Interesse der Eltern am Erg\u00e4nzungsunterricht in albanischer Sprache?<\/strong><\/p>\n<p data-start=\"8178\" data-end=\"8437\"><strong>Ida Jashari:<\/strong> Das Interesse der Eltern ist sehr wichtig. Viele von ihnen verstehen, dass die albanische Sprache ein gro\u00dfer Schatz ist, und bem\u00fchen sich, dass ihre Kinder die Verbindung zu ihr nicht verlieren, trotz der Verpflichtungen in den Schweizer Schulen.<\/p>\n<p data-start=\"8439\" data-end=\"8548\"><strong>albinfo.ch: Was sind die gr\u00f6\u00dften Herausforderungen beim Unterrichten der albanischen Sprache in der Diaspora?<\/strong><\/p>\n<p data-start=\"8550\" data-end=\"8813\"><strong>Ida Jashari:<\/strong> Die gr\u00f6\u00dfte Herausforderung ist, dass die Kinder in einem Umfeld aufwachsen, in dem Deutsch die dominante Sprache ist. Au\u00dferdem findet der Erg\u00e4nzungsunterricht nur wenige Stunden pro Woche statt, weshalb die Unterst\u00fctzung der Familie sehr wichtig ist.<\/p>\n<p data-start=\"8815\" data-end=\"8906\"><strong>albinfo.ch: Was motiviert Sie am meisten in Ihrer Arbeit mit den Sch\u00fclerinnen und Sch\u00fclern?<\/strong><\/p>\n<p data-start=\"8908\" data-end=\"9111\"><strong>Ida Jashari:<\/strong> Die gr\u00f6\u00dfte Motivation sind die Sch\u00fclerinnen und Sch\u00fcler selbst. Wenn man sieht, wie sie Albanisch lesen, schreiben oder sprechen und dabei stolz sind, versteht man, dass sich die M\u00fche lohnt.<\/p>\n<p data-start=\"9113\" data-end=\"9234\"><strong>albinfo.ch: Neben dem Unterricht leiten Sie auch den Frauenchor \u201cLul\u00ebkuqet\u201d. Welche Bedeutung hat Kultur in der Diaspora?<\/strong><\/p>\n<p data-start=\"9236\" data-end=\"9550\"><strong>Ida Jashari:<\/strong> Kultur und Musik sind ein wichtiger Teil unserer Identit\u00e4t. Nach acht Jahren T\u00e4tigkeit wurde der Frauenchor \u201cLul\u00ebkuqet\u201d offiziell als kulturell k\u00fcnstlerischer Verein registriert. Durch den Gesang bewahren wir Traditionen und schaffen ein starkes Gemeinschaftsgef\u00fchl unter den Albanern in der Diaspora.<\/p>\n<p data-start=\"9552\" data-end=\"9674\"><strong>albinfo.ch: Welche Botschaft w\u00fcrden Sie den albanischen Eltern und Kindern in der Schweiz zum Tag des Lehrers \u00fcbermitteln?<\/strong><\/p>\n<p data-start=\"9676\" data-end=\"10013\"><strong>Ida Jashari:<\/strong> Meine Botschaft an die Eltern ist, zu Hause so viel wie m\u00f6glich Albanisch zu sprechen und ihre Kinder beim Sprachenlernen zu unterst\u00fctzen. Den Kindern w\u00fcrde ich sagen: lernt und sprecht Albanisch mit Stolz, denn es ist die Sprache eurer Wurzeln und eine Br\u00fccke, die euch immer mit eurer Geschichte und Kultur verbinden wird.<\/p>\n<p data-start=\"10015\" data-end=\"10372\" data-is-last-node=\"\" data-is-only-node=\"\">Am Ende betont Ida Jashari, dass die Bewahrung der albanischen Sprache in der Diaspora eine gemeinsame Verantwortung von Lehrern, Eltern und der Gemeinschaft ist. Durch Schule, Kultur und t\u00e4gliches Engagement lebt diese Sprache auch fern der Heimat weiter und bleibt eine starke Verbindung zwischen den Generationen und den Wurzeln der nationalen Identit\u00e4t.<\/p>\n<p class=\"p1\"><span class=\"s1\">F\u00fcr albinfo.ch: Luljeta Ademi<\/span><\/p>\n<p style=\"text-align: center;\"><img loading=\"lazy\" decoding=\"async\" class=\"alignnone wp-image-906279\" src=\"https:\/\/www.albinfo.ch\/wp-content\/uploads\/2026\/03\/f8ffcb4054caa129789572fe985b0f9c-1024x462.jpeg\" alt=\"\" width=\"500\" height=\"225\" srcset=\"https:\/\/www.albinfo.ch\/wp-content\/uploads\/2026\/03\/f8ffcb4054caa129789572fe985b0f9c-1024x462.jpeg 1024w, https:\/\/www.albinfo.ch\/wp-content\/uploads\/2026\/03\/f8ffcb4054caa129789572fe985b0f9c-300x135.jpeg 300w, https:\/\/www.albinfo.ch\/wp-content\/uploads\/2026\/03\/f8ffcb4054caa129789572fe985b0f9c-768x346.jpeg 768w, https:\/\/www.albinfo.ch\/wp-content\/uploads\/2026\/03\/f8ffcb4054caa129789572fe985b0f9c-1536x692.jpeg 1536w, https:\/\/www.albinfo.ch\/wp-content\/uploads\/2026\/03\/f8ffcb4054caa129789572fe985b0f9c-587x265.jpeg 587w, https:\/\/www.albinfo.ch\/wp-content\/uploads\/2026\/03\/f8ffcb4054caa129789572fe985b0f9c-180x81.jpeg 180w, https:\/\/www.albinfo.ch\/wp-content\/uploads\/2026\/03\/f8ffcb4054caa129789572fe985b0f9c-265x119.jpeg 265w, https:\/\/www.albinfo.ch\/wp-content\/uploads\/2026\/03\/f8ffcb4054caa129789572fe985b0f9c.jpeg 2048w\" sizes=\"auto, (max-width: 500px) 100vw, 500px\" \/> <img loading=\"lazy\" decoding=\"async\" class=\"alignnone wp-image-906282\" src=\"https:\/\/www.albinfo.ch\/wp-content\/uploads\/2026\/03\/2e5a16096336c59f43d1526843a5cb68-1024x768.jpeg\" alt=\"\" width=\"500\" height=\"375\" srcset=\"https:\/\/www.albinfo.ch\/wp-content\/uploads\/2026\/03\/2e5a16096336c59f43d1526843a5cb68-1024x768.jpeg 1024w, https:\/\/www.albinfo.ch\/wp-content\/uploads\/2026\/03\/2e5a16096336c59f43d1526843a5cb68-300x225.jpeg 300w, https:\/\/www.albinfo.ch\/wp-content\/uploads\/2026\/03\/2e5a16096336c59f43d1526843a5cb68-768x576.jpeg 768w, https:\/\/www.albinfo.ch\/wp-content\/uploads\/2026\/03\/2e5a16096336c59f43d1526843a5cb68-1536x1152.jpeg 1536w, https:\/\/www.albinfo.ch\/wp-content\/uploads\/2026\/03\/2e5a16096336c59f43d1526843a5cb68-528x396.jpeg 528w, https:\/\/www.albinfo.ch\/wp-content\/uploads\/2026\/03\/2e5a16096336c59f43d1526843a5cb68-133x100.jpeg 133w, https:\/\/www.albinfo.ch\/wp-content\/uploads\/2026\/03\/2e5a16096336c59f43d1526843a5cb68-233x175.jpeg 233w, https:\/\/www.albinfo.ch\/wp-content\/uploads\/2026\/03\/2e5a16096336c59f43d1526843a5cb68.jpeg 1600w\" sizes=\"auto, (max-width: 500px) 100vw, 500px\" \/> <img loading=\"lazy\" decoding=\"async\" class=\"alignnone wp-image-906285\" src=\"https:\/\/www.albinfo.ch\/wp-content\/uploads\/2026\/03\/309684794b0b508d9c67f00e786fb0db-1024x1024.jpeg\" alt=\"\" width=\"500\" height=\"500\" srcset=\"https:\/\/www.albinfo.ch\/wp-content\/uploads\/2026\/03\/309684794b0b508d9c67f00e786fb0db-1024x1024.jpeg 1024w, https:\/\/www.albinfo.ch\/wp-content\/uploads\/2026\/03\/309684794b0b508d9c67f00e786fb0db-300x300.jpeg 300w, https:\/\/www.albinfo.ch\/wp-content\/uploads\/2026\/03\/309684794b0b508d9c67f00e786fb0db-150x150.jpeg 150w, https:\/\/www.albinfo.ch\/wp-content\/uploads\/2026\/03\/309684794b0b508d9c67f00e786fb0db-768x768.jpeg 768w, https:\/\/www.albinfo.ch\/wp-content\/uploads\/2026\/03\/309684794b0b508d9c67f00e786fb0db-396x396.jpeg 396w, https:\/\/www.albinfo.ch\/wp-content\/uploads\/2026\/03\/309684794b0b508d9c67f00e786fb0db-280x280.jpeg 280w, https:\/\/www.albinfo.ch\/wp-content\/uploads\/2026\/03\/309684794b0b508d9c67f00e786fb0db-100x100.jpeg 100w, https:\/\/www.albinfo.ch\/wp-content\/uploads\/2026\/03\/309684794b0b508d9c67f00e786fb0db-175x175.jpeg 175w, https:\/\/www.albinfo.ch\/wp-content\/uploads\/2026\/03\/309684794b0b508d9c67f00e786fb0db.jpeg 1080w\" sizes=\"auto, (max-width: 500px) 100vw, 500px\" \/> <img loading=\"lazy\" decoding=\"async\" class=\"alignnone wp-image-906288\" src=\"https:\/\/www.albinfo.ch\/wp-content\/uploads\/2026\/03\/4a61f3b9f3ab84cc1902f85933b11be2-1024x776.jpeg\" alt=\"\" width=\"500\" height=\"379\" srcset=\"https:\/\/www.albinfo.ch\/wp-content\/uploads\/2026\/03\/4a61f3b9f3ab84cc1902f85933b11be2-1024x776.jpeg 1024w, https:\/\/www.albinfo.ch\/wp-content\/uploads\/2026\/03\/4a61f3b9f3ab84cc1902f85933b11be2-300x227.jpeg 300w, https:\/\/www.albinfo.ch\/wp-content\/uploads\/2026\/03\/4a61f3b9f3ab84cc1902f85933b11be2-768x582.jpeg 768w, https:\/\/www.albinfo.ch\/wp-content\/uploads\/2026\/03\/4a61f3b9f3ab84cc1902f85933b11be2-1536x1164.jpeg 1536w, https:\/\/www.albinfo.ch\/wp-content\/uploads\/2026\/03\/4a61f3b9f3ab84cc1902f85933b11be2-523x396.jpeg 523w, https:\/\/www.albinfo.ch\/wp-content\/uploads\/2026\/03\/4a61f3b9f3ab84cc1902f85933b11be2-132x100.jpeg 132w, https:\/\/www.albinfo.ch\/wp-content\/uploads\/2026\/03\/4a61f3b9f3ab84cc1902f85933b11be2-231x175.jpeg 231w, https:\/\/www.albinfo.ch\/wp-content\/uploads\/2026\/03\/4a61f3b9f3ab84cc1902f85933b11be2.jpeg 2048w\" sizes=\"auto, (max-width: 500px) 100vw, 500px\" \/> <img loading=\"lazy\" decoding=\"async\" class=\"alignnone wp-image-906291\" src=\"https:\/\/www.albinfo.ch\/wp-content\/uploads\/2026\/03\/dc06eadf104c694dea869fb78e4f96d4-1024x768.jpeg\" alt=\"\" width=\"500\" height=\"375\" srcset=\"https:\/\/www.albinfo.ch\/wp-content\/uploads\/2026\/03\/dc06eadf104c694dea869fb78e4f96d4-1024x768.jpeg 1024w, https:\/\/www.albinfo.ch\/wp-content\/uploads\/2026\/03\/dc06eadf104c694dea869fb78e4f96d4-300x225.jpeg 300w, https:\/\/www.albinfo.ch\/wp-content\/uploads\/2026\/03\/dc06eadf104c694dea869fb78e4f96d4-768x576.jpeg 768w, https:\/\/www.albinfo.ch\/wp-content\/uploads\/2026\/03\/dc06eadf104c694dea869fb78e4f96d4-1536x1152.jpeg 1536w, https:\/\/www.albinfo.ch\/wp-content\/uploads\/2026\/03\/dc06eadf104c694dea869fb78e4f96d4-528x396.jpeg 528w, https:\/\/www.albinfo.ch\/wp-content\/uploads\/2026\/03\/dc06eadf104c694dea869fb78e4f96d4-133x100.jpeg 133w, https:\/\/www.albinfo.ch\/wp-content\/uploads\/2026\/03\/dc06eadf104c694dea869fb78e4f96d4-233x175.jpeg 233w, https:\/\/www.albinfo.ch\/wp-content\/uploads\/2026\/03\/dc06eadf104c694dea869fb78e4f96d4.jpeg 2048w\" sizes=\"auto, (max-width: 500px) 100vw, 500px\" \/> <img loading=\"lazy\" decoding=\"async\" class=\"alignnone wp-image-906294\" src=\"https:\/\/www.albinfo.ch\/wp-content\/uploads\/2026\/03\/df27464514e7ecbd924114f78c47a038-1024x768.jpeg\" alt=\"\" width=\"500\" height=\"375\" srcset=\"https:\/\/www.albinfo.ch\/wp-content\/uploads\/2026\/03\/df27464514e7ecbd924114f78c47a038-1024x768.jpeg 1024w, https:\/\/www.albinfo.ch\/wp-content\/uploads\/2026\/03\/df27464514e7ecbd924114f78c47a038-300x225.jpeg 300w, https:\/\/www.albinfo.ch\/wp-content\/uploads\/2026\/03\/df27464514e7ecbd924114f78c47a038-768x576.jpeg 768w, https:\/\/www.albinfo.ch\/wp-content\/uploads\/2026\/03\/df27464514e7ecbd924114f78c47a038-1536x1152.jpeg 1536w, https:\/\/www.albinfo.ch\/wp-content\/uploads\/2026\/03\/df27464514e7ecbd924114f78c47a038-528x396.jpeg 528w, https:\/\/www.albinfo.ch\/wp-content\/uploads\/2026\/03\/df27464514e7ecbd924114f78c47a038-133x100.jpeg 133w, https:\/\/www.albinfo.ch\/wp-content\/uploads\/2026\/03\/df27464514e7ecbd924114f78c47a038-233x175.jpeg 233w, https:\/\/www.albinfo.ch\/wp-content\/uploads\/2026\/03\/df27464514e7ecbd924114f78c47a038.jpeg 2048w\" sizes=\"auto, (max-width: 500px) 100vw, 500px\" \/> <img loading=\"lazy\" decoding=\"async\" class=\"alignnone wp-image-906297\" src=\"https:\/\/www.albinfo.ch\/wp-content\/uploads\/2026\/03\/6b8fbf9e9ccf8019a836511768fcd7ff.jpeg\" alt=\"\" width=\"500\" height=\"368\" srcset=\"https:\/\/www.albinfo.ch\/wp-content\/uploads\/2026\/03\/6b8fbf9e9ccf8019a836511768fcd7ff.jpeg 987w, https:\/\/www.albinfo.ch\/wp-content\/uploads\/2026\/03\/6b8fbf9e9ccf8019a836511768fcd7ff-300x221.jpeg 300w, https:\/\/www.albinfo.ch\/wp-content\/uploads\/2026\/03\/6b8fbf9e9ccf8019a836511768fcd7ff-768x566.jpeg 768w, https:\/\/www.albinfo.ch\/wp-content\/uploads\/2026\/03\/6b8fbf9e9ccf8019a836511768fcd7ff-538x396.jpeg 538w, https:\/\/www.albinfo.ch\/wp-content\/uploads\/2026\/03\/6b8fbf9e9ccf8019a836511768fcd7ff-136x100.jpeg 136w, https:\/\/www.albinfo.ch\/wp-content\/uploads\/2026\/03\/6b8fbf9e9ccf8019a836511768fcd7ff-238x175.jpeg 238w\" sizes=\"auto, (max-width: 500px) 100vw, 500px\" \/> <img loading=\"lazy\" decoding=\"async\" class=\"alignnone wp-image-906300\" src=\"https:\/\/www.albinfo.ch\/wp-content\/uploads\/2026\/03\/924616c22494a40412ca41071accbd95-1024x1024.jpeg\" alt=\"\" width=\"500\" height=\"500\" srcset=\"https:\/\/www.albinfo.ch\/wp-content\/uploads\/2026\/03\/924616c22494a40412ca41071accbd95-1024x1024.jpeg 1024w, https:\/\/www.albinfo.ch\/wp-content\/uploads\/2026\/03\/924616c22494a40412ca41071accbd95-300x300.jpeg 300w, https:\/\/www.albinfo.ch\/wp-content\/uploads\/2026\/03\/924616c22494a40412ca41071accbd95-150x150.jpeg 150w, https:\/\/www.albinfo.ch\/wp-content\/uploads\/2026\/03\/924616c22494a40412ca41071accbd95-768x768.jpeg 768w, https:\/\/www.albinfo.ch\/wp-content\/uploads\/2026\/03\/924616c22494a40412ca41071accbd95-396x396.jpeg 396w, https:\/\/www.albinfo.ch\/wp-content\/uploads\/2026\/03\/924616c22494a40412ca41071accbd95-280x280.jpeg 280w, https:\/\/www.albinfo.ch\/wp-content\/uploads\/2026\/03\/924616c22494a40412ca41071accbd95-100x100.jpeg 100w, https:\/\/www.albinfo.ch\/wp-content\/uploads\/2026\/03\/924616c22494a40412ca41071accbd95-175x175.jpeg 175w, https:\/\/www.albinfo.ch\/wp-content\/uploads\/2026\/03\/924616c22494a40412ca41071accbd95.jpeg 1059w\" sizes=\"auto, (max-width: 500px) 100vw, 500px\" \/><\/p>\n<p class=\"p1\"><span class=\"s1\">\u00a0<\/span><\/p>\n","protected":false},"excerpt":{"rendered":"<p>In der albanischen Gemeinschaft in Ostermundigen bei Bern bleibt der Unterricht der albanischen Sprache eine der wichtigsten S\u00e4ulen zur Bewahrung der nationalen Identit\u00e4t und Kultur. Durch die albanische Schule kn\u00fcpfen Kinder albanischer Herkunft, die in der Diaspora geboren und aufgewachsen sind, eine dauerhafte Verbindung zu ihrer Sprache, Geschichte und ihren Wurzeln. In diesem Interview f\u00fcr [&hellip;]<\/p>\n","protected":false},"author":6,"featured_media":906306,"comment_status":"closed","ping_status":"closed","sticky":false,"template":"","format":"standard","meta":{"footnotes":""},"categories":[24636,1136,24631,1133],"tags":[],"vendi":[],"content_country":[],"class_list":["post-906641","post","type-post","status-publish","format-standard","has-post-thumbnail","hentry","category-nachrichten-de-4","category-sprachen","category-nachrichten-de-2","category-e-diaspora-de"],"acf":[],"_links":{"self":[{"href":"https:\/\/www.albinfo.ch\/de\/wp-json\/wp\/v2\/posts\/906641","targetHints":{"allow":["GET"]}}],"collection":[{"href":"https:\/\/www.albinfo.ch\/de\/wp-json\/wp\/v2\/posts"}],"about":[{"href":"https:\/\/www.albinfo.ch\/de\/wp-json\/wp\/v2\/types\/post"}],"author":[{"embeddable":true,"href":"https:\/\/www.albinfo.ch\/de\/wp-json\/wp\/v2\/users\/6"}],"replies":[{"embeddable":true,"href":"https:\/\/www.albinfo.ch\/de\/wp-json\/wp\/v2\/comments?post=906641"}],"version-history":[{"count":1,"href":"https:\/\/www.albinfo.ch\/de\/wp-json\/wp\/v2\/posts\/906641\/revisions"}],"predecessor-version":[{"id":906644,"href":"https:\/\/www.albinfo.ch\/de\/wp-json\/wp\/v2\/posts\/906641\/revisions\/906644"}],"wp:featuredmedia":[{"embeddable":true,"href":"https:\/\/www.albinfo.ch\/de\/wp-json\/wp\/v2\/media\/906306"}],"wp:attachment":[{"href":"https:\/\/www.albinfo.ch\/de\/wp-json\/wp\/v2\/media?parent=906641"}],"wp:term":[{"taxonomy":"category","embeddable":true,"href":"https:\/\/www.albinfo.ch\/de\/wp-json\/wp\/v2\/categories?post=906641"},{"taxonomy":"post_tag","embeddable":true,"href":"https:\/\/www.albinfo.ch\/de\/wp-json\/wp\/v2\/tags?post=906641"},{"taxonomy":"vendi","embeddable":true,"href":"https:\/\/www.albinfo.ch\/de\/wp-json\/wp\/v2\/vendi?post=906641"},{"taxonomy":"content_country","embeddable":true,"href":"https:\/\/www.albinfo.ch\/de\/wp-json\/wp\/v2\/content_country?post=906641"}],"curies":[{"name":"wp","href":"https:\/\/api.w.org\/{rel}","templated":true}]}}