{"id":906652,"date":"2026-03-08T12:49:24","date_gmt":"2026-03-08T11:49:24","guid":{"rendered":"https:\/\/www.albinfo.ch\/?p=906652"},"modified":"2026-03-08T20:52:34","modified_gmt":"2026-03-08T19:52:34","slug":"praesidentin-osmani-gratuliert-den-lehrern-der-7-maerz-der-tag-der-seele-der-nation-und-der-albanischen-sprache","status":"publish","type":"post","link":"https:\/\/www.albinfo.ch\/de\/praesidentin-osmani-gratuliert-den-lehrern-der-7-maerz-der-tag-der-seele-der-nation-und-der-albanischen-sprache\/","title":{"rendered":"Pr\u00e4sidentin Osmani gratuliert den Lehrern: Der 7. M\u00e4rz, der Tag der Seele der Nation und der albanischen Sprache"},"content":{"rendered":"<p data-start=\"1368\" data-end=\"1662\">Die Pr\u00e4sidentin des <span class=\"hover:entity-accent entity-underline inline cursor-pointer align-baseline\"><span class=\"whitespace-normal\">Kosovo<\/span><\/span>, <span class=\"hover:entity-accent entity-underline inline cursor-pointer align-baseline\"><span class=\"whitespace-normal\">Vjosa Osmani<\/span><\/span>, hat allen Lehrern zum 7. M\u00e4rz, dem Tag des Lehrers, gratuliert und diesen Tag als ein Fest der Seele der albanischen Nation bezeichnet, die dank der Bewahrung der albanischen Sprache \u00fcberlebt hat.<\/p>\n<p data-start=\"1664\" data-end=\"1868\">In ihrer Botschaft betont Pr\u00e4sidentin Osmani, dass die albanische Schule ein Akt des Widerstands gewesen sei, der in H\u00e4usern, Kellern und unter gro\u00dfen Opfern w\u00e4hrend der Zeit der Verfolgung funktionierte.<\/p>\n<p data-start=\"1870\" data-end=\"2208\">&#8220;In Zeiten der Verfolgung haben die albanischen Lehrer nicht aufgegeben. Sie hielten die Sprache, das Buch und den Traum einer Nation am Leben, die frei leben wollte. Von der ersten Schulbank bis zu den Universit\u00e4ten ist es dieselbe Mission: Generationen zu erziehen, die die Sprache, die Heimat und die Freiheit lieben&#8221;, schreibt Osmani.<\/p>\n<p data-start=\"2210\" data-end=\"2454\">Sie hebt au\u00dferdem hervor, dass der 7. M\u00e4rz ein Tag der Anerkennung und des Respekts f\u00fcr jeden Lehrer ist, der durch Wissen und Engagement die Generationen erzieht und die Grundlagen des Staates st\u00e4rkt. Ihre Botschaft schloss sie mit den Worten:<\/p>\n<p data-start=\"2456\" data-end=\"2496\">&#8220;Alles Gute zum 7. M\u00e4rz an alle Lehrer.&#8221;<\/p>\n<p data-start=\"2498\" data-end=\"2670\" data-is-last-node=\"\" data-is-only-node=\"\">Auf diese Weise erinnert Pr\u00e4sidentin Osmani die B\u00fcrger an die Bedeutung der Lehrer und an ihre Rolle bei der Bewahrung der nationalen und kulturellen Identit\u00e4t der Albaner.<\/p>\n","protected":false},"excerpt":{"rendered":"<p>Osmani: 7 Marsi \u00ebsht\u00eb festa e shpirtit t\u00eb kombit ton\u00eb, i cili mbijetoi fal\u00eb gjuh\u00ebs shqipe<\/p>\n","protected":false},"author":6,"featured_media":906256,"comment_status":"closed","ping_status":"closed","sticky":false,"template":"","format":"standard","meta":{"footnotes":""},"categories":[23263,1130,3952,23269,23262,1129],"tags":[],"vendi":[],"content_country":[],"class_list":["post-906652","post","type-post","status-publish","format-standard","has-post-thumbnail","hentry","category-kosova-de-2","category-aktuell","category-kosova-de","category-news","category-at-balkani-de","category-ch-balkan"],"acf":[],"_links":{"self":[{"href":"https:\/\/www.albinfo.ch\/de\/wp-json\/wp\/v2\/posts\/906652","targetHints":{"allow":["GET"]}}],"collection":[{"href":"https:\/\/www.albinfo.ch\/de\/wp-json\/wp\/v2\/posts"}],"about":[{"href":"https:\/\/www.albinfo.ch\/de\/wp-json\/wp\/v2\/types\/post"}],"author":[{"embeddable":true,"href":"https:\/\/www.albinfo.ch\/de\/wp-json\/wp\/v2\/users\/6"}],"replies":[{"embeddable":true,"href":"https:\/\/www.albinfo.ch\/de\/wp-json\/wp\/v2\/comments?post=906652"}],"version-history":[{"count":1,"href":"https:\/\/www.albinfo.ch\/de\/wp-json\/wp\/v2\/posts\/906652\/revisions"}],"predecessor-version":[{"id":906653,"href":"https:\/\/www.albinfo.ch\/de\/wp-json\/wp\/v2\/posts\/906652\/revisions\/906653"}],"wp:featuredmedia":[{"embeddable":true,"href":"https:\/\/www.albinfo.ch\/de\/wp-json\/wp\/v2\/media\/906256"}],"wp:attachment":[{"href":"https:\/\/www.albinfo.ch\/de\/wp-json\/wp\/v2\/media?parent=906652"}],"wp:term":[{"taxonomy":"category","embeddable":true,"href":"https:\/\/www.albinfo.ch\/de\/wp-json\/wp\/v2\/categories?post=906652"},{"taxonomy":"post_tag","embeddable":true,"href":"https:\/\/www.albinfo.ch\/de\/wp-json\/wp\/v2\/tags?post=906652"},{"taxonomy":"vendi","embeddable":true,"href":"https:\/\/www.albinfo.ch\/de\/wp-json\/wp\/v2\/vendi?post=906652"},{"taxonomy":"content_country","embeddable":true,"href":"https:\/\/www.albinfo.ch\/de\/wp-json\/wp\/v2\/content_country?post=906652"}],"curies":[{"name":"wp","href":"https:\/\/api.w.org\/{rel}","templated":true}]}}