{"id":906717,"date":"2026-03-08T15:28:58","date_gmt":"2026-03-08T14:28:58","guid":{"rendered":"https:\/\/www.albinfo.ch\/?p=906717"},"modified":"2026-03-09T00:06:49","modified_gmt":"2026-03-08T23:06:49","slug":"genf-diskussion-ueber-die-integration-albanischer-frauen-in-der-schweiz-und-vorstellung-der-initiative-zeri-i-gruas-lira","status":"publish","type":"post","link":"https:\/\/www.albinfo.ch\/de\/genf-diskussion-ueber-die-integration-albanischer-frauen-in-der-schweiz-und-vorstellung-der-initiative-zeri-i-gruas-lira\/","title":{"rendered":"Genf: Diskussion \u00fcber die Integration albanischer Frauen in der Schweiz und Vorstellung der Initiative &#8220;Z\u00ebri i Gruas LIRA&#8221;"},"content":{"rendered":"<p data-start=\"834\" data-end=\"1325\">Die Integration albanischer Frauen in die Schweizer Gesellschaft sowie ihre Rolle im sozialen und beruflichen Leben der Diaspora standen im Mittelpunkt eines Diskussionsabends, der Frauen aus der albanischen Gemeinschaft in der <span class=\"hover:entity-accent entity-underline inline cursor-pointer align-baseline\"><span class=\"whitespace-normal\">Schweiz<\/span><\/span> zusammenbrachte. Die Veranstaltung fand im Rahmen des <span class=\"hover:entity-accent entity-underline inline cursor-pointer align-baseline\"><span class=\"whitespace-normal\">Internationalen Frauentags<\/span><\/span> statt und wurde als Raum f\u00fcr Reflexion \u00fcber Erfahrungen, Herausforderungen und Erfolge albanischer Frauen in der Diaspora konzipiert.<\/p>\n<p data-start=\"1327\" data-end=\"1653\" data-is-last-node=\"\" data-is-only-node=\"\">Die Veranstaltung wurde am 6. M\u00e4rz in <span class=\"hover:entity-accent entity-underline inline cursor-pointer align-baseline\"><span class=\"whitespace-normal\">Genf<\/span><\/span> abgehalten, wo auch die Initiative &#8220;Z\u00ebri i Gruas LIRA&#8221; vorgestellt wurde, die Teil der Plattform <span class=\"hover:entity-accent entity-underline inline cursor-pointer align-baseline\"><span class=\"whitespace-normal\">e-drejtajote.ch<\/span><\/span> ist. Diese Initiative soll den Dialog, das Bewusstsein und die St\u00e4rkung albanischer Frauen in der Diaspora f\u00f6rdern.<\/p>\n<p><a href=\"https:\/\/www.albinfo.ch\/wp-content\/uploads\/2026\/03\/lira-ge.png\"><img loading=\"lazy\" decoding=\"async\" class=\"alignnone wp-image-906399\" src=\"https:\/\/www.albinfo.ch\/wp-content\/uploads\/2026\/03\/lira-ge.png\" alt=\"\" width=\"650\" height=\"365\" srcset=\"https:\/\/www.albinfo.ch\/wp-content\/uploads\/2026\/03\/lira-ge.png 900w, https:\/\/www.albinfo.ch\/wp-content\/uploads\/2026\/03\/lira-ge-300x169.png 300w, https:\/\/www.albinfo.ch\/wp-content\/uploads\/2026\/03\/lira-ge-768x432.png 768w, https:\/\/www.albinfo.ch\/wp-content\/uploads\/2026\/03\/lira-ge-182x101.png 182w, https:\/\/www.albinfo.ch\/wp-content\/uploads\/2026\/03\/lira-ge-790x443.png 790w, https:\/\/www.albinfo.ch\/wp-content\/uploads\/2026\/03\/lira-ge-587x330.png 587w, https:\/\/www.albinfo.ch\/wp-content\/uploads\/2026\/03\/lira-ge-178x100.png 178w, https:\/\/www.albinfo.ch\/wp-content\/uploads\/2026\/03\/lira-ge-265x149.png 265w\" sizes=\"auto, (max-width: 650px) 100vw, 650px\" \/><\/a><\/p>\n<p data-start=\"924\" data-end=\"1398\">Das Programm wurde von der Moderatorin <span class=\"hover:entity-accent entity-underline inline cursor-pointer align-baseline\"><span class=\"whitespace-normal\">Nerxhivane Sejdiu Ferati<\/span><\/span> er\u00f6ffnet, w\u00e4hrend die einleitende Rede von <span class=\"hover:entity-accent entity-underline inline cursor-pointer align-baseline\"><span class=\"whitespace-normal\">Linda Rexhaj Maliqi<\/span><\/span> gehalten wurde, der Gr\u00fcnderin der Initiative und juristischen Beraterin der Schweizer Gewerkschaft <span class=\"hover:entity-accent entity-underline inline cursor-pointer align-baseline\"><span class=\"whitespace-normal\">Unia<\/span><\/span>. In ihrer Ansprache betonte sie, dass diese Initiative aus dem Bed\u00fcrfnis entstanden sei, die Erfahrungen und den Beitrag albanischer Frauen in der Diaspora klarer zu artikulieren.<\/p>\n<p data-start=\"1400\" data-end=\"1879\" data-is-last-node=\"\" data-is-only-node=\"\">&#8220;Heute sind wir hier zusammengekommen, um den 8. M\u00e4rz zu begehen und eine Initiative vorzustellen, die aus Erfahrungen und aus dem Bed\u00fcrfnis entstanden ist, die Stimme der albanischen Frau in der Diaspora st\u00e4rker h\u00f6rbar zu machen. \u2018Z\u00ebri i Gruas LIRA\u2019 m\u00f6chte Themen behandeln, die mit den Rechten der Frauen, der Geschlechtergleichstellung, dem sozialen Wohlbefinden und der Integration zusammenh\u00e4ngen, indem R\u00e4ume f\u00fcr Dialog und Reflexion geschaffen werden&#8221;, sagte Rexhaj Maliqi.<\/p>\n<p><a href=\"https:\/\/www.albinfo.ch\/wp-content\/uploads\/2026\/03\/grate-ge.png\"><img loading=\"lazy\" decoding=\"async\" class=\"alignnone wp-image-906423\" src=\"https:\/\/www.albinfo.ch\/wp-content\/uploads\/2026\/03\/grate-ge.png\" alt=\"\" width=\"650\" height=\"467\" srcset=\"https:\/\/www.albinfo.ch\/wp-content\/uploads\/2026\/03\/grate-ge.png 688w, https:\/\/www.albinfo.ch\/wp-content\/uploads\/2026\/03\/grate-ge-300x215.png 300w, https:\/\/www.albinfo.ch\/wp-content\/uploads\/2026\/03\/grate-ge-552x396.png 552w, https:\/\/www.albinfo.ch\/wp-content\/uploads\/2026\/03\/grate-ge-139x100.png 139w, https:\/\/www.albinfo.ch\/wp-content\/uploads\/2026\/03\/grate-ge-244x175.png 244w\" sizes=\"auto, (max-width: 650px) 100vw, 650px\" \/><\/a><\/p>\n<p>Bei der Erkl\u00e4rung des Konzepts der Initiative betonte sie, dass der Name LIRA eine doppelte Bedeutung hat: die Freiheit, die Stimme der Frauen auszudr\u00fccken und zu bekr\u00e4ftigen, aber auch den Wert, den sie in der Familie, in der Gemeinschaft und in der Gesellschaft darstellen.<\/p>\n<p><a href=\"https:\/\/www.albinfo.ch\/wp-content\/uploads\/2026\/03\/grte-lira-ge.png\"><img loading=\"lazy\" decoding=\"async\" class=\"alignnone wp-image-906417\" src=\"https:\/\/www.albinfo.ch\/wp-content\/uploads\/2026\/03\/grte-lira-ge.png\" alt=\"\" width=\"650\" height=\"433\" srcset=\"https:\/\/www.albinfo.ch\/wp-content\/uploads\/2026\/03\/grte-lira-ge.png 1872w, https:\/\/www.albinfo.ch\/wp-content\/uploads\/2026\/03\/grte-lira-ge-300x200.png 300w, https:\/\/www.albinfo.ch\/wp-content\/uploads\/2026\/03\/grte-lira-ge-1024x683.png 1024w, https:\/\/www.albinfo.ch\/wp-content\/uploads\/2026\/03\/grte-lira-ge-768x512.png 768w, https:\/\/www.albinfo.ch\/wp-content\/uploads\/2026\/03\/grte-lira-ge-1536x1024.png 1536w, https:\/\/www.albinfo.ch\/wp-content\/uploads\/2026\/03\/grte-lira-ge-586x389.png 586w, https:\/\/www.albinfo.ch\/wp-content\/uploads\/2026\/03\/grte-lira-ge-210x141.png 210w, https:\/\/www.albinfo.ch\/wp-content\/uploads\/2026\/03\/grte-lira-ge-587x391.png 587w, https:\/\/www.albinfo.ch\/wp-content\/uploads\/2026\/03\/grte-lira-ge-150x100.png 150w, https:\/\/www.albinfo.ch\/wp-content\/uploads\/2026\/03\/grte-lira-ge-263x175.png 263w\" sizes=\"auto, (max-width: 650px) 100vw, 650px\" \/><\/a><\/p>\n<p data-start=\"1010\" data-end=\"1289\">&#8220;Der Name LIRA wurde nicht zuf\u00e4llig gew\u00e4hlt. LIRA als Freiheit, die Freiheit unsere Stimme zu erheben und unseren eigenen Weg zu w\u00e4hlen. LIRA als Wert, denn die albanische Frau ist ein wertvoller Beitrag f\u00fcr die Familie, f\u00fcr die Gemeinschaft und f\u00fcr die Gesellschaft&#8221;, sagte sie.<\/p>\n<p data-start=\"1291\" data-end=\"1986\" data-is-last-node=\"\" data-is-only-node=\"\">In ihrer Reflexion \u00fcber den Integrationsprozess albanischer Frauen in der <span class=\"hover:entity-accent entity-underline inline cursor-pointer align-baseline\"><span class=\"whitespace-normal\">Schweiz<\/span><\/span> betonte <span class=\"hover:entity-accent entity-underline inline cursor-pointer align-baseline\"><span class=\"whitespace-normal\">Linda Rexhaj Maliqi<\/span><\/span>, dass dieser Weg verschiedene Phasen durchlaufen hat und oft von zahlreichen Herausforderungen begleitet war. &#8220;Die Integration der albanischen Frauen in die Schweizer Gesellschaft war ein langer und keineswegs einfacher Prozess. Anfang der 1980er Jahre kamen viele Frauen durch Familienzusammenf\u00fchrung oder aus wirtschaftlichen Gr\u00fcnden, oft isoliert und mit begrenzten Sprachkenntnissen. Heute, nach Jahrzehnten von Anstrengungen und Opfern, sind albanische Frauen integriert und in vielen Bereichen des Lebens erfolgreich&#8221;, betonte sie.<\/p>\n<p><a href=\"https:\/\/www.albinfo.ch\/wp-content\/uploads\/2026\/03\/lira-ge-grate.png\"><img loading=\"lazy\" decoding=\"async\" class=\"alignnone wp-image-906420\" src=\"https:\/\/www.albinfo.ch\/wp-content\/uploads\/2026\/03\/lira-ge-grate.png\" alt=\"\" width=\"650\" height=\"433\" srcset=\"https:\/\/www.albinfo.ch\/wp-content\/uploads\/2026\/03\/lira-ge-grate.png 1872w, https:\/\/www.albinfo.ch\/wp-content\/uploads\/2026\/03\/lira-ge-grate-300x200.png 300w, https:\/\/www.albinfo.ch\/wp-content\/uploads\/2026\/03\/lira-ge-grate-1024x683.png 1024w, https:\/\/www.albinfo.ch\/wp-content\/uploads\/2026\/03\/lira-ge-grate-768x512.png 768w, https:\/\/www.albinfo.ch\/wp-content\/uploads\/2026\/03\/lira-ge-grate-1536x1024.png 1536w, https:\/\/www.albinfo.ch\/wp-content\/uploads\/2026\/03\/lira-ge-grate-586x389.png 586w, https:\/\/www.albinfo.ch\/wp-content\/uploads\/2026\/03\/lira-ge-grate-210x141.png 210w, https:\/\/www.albinfo.ch\/wp-content\/uploads\/2026\/03\/lira-ge-grate-587x391.png 587w, https:\/\/www.albinfo.ch\/wp-content\/uploads\/2026\/03\/lira-ge-grate-150x100.png 150w, https:\/\/www.albinfo.ch\/wp-content\/uploads\/2026\/03\/lira-ge-grate-263x175.png 263w\" sizes=\"auto, (max-width: 650px) 100vw, 650px\" \/><\/a><\/p>\n<p data-start=\"1136\" data-end=\"1611\">Die Anwesenden wurden auch von der Leiterin des <span class=\"hover:entity-accent entity-underline inline cursor-pointer align-baseline\"><span class=\"whitespace-normal\">Generalkonsulats der Republik Kosovo in Genf<\/span><\/span>, <strong><span class=\"hover:entity-accent entity-underline inline cursor-pointer align-baseline\"><span class=\"whitespace-normal\">Floreta Kabashi Ademaj<\/span><\/span><\/strong>, begr\u00fc\u00dft. Sie w\u00fcrdigte den Beitrag albanischer Frauen zum \u00f6ffentlichen und beruflichen Leben der Diaspora. &#8220;Heute h\u00f6ren wir das Wort Integration h\u00e4ufig in \u00f6ffentlichen Diskussionen, doch hinter diesem Begriff stehen Geschichten von Opferbereitschaft, schwierigen Entscheidungen und kontinuierlichen Bem\u00fchungen, ein neues Leben aufzubauen&#8221;, sagte sie.<\/p>\n<p data-start=\"1613\" data-end=\"1952\">Ihr zufolge ist die albanische Frau heute eine wichtige Akteurin im gesellschaftlichen und beruflichen Leben. &#8220;Albanische M\u00e4dchen und Frauen finden wir in vielen Bereichen des \u00f6ffentlichen Lebens: als \u00c4rztinnen, Juristinnen, Lehrerinnen, Ingenieurinnen, Unternehmerinnen, K\u00fcnstlerinnen und erfolgreiche Fachkr\u00e4fte&#8221;, betonte Kabashi Ademaj.<\/p>\n<p data-start=\"1954\" data-end=\"2210\" data-is-last-node=\"\" data-is-only-node=\"\">Einer der zentralen Momente des Abends war die Diskussionsrunde, bei der vier albanische Frauen aus unterschiedlichen Generationen und beruflichen Bereichen ihre Erfahrungen \u00fcber Integration und ihren pers\u00f6nlichen Weg in der Schweizer Gesellschaft teilten.<\/p>\n<p><a href=\"https:\/\/www.albinfo.ch\/wp-content\/uploads\/2026\/03\/lir-gjeneve.png\"><img loading=\"lazy\" decoding=\"async\" class=\"alignnone wp-image-906402\" src=\"https:\/\/www.albinfo.ch\/wp-content\/uploads\/2026\/03\/lir-gjeneve.png\" alt=\"\" width=\"650\" height=\"342\" srcset=\"https:\/\/www.albinfo.ch\/wp-content\/uploads\/2026\/03\/lir-gjeneve.png 2048w, https:\/\/www.albinfo.ch\/wp-content\/uploads\/2026\/03\/lir-gjeneve-300x158.png 300w, https:\/\/www.albinfo.ch\/wp-content\/uploads\/2026\/03\/lir-gjeneve-1024x539.png 1024w, https:\/\/www.albinfo.ch\/wp-content\/uploads\/2026\/03\/lir-gjeneve-768x404.png 768w, https:\/\/www.albinfo.ch\/wp-content\/uploads\/2026\/03\/lir-gjeneve-1536x808.png 1536w, https:\/\/www.albinfo.ch\/wp-content\/uploads\/2026\/03\/lir-gjeneve-587x309.png 587w, https:\/\/www.albinfo.ch\/wp-content\/uploads\/2026\/03\/lir-gjeneve-180x95.png 180w, https:\/\/www.albinfo.ch\/wp-content\/uploads\/2026\/03\/lir-gjeneve-265x139.png 265w\" sizes=\"auto, (max-width: 650px) 100vw, 650px\" \/><\/a><\/p>\n<p data-start=\"1364\" data-end=\"1931\">Am Panel nahmen <span class=\"hover:entity-accent entity-underline inline cursor-pointer align-baseline\"><span class=\"whitespace-normal\">Luljete Hoxha Sylejmani<\/span><\/span>, Sozialarbeiterin; <span class=\"hover:entity-accent entity-underline inline cursor-pointer align-baseline\"><span class=\"whitespace-normal\">Rrezarta Sejdiu Shatri<\/span><\/span>, sozialp\u00e4dagogische Animatorin und Koordinatorin des Vereins <span class=\"hover:entity-accent entity-underline inline cursor-pointer align-baseline\"><span class=\"whitespace-normal\">Rinia Contact<\/span><\/span>; <span class=\"hover:entity-accent entity-underline inline cursor-pointer align-baseline\"><span class=\"whitespace-normal\">Fortesa Mehmeti<\/span><\/span>, klinische Leiterin und Verantwortliche der P\u00e4diatrischen Intensivstation an den <span class=\"hover:entity-accent entity-underline inline cursor-pointer align-baseline\"><span class=\"whitespace-normal\">Universit\u00e4tsspit\u00e4lern Genf<\/span><\/span>; sowie <span class=\"hover:entity-accent entity-underline inline cursor-pointer align-baseline\"><span class=\"whitespace-normal\">Elda Gashi<\/span><\/span>, Studentin der Erziehungswissenschaften und Pr\u00e4sidentin des Vereins der albanischen Studierenden in <span class=\"hover:entity-accent entity-underline inline cursor-pointer align-baseline\"><span class=\"whitespace-normal\">Genf<\/span><\/span>, teil.<\/p>\n<p data-start=\"1933\" data-end=\"2257\">Die Diskussion konzentrierte sich auf mehrere wichtige Dimensionen der Integration: den pers\u00f6nlichen Weg in einer neuen Gesellschaft, die Bem\u00fchungen zum Aufbau einer beruflichen Karriere, die Bewahrung der albanischen Sprache und der kulturellen Identit\u00e4t sowie die Balance zwischen Familienleben und beruflichem Engagement.<\/p>\n<p data-start=\"2259\" data-end=\"2712\" data-is-last-node=\"\" data-is-only-node=\"\">Die Teilnehmerinnen teilten konkrete Erfahrungen aus den ersten Jahren der Integration in der <span class=\"hover:entity-accent entity-underline inline cursor-pointer align-baseline\"><span class=\"whitespace-normal\">Schweiz<\/span><\/span> und betonten dabei die Bedeutung von Bildung, sozialer Teilhabe und der Unterst\u00fctzung durch die Gemeinschaft. Ein besonderer Teil der Diskussion war auch der Rolle der Familie und der Gemeinschaft bei der Weitergabe der albanischen Sprache und Kultur an die jungen Generationen gewidmet, die in der Diaspora aufwachsen.<\/p>\n<p><a href=\"https:\/\/www.albinfo.ch\/wp-content\/uploads\/2026\/03\/gjeneve-lira.png\"><img loading=\"lazy\" decoding=\"async\" class=\"alignnone wp-image-906405\" src=\"https:\/\/www.albinfo.ch\/wp-content\/uploads\/2026\/03\/gjeneve-lira.png\" alt=\"\" width=\"650\" height=\"365\" srcset=\"https:\/\/www.albinfo.ch\/wp-content\/uploads\/2026\/03\/gjeneve-lira.png 900w, https:\/\/www.albinfo.ch\/wp-content\/uploads\/2026\/03\/gjeneve-lira-300x169.png 300w, https:\/\/www.albinfo.ch\/wp-content\/uploads\/2026\/03\/gjeneve-lira-768x432.png 768w, https:\/\/www.albinfo.ch\/wp-content\/uploads\/2026\/03\/gjeneve-lira-182x101.png 182w, https:\/\/www.albinfo.ch\/wp-content\/uploads\/2026\/03\/gjeneve-lira-790x443.png 790w, https:\/\/www.albinfo.ch\/wp-content\/uploads\/2026\/03\/gjeneve-lira-587x330.png 587w, https:\/\/www.albinfo.ch\/wp-content\/uploads\/2026\/03\/gjeneve-lira-178x100.png 178w, https:\/\/www.albinfo.ch\/wp-content\/uploads\/2026\/03\/gjeneve-lira-265x149.png 265w\" sizes=\"auto, (max-width: 650px) 100vw, 650px\" \/><\/a><\/p>\n<p data-start=\"1154\" data-end=\"1682\">Zum Abschluss der Diskussion war die Botschaft der Panelteilnehmerinnen an die jungen Menschen klar: an ihr eigenes Potenzial zu glauben, in Bildung zu investieren und sich den Herausforderungen mit Entschlossenheit zu stellen, w\u00e4hrend sie gleichzeitig die Verbindung zu ihrer Identit\u00e4t und ihren kulturellen Wurzeln bewahren. Die Debatte wurde auch durch Beitr\u00e4ge der anwesenden Teilnehmer erweitert, die pers\u00f6nliche Erfahrungen \u00fcber die Integration und die Beteiligung albanischer Frauen in der Schweizer Gesellschaft teilten.<\/p>\n<p data-start=\"1684\" data-end=\"2307\" data-is-last-node=\"\" data-is-only-node=\"\">Das Programm wurde zudem durch einen k\u00fcnstlerisch kulturellen Teil bereichert. Die Cellistin <span class=\"hover:entity-accent entity-underline inline cursor-pointer align-baseline\"><span class=\"whitespace-normal\">Laura Goga<\/span><\/span> interpretierte die Werke &#8220;P\u00ebr ty atdhe&#8221;, ein St\u00fcck von <span class=\"hover:entity-accent entity-underline inline cursor-pointer align-baseline\"><span class=\"whitespace-normal\">Astor Piazzolla<\/span><\/span> sowie &#8220;Apr\u00e8s un r\u00eave&#8221;. Anschlie\u00dfend trug <span class=\"hover:entity-accent entity-underline inline cursor-pointer align-baseline\"><span class=\"whitespace-normal\">Fatime Kallimashi<\/span><\/span> das Gedicht &#8220;Ti, grua&#8221; vor. Am Ende des Programms hatte das Publikum auch die Gelegenheit, die Fl\u00f6tistin <span class=\"hover:entity-accent entity-underline inline cursor-pointer align-baseline\"><span class=\"whitespace-normal\">Vesa Ilazi<\/span><\/span> zu h\u00f6ren, die die St\u00fccke &#8220;Baresha&#8221; und <span class=\"hover:entity-accent entity-underline inline cursor-pointer align-baseline\"><span class=\"whitespace-normal\">Clair de lune<\/span><\/span> interpretierte. Der Abend endete mit einem Ap\u00e9ro und einem freien Austausch zwischen den Anwesenden.<\/p>\n<p><a href=\"https:\/\/www.albinfo.ch\/wp-content\/uploads\/2026\/03\/gjeneve-lule.jpg\"><img loading=\"lazy\" decoding=\"async\" class=\"alignnone wp-image-906414\" src=\"https:\/\/www.albinfo.ch\/wp-content\/uploads\/2026\/03\/gjeneve-lule.jpg\" alt=\"\" width=\"650\" height=\"366\" srcset=\"https:\/\/www.albinfo.ch\/wp-content\/uploads\/2026\/03\/gjeneve-lule.jpg 1500w, https:\/\/www.albinfo.ch\/wp-content\/uploads\/2026\/03\/gjeneve-lule-300x169.jpg 300w, https:\/\/www.albinfo.ch\/wp-content\/uploads\/2026\/03\/gjeneve-lule-1024x576.jpg 1024w, https:\/\/www.albinfo.ch\/wp-content\/uploads\/2026\/03\/gjeneve-lule-768x432.jpg 768w, https:\/\/www.albinfo.ch\/wp-content\/uploads\/2026\/03\/gjeneve-lule-182x101.jpg 182w, https:\/\/www.albinfo.ch\/wp-content\/uploads\/2026\/03\/gjeneve-lule-587x330.jpg 587w, https:\/\/www.albinfo.ch\/wp-content\/uploads\/2026\/03\/gjeneve-lule-178x100.jpg 178w, https:\/\/www.albinfo.ch\/wp-content\/uploads\/2026\/03\/gjeneve-lule-265x149.jpg 265w\" sizes=\"auto, (max-width: 650px) 100vw, 650px\" \/><\/a><\/p>\n<p>Diese Diskussionsrunde hat gezeigt, dass der Weg der albanischen Frau in der Diaspora nicht nur eine Geschichte pers\u00f6nlicher Anstrengungen ist, sondern auch eine gemeinsame Erfahrung, die durch Unterst\u00fctzung, Zusammenarbeit und den Beitrag albanischer Frauen gepr\u00e4gt wird, die in der Schweizer Gesellschaft leben und aktiv sind.<\/p>\n<p><strong>Photo: TvAlbSwiss<\/strong><\/p>\n","protected":false},"excerpt":{"rendered":"<p>Ngjarja u mbajt m\u00eb 6 mars n\u00eb Gjenev\u00eb, ku u b\u00eb edhe prezantimi i nism\u00ebs \u201cZ\u00ebri i Gruas LIRA\u201d, pjes\u00eb e platform\u00ebs e-drejtajote.ch<\/p>\n","protected":false},"author":6,"featured_media":906410,"comment_status":"closed","ping_status":"closed","sticky":false,"template":"","format":"standard","meta":{"footnotes":""},"categories":[24636,1134,1135,24631,1133],"tags":[],"vendi":[31847],"content_country":[29888,31836,31837],"class_list":["post-906717","post","type-post","status-publish","format-standard","has-post-thumbnail","hentry","category-nachrichten-de-4","category-integration","category-frauen","category-nachrichten-de-2","category-e-diaspora-de","vendi-genf","content_country-zvicer","content_country-austria-de","content_country-germany-de"],"acf":[],"_links":{"self":[{"href":"https:\/\/www.albinfo.ch\/de\/wp-json\/wp\/v2\/posts\/906717","targetHints":{"allow":["GET"]}}],"collection":[{"href":"https:\/\/www.albinfo.ch\/de\/wp-json\/wp\/v2\/posts"}],"about":[{"href":"https:\/\/www.albinfo.ch\/de\/wp-json\/wp\/v2\/types\/post"}],"author":[{"embeddable":true,"href":"https:\/\/www.albinfo.ch\/de\/wp-json\/wp\/v2\/users\/6"}],"replies":[{"embeddable":true,"href":"https:\/\/www.albinfo.ch\/de\/wp-json\/wp\/v2\/comments?post=906717"}],"version-history":[{"count":1,"href":"https:\/\/www.albinfo.ch\/de\/wp-json\/wp\/v2\/posts\/906717\/revisions"}],"predecessor-version":[{"id":906718,"href":"https:\/\/www.albinfo.ch\/de\/wp-json\/wp\/v2\/posts\/906717\/revisions\/906718"}],"wp:featuredmedia":[{"embeddable":true,"href":"https:\/\/www.albinfo.ch\/de\/wp-json\/wp\/v2\/media\/906410"}],"wp:attachment":[{"href":"https:\/\/www.albinfo.ch\/de\/wp-json\/wp\/v2\/media?parent=906717"}],"wp:term":[{"taxonomy":"category","embeddable":true,"href":"https:\/\/www.albinfo.ch\/de\/wp-json\/wp\/v2\/categories?post=906717"},{"taxonomy":"post_tag","embeddable":true,"href":"https:\/\/www.albinfo.ch\/de\/wp-json\/wp\/v2\/tags?post=906717"},{"taxonomy":"vendi","embeddable":true,"href":"https:\/\/www.albinfo.ch\/de\/wp-json\/wp\/v2\/vendi?post=906717"},{"taxonomy":"content_country","embeddable":true,"href":"https:\/\/www.albinfo.ch\/de\/wp-json\/wp\/v2\/content_country?post=906717"}],"curies":[{"name":"wp","href":"https:\/\/api.w.org\/{rel}","templated":true}]}}