{"id":906745,"date":"2026-03-08T17:35:50","date_gmt":"2026-03-08T16:35:50","guid":{"rendered":"https:\/\/www.albinfo.ch\/?p=906745"},"modified":"2026-03-09T00:03:38","modified_gmt":"2026-03-08T23:03:38","slug":"die-botschaft-des-kosovo-in-wien-organisiert-ein-treffen-mit-albanischen-lehrern","status":"publish","type":"post","link":"https:\/\/www.albinfo.ch\/de\/die-botschaft-des-kosovo-in-wien-organisiert-ein-treffen-mit-albanischen-lehrern\/","title":{"rendered":"Die Botschaft des Kosovo in Wien organisiert ein Treffen mit albanischen Lehrern"},"content":{"rendered":"<p data-start=\"1235\" data-end=\"1595\">Anl\u00e4sslich des 7. M\u00e4rz, des Tages der Lehrer, organisierte die Botschaft der Republik Kosovo in Wien ein Treffen mit Lehrerinnen und Lehrern des erg\u00e4nzenden Unterrichts in albanischer Sprache in \u00d6sterreich, als Zeichen der Anerkennung f\u00fcr ihren wertvollen Beitrag zur Bewahrung und Pflege der Sprache sowie der nationalen Identit\u00e4t bei den jungen Generationen.<\/p>\n<p data-start=\"1597\" data-end=\"1774\">Die Anwesenden wurden vom Gesch\u00e4ftstr\u00e4ger der Botschaft der Republik Kosovo in Wien, Herrn Albinot Bimbashi, sowie von der Zweiten Sekret\u00e4rin, Frau Marigon\u00eb Vrajolli, empfangen.<\/p>\n<p data-start=\"1776\" data-end=\"2012\">An dem Treffen nahmen teil: Herr Osman Ademi, Vorsitzender von SHMSH \u201cNaim Frash\u00ebri\u201d, MSc. Miradije Berishaj, Herr Ibrahim Hasanaj, Frau Merita Ismaili, Frau Anjeza Abazi, Frau Antigone Elshani sowie Dr. Ina Arapi, berichtet albinfo.at.<\/p>\n<p data-start=\"2014\" data-end=\"2246\">W\u00e4hrend des Treffens w\u00fcrdigte Herr Bimbashi das Engagement und die unerm\u00fcdliche Arbeit der Lehrkr\u00e4fte, die mit ihrem kontinuierlichen Einsatz zur Bewahrung, Entwicklung und Weitergabe der albanischen Sprache in \u00d6sterreich beitragen.<\/p>\n<p data-start=\"2248\" data-end=\"2399\" data-is-last-node=\"\" data-is-only-node=\"\">Die Botschaft der Republik Kosovo in Wien spricht allen Lehrern ihre tiefe Anerkennung aus und w\u00fcnscht ihnen einen sch\u00f6nen 7. M\u00e4rz, den Tag der Lehrer.<\/p>\n<p><iframe loading=\"lazy\" style=\"border: none; overflow: hidden;\" src=\"https:\/\/www.facebook.com\/plugins\/post.php?href=https%3A%2F%2Fwww.facebook.com%2Fkosovoinaustria%2Fposts%2Fpfbid02U1oREc5AkDJEZ8f4yBBEDJeZtEutMVAGENhkJHtN9YrBxpKUhotzo7LhX1LcsJeEl&amp;show_text=true&amp;width=500\" width=\"500\" height=\"811\" frameborder=\"0\" scrolling=\"no\" allowfullscreen=\"allowfullscreen\" data-mce-fragment=\"1\"><\/iframe><\/p>\n","protected":false},"excerpt":{"rendered":"<p>Anl\u00e4sslich des 7. M\u00e4rz, des Tages der Lehrer, organisierte die Botschaft der Republik Kosovo in Wien ein Treffen mit Lehrerinnen und Lehrern des erg\u00e4nzenden Unterrichts in albanischer Sprache in \u00d6sterreich, als Zeichen der Anerkennung f\u00fcr ihren wertvollen Beitrag zur Bewahrung und Pflege der Sprache sowie der nationalen Identit\u00e4t bei den jungen Generationen. Die Anwesenden wurden [&hellip;]<\/p>\n","protected":false},"author":6,"featured_media":906494,"comment_status":"closed","ping_status":"closed","sticky":false,"template":"","format":"standard","meta":{"footnotes":""},"categories":[22803,23120],"tags":[],"vendi":[],"content_country":[],"class_list":["post-906745","post","type-post","status-publish","format-standard","has-post-thumbnail","hentry","category-leben-in-osterreich-de","category-nachrichten"],"acf":[],"_links":{"self":[{"href":"https:\/\/www.albinfo.ch\/de\/wp-json\/wp\/v2\/posts\/906745","targetHints":{"allow":["GET"]}}],"collection":[{"href":"https:\/\/www.albinfo.ch\/de\/wp-json\/wp\/v2\/posts"}],"about":[{"href":"https:\/\/www.albinfo.ch\/de\/wp-json\/wp\/v2\/types\/post"}],"author":[{"embeddable":true,"href":"https:\/\/www.albinfo.ch\/de\/wp-json\/wp\/v2\/users\/6"}],"replies":[{"embeddable":true,"href":"https:\/\/www.albinfo.ch\/de\/wp-json\/wp\/v2\/comments?post=906745"}],"version-history":[{"count":1,"href":"https:\/\/www.albinfo.ch\/de\/wp-json\/wp\/v2\/posts\/906745\/revisions"}],"predecessor-version":[{"id":906746,"href":"https:\/\/www.albinfo.ch\/de\/wp-json\/wp\/v2\/posts\/906745\/revisions\/906746"}],"wp:featuredmedia":[{"embeddable":true,"href":"https:\/\/www.albinfo.ch\/de\/wp-json\/wp\/v2\/media\/906494"}],"wp:attachment":[{"href":"https:\/\/www.albinfo.ch\/de\/wp-json\/wp\/v2\/media?parent=906745"}],"wp:term":[{"taxonomy":"category","embeddable":true,"href":"https:\/\/www.albinfo.ch\/de\/wp-json\/wp\/v2\/categories?post=906745"},{"taxonomy":"post_tag","embeddable":true,"href":"https:\/\/www.albinfo.ch\/de\/wp-json\/wp\/v2\/tags?post=906745"},{"taxonomy":"vendi","embeddable":true,"href":"https:\/\/www.albinfo.ch\/de\/wp-json\/wp\/v2\/vendi?post=906745"},{"taxonomy":"content_country","embeddable":true,"href":"https:\/\/www.albinfo.ch\/de\/wp-json\/wp\/v2\/content_country?post=906745"}],"curies":[{"name":"wp","href":"https:\/\/api.w.org\/{rel}","templated":true}]}}