{"id":906753,"date":"2026-03-08T18:43:53","date_gmt":"2026-03-08T17:43:53","guid":{"rendered":"https:\/\/www.albinfo.ch\/?p=906753"},"modified":"2026-03-09T00:18:38","modified_gmt":"2026-03-08T23:18:38","slug":"heute-ist-der-internationale-frauentag","status":"publish","type":"post","link":"https:\/\/www.albinfo.ch\/de\/heute-ist-der-internationale-frauentag\/","title":{"rendered":"Heute ist der Internationale Frauentag"},"content":{"rendered":"<p data-start=\"825\" data-end=\"923\">Heute wird der 8. M\u00e4rz begangen, der Internationale Frauentag, der auch als Muttertag bekannt ist.<\/p>\n<p data-start=\"925\" data-end=\"1150\">Seinen Ursprung hat dieser Tag am 8. M\u00e4rz 1857, als Textilarbeiterinnen in <span class=\"hover:entity-accent entity-underline inline cursor-pointer align-baseline\"><span class=\"whitespace-normal\">New York City<\/span><\/span> gegen Unterdr\u00fcckung und harte Ausbeutung protestierten, der sie und ihre Kinder bei der Arbeit ausgesetzt waren.<\/p>\n<p data-start=\"1152\" data-end=\"1488\">Sp\u00e4ter beschlossen hundert Frauen aus vielen europ\u00e4ischen L\u00e4ndern und aus den <span class=\"hover:entity-accent entity-underline inline cursor-pointer align-baseline\"><span class=\"whitespace-normal\">Vereinigte Staaten von Amerika<\/span><\/span>, die sich in <span class=\"hover:entity-accent entity-underline inline cursor-pointer align-baseline\"><span class=\"whitespace-normal\">Kopenhagen<\/span><\/span> unter dem Vorsitz von <span class=\"hover:entity-accent entity-underline inline cursor-pointer align-baseline\"><span class=\"whitespace-normal\">Clara Zetkin<\/span><\/span> versammelt hatten, dass der 8. M\u00e4rz als Internationaler Frauentag begangen werden soll, berichtet albinfo.ch.<\/p>\n<p data-start=\"1490\" data-end=\"1643\" data-is-last-node=\"\" data-is-only-node=\"\">Zu diesem Anlass erhalten M\u00fctter und Frauen verschiedene Geschenke, wobei Blumen das h\u00e4ufigste Geschenk sind und als Symbol f\u00fcr Respekt und Liebe gelten.<\/p>\n","protected":false},"excerpt":{"rendered":"<p>Heute wird der 8. M\u00e4rz begangen, der Internationale Frauentag, der auch als Muttertag bekannt ist. Seinen Ursprung hat dieser Tag am 8. M\u00e4rz 1857, als Textilarbeiterinnen in New York City gegen Unterdr\u00fcckung und harte Ausbeutung protestierten, der sie und ihre Kinder bei der Arbeit ausgesetzt waren. Sp\u00e4ter beschlossen hundert Frauen aus vielen europ\u00e4ischen L\u00e4ndern und [&hellip;]<\/p>\n","protected":false},"author":6,"featured_media":906500,"comment_status":"closed","ping_status":"closed","sticky":false,"template":"","format":"standard","meta":{"footnotes":""},"categories":[1157],"tags":[],"vendi":[],"content_country":[],"class_list":["post-906753","post","type-post","status-publish","format-standard","has-post-thumbnail","hentry","category-welt"],"acf":[],"_links":{"self":[{"href":"https:\/\/www.albinfo.ch\/de\/wp-json\/wp\/v2\/posts\/906753","targetHints":{"allow":["GET"]}}],"collection":[{"href":"https:\/\/www.albinfo.ch\/de\/wp-json\/wp\/v2\/posts"}],"about":[{"href":"https:\/\/www.albinfo.ch\/de\/wp-json\/wp\/v2\/types\/post"}],"author":[{"embeddable":true,"href":"https:\/\/www.albinfo.ch\/de\/wp-json\/wp\/v2\/users\/6"}],"replies":[{"embeddable":true,"href":"https:\/\/www.albinfo.ch\/de\/wp-json\/wp\/v2\/comments?post=906753"}],"version-history":[{"count":1,"href":"https:\/\/www.albinfo.ch\/de\/wp-json\/wp\/v2\/posts\/906753\/revisions"}],"predecessor-version":[{"id":906754,"href":"https:\/\/www.albinfo.ch\/de\/wp-json\/wp\/v2\/posts\/906753\/revisions\/906754"}],"wp:featuredmedia":[{"embeddable":true,"href":"https:\/\/www.albinfo.ch\/de\/wp-json\/wp\/v2\/media\/906500"}],"wp:attachment":[{"href":"https:\/\/www.albinfo.ch\/de\/wp-json\/wp\/v2\/media?parent=906753"}],"wp:term":[{"taxonomy":"category","embeddable":true,"href":"https:\/\/www.albinfo.ch\/de\/wp-json\/wp\/v2\/categories?post=906753"},{"taxonomy":"post_tag","embeddable":true,"href":"https:\/\/www.albinfo.ch\/de\/wp-json\/wp\/v2\/tags?post=906753"},{"taxonomy":"vendi","embeddable":true,"href":"https:\/\/www.albinfo.ch\/de\/wp-json\/wp\/v2\/vendi?post=906753"},{"taxonomy":"content_country","embeddable":true,"href":"https:\/\/www.albinfo.ch\/de\/wp-json\/wp\/v2\/content_country?post=906753"}],"curies":[{"name":"wp","href":"https:\/\/api.w.org\/{rel}","templated":true}]}}