{"id":906877,"date":"2026-03-09T09:43:17","date_gmt":"2026-03-09T08:43:17","guid":{"rendered":"https:\/\/www.albinfo.ch\/?p=906877"},"modified":"2026-03-09T20:46:01","modified_gmt":"2026-03-09T19:46:01","slug":"die-botschaft-des-kosovo-in-oesterreich-eroeffnet-eine-ausstellung-zum-28-jahrestag-der-epopoee","status":"publish","type":"post","link":"https:\/\/www.albinfo.ch\/de\/die-botschaft-des-kosovo-in-oesterreich-eroeffnet-eine-ausstellung-zum-28-jahrestag-der-epopoee\/","title":{"rendered":"Die Botschaft des Kosovo in \u00d6sterreich er\u00f6ffnet eine Ausstellung zum 28. Jahrestag der Epop\u00f6e"},"content":{"rendered":"<p data-start=\"2296\" data-end=\"2476\">In der Botschaft des Kosovo in \u00d6sterreich wurde anl\u00e4sslich des 28. Jahrestages der Epop\u00f6e der Befreiungsarmee des Kosovo eine Gedenkveranstaltung organisiert, berichtet albinfo.at.<\/p>\n<p data-start=\"2478\" data-end=\"2830\">Bei dieser besonderen kulturellen Veranstaltung wurden die Werke albanischer K\u00fcnstler vorgestellt, die in \u00d6sterreich leben und arbeiten: Haxhi Fejzullahu, G\u00ebzim Emini und Halim Mejzini. Durch ihre k\u00fcnstlerischen Arbeiten brachten sie wichtige Reflexionen und Interpretationen \u00fcber Geschichte, Erinnerung und die Werte des Freiheitskampfes zum Ausdruck.<\/p>\n<p data-start=\"2832\" data-end=\"3288\">Die feierliche Er\u00f6ffnung der Ausstellung wurde von zwei Sch\u00fclerinnen mit zwei k\u00fcnstlerischen Rezitationen gestaltet. Anschlie\u00dfend setzte sich das Programm mit einer Ansprache des Gesch\u00e4ftstr\u00e4gers der Botschaft der Republik Kosovo in Wien, Herrn Albinot Bimbashi, fort. Er w\u00fcrdigte die k\u00fcnstlerischen Werte der ausgestellten Werke und brachte seine tiefe Anerkennung f\u00fcr die Freiheitsk\u00e4mpfer und ihr Opfer f\u00fcr die Freiheit zum Ausdruck, schreibt albinfo.at.<\/p>\n<p data-start=\"3290\" data-end=\"3439\">Neben anderen G\u00e4sten nahmen auch Veteranen der Befreiungsarmee des Kosovo an dieser Veranstaltung teil und ehrten das Gedenken mit ihrer Anwesenheit.<\/p>\n<p data-start=\"3441\" data-end=\"3762\">Diese Ausstellung war ein besonderer Moment, um an das Opfer des kosovarischen Volkes zu erinnern und es zu w\u00fcrdigen, insbesondere an den Heroismus und den Widerstand der Familie Jashari und des legend\u00e4ren Kommandanten Adem Jashari, die zu Symbolen von Freiheit, Mut und Opferbereitschaft f\u00fcr das Vaterland geworden sind.<\/p>\n<p data-start=\"3764\" data-end=\"3962\">Durch die Kunst wurde die Bedeutung der Bewahrung der historischen Erinnerung und der Ehrung jener, die f\u00fcr die Freiheit und Unabh\u00e4ngigkeit des Kosovo ihr Leben geopfert haben, erneut hervorgehoben.<\/p>\n<p data-start=\"3964\" data-end=\"4185\">Die Botschaft der Republik Kosovo in Wien teilt mit, dass die Kunstausstellung &#8220;Epopeja e U\u00c7K-s\u00eb&#8221; mit Werken der K\u00fcnstler Haxhi Fejzullahu, Halim Mejzini und G\u00ebzim Emini an folgenden Tagen f\u00fcr Besucher ge\u00f6ffnet sein wird:<\/p>\n<p data-start=\"4187\" data-end=\"4344\">\u2022 Montag, 9. M\u00e4rz 2026, von 15:00 bis 20:00 Uhr<br data-start=\"4234\" data-end=\"4237\" \/>\u2022 Mittwoch, 11. M\u00e4rz 2026, von 15:00 bis 20:00 Uhr<br data-start=\"4287\" data-end=\"4290\" \/>\u2022 Donnerstag, 12. M\u00e4rz 2026, von 15:00 bis 20:00 Uhr<\/p>\n<p data-start=\"4346\" data-end=\"4643\" data-is-last-node=\"\" data-is-only-node=\"\">Alle Interessierten sind herzlich eingeladen, die Ausstellung zu besuchen und die Kunstwerke kennenzulernen, die durch ihre Ausdrucksform die Erinnerung und Symbolik der Epop\u00f6e der Befreiungsarmee des Kosovo vermitteln.<br data-start=\"4565\" data-end=\"4568\" \/>Adresse: Botschaft der Republik Kosovo, Prinz Eugen Stra\u00dfe 8 &#8211; 10, 1040 Wien.<\/p>\n<p><a href=\"https:\/\/www.albinfo.ch\/wp-content\/uploads\/2026\/03\/646967917_1224846063145889_2289407725287623888_n.jpg\"><img loading=\"lazy\" decoding=\"async\" class=\"alignnone wp-image-906529\" src=\"https:\/\/www.albinfo.ch\/wp-content\/uploads\/2026\/03\/646967917_1224846063145889_2289407725287623888_n.jpg\" alt=\"\" width=\"500\" height=\"375\" srcset=\"https:\/\/www.albinfo.ch\/wp-content\/uploads\/2026\/03\/646967917_1224846063145889_2289407725287623888_n.jpg 1500w, https:\/\/www.albinfo.ch\/wp-content\/uploads\/2026\/03\/646967917_1224846063145889_2289407725287623888_n-300x225.jpg 300w, https:\/\/www.albinfo.ch\/wp-content\/uploads\/2026\/03\/646967917_1224846063145889_2289407725287623888_n-1024x768.jpg 1024w, https:\/\/www.albinfo.ch\/wp-content\/uploads\/2026\/03\/646967917_1224846063145889_2289407725287623888_n-768x576.jpg 768w, https:\/\/www.albinfo.ch\/wp-content\/uploads\/2026\/03\/646967917_1224846063145889_2289407725287623888_n-528x396.jpg 528w, https:\/\/www.albinfo.ch\/wp-content\/uploads\/2026\/03\/646967917_1224846063145889_2289407725287623888_n-133x100.jpg 133w, https:\/\/www.albinfo.ch\/wp-content\/uploads\/2026\/03\/646967917_1224846063145889_2289407725287623888_n-233x175.jpg 233w\" sizes=\"auto, (max-width: 500px) 100vw, 500px\" \/><\/a> <a href=\"https:\/\/www.albinfo.ch\/wp-content\/uploads\/2026\/03\/648330678_1453290799198001_4933553488674545279_n.jpg\"><img loading=\"lazy\" decoding=\"async\" class=\"alignnone wp-image-906526\" src=\"https:\/\/www.albinfo.ch\/wp-content\/uploads\/2026\/03\/648330678_1453290799198001_4933553488674545279_n.jpg\" alt=\"\" width=\"500\" height=\"785\" srcset=\"https:\/\/www.albinfo.ch\/wp-content\/uploads\/2026\/03\/648330678_1453290799198001_4933553488674545279_n.jpg 1304w, https:\/\/www.albinfo.ch\/wp-content\/uploads\/2026\/03\/648330678_1453290799198001_4933553488674545279_n-191x300.jpg 191w, https:\/\/www.albinfo.ch\/wp-content\/uploads\/2026\/03\/648330678_1453290799198001_4933553488674545279_n-652x1024.jpg 652w, https:\/\/www.albinfo.ch\/wp-content\/uploads\/2026\/03\/648330678_1453290799198001_4933553488674545279_n-768x1206.jpg 768w, https:\/\/www.albinfo.ch\/wp-content\/uploads\/2026\/03\/648330678_1453290799198001_4933553488674545279_n-978x1536.jpg 978w, https:\/\/www.albinfo.ch\/wp-content\/uploads\/2026\/03\/648330678_1453290799198001_4933553488674545279_n-252x396.jpg 252w, https:\/\/www.albinfo.ch\/wp-content\/uploads\/2026\/03\/648330678_1453290799198001_4933553488674545279_n-64x100.jpg 64w, https:\/\/www.albinfo.ch\/wp-content\/uploads\/2026\/03\/648330678_1453290799198001_4933553488674545279_n-111x175.jpg 111w\" sizes=\"auto, (max-width: 500px) 100vw, 500px\" \/><\/a> <a href=\"https:\/\/www.albinfo.ch\/wp-content\/uploads\/2026\/03\/643920635_2439625723159325_862311893251415719_n.jpg\"><img loading=\"lazy\" decoding=\"async\" class=\"alignnone wp-image-906523\" src=\"https:\/\/www.albinfo.ch\/wp-content\/uploads\/2026\/03\/643920635_2439625723159325_862311893251415719_n.jpg\" alt=\"\" width=\"500\" height=\"281\" srcset=\"https:\/\/www.albinfo.ch\/wp-content\/uploads\/2026\/03\/643920635_2439625723159325_862311893251415719_n.jpg 1500w, https:\/\/www.albinfo.ch\/wp-content\/uploads\/2026\/03\/643920635_2439625723159325_862311893251415719_n-300x169.jpg 300w, https:\/\/www.albinfo.ch\/wp-content\/uploads\/2026\/03\/643920635_2439625723159325_862311893251415719_n-1024x576.jpg 1024w, https:\/\/www.albinfo.ch\/wp-content\/uploads\/2026\/03\/643920635_2439625723159325_862311893251415719_n-768x432.jpg 768w, https:\/\/www.albinfo.ch\/wp-content\/uploads\/2026\/03\/643920635_2439625723159325_862311893251415719_n-182x101.jpg 182w, https:\/\/www.albinfo.ch\/wp-content\/uploads\/2026\/03\/643920635_2439625723159325_862311893251415719_n-790x443.jpg 790w, https:\/\/www.albinfo.ch\/wp-content\/uploads\/2026\/03\/643920635_2439625723159325_862311893251415719_n-587x330.jpg 587w, https:\/\/www.albinfo.ch\/wp-content\/uploads\/2026\/03\/643920635_2439625723159325_862311893251415719_n-178x100.jpg 178w, https:\/\/www.albinfo.ch\/wp-content\/uploads\/2026\/03\/643920635_2439625723159325_862311893251415719_n-265x149.jpg 265w\" sizes=\"auto, (max-width: 500px) 100vw, 500px\" \/><\/a> <a href=\"https:\/\/www.albinfo.ch\/wp-content\/uploads\/2026\/03\/646662298_954149207164309_3735508224503431076_n.jpg\"><img loading=\"lazy\" decoding=\"async\" class=\"alignnone wp-image-906520\" src=\"https:\/\/www.albinfo.ch\/wp-content\/uploads\/2026\/03\/646662298_954149207164309_3735508224503431076_n.jpg\" alt=\"\" width=\"500\" height=\"667\" srcset=\"https:\/\/www.albinfo.ch\/wp-content\/uploads\/2026\/03\/646662298_954149207164309_3735508224503431076_n.jpg 1536w, https:\/\/www.albinfo.ch\/wp-content\/uploads\/2026\/03\/646662298_954149207164309_3735508224503431076_n-225x300.jpg 225w, https:\/\/www.albinfo.ch\/wp-content\/uploads\/2026\/03\/646662298_954149207164309_3735508224503431076_n-768x1024.jpg 768w, https:\/\/www.albinfo.ch\/wp-content\/uploads\/2026\/03\/646662298_954149207164309_3735508224503431076_n-1152x1536.jpg 1152w, https:\/\/www.albinfo.ch\/wp-content\/uploads\/2026\/03\/646662298_954149207164309_3735508224503431076_n-297x396.jpg 297w, https:\/\/www.albinfo.ch\/wp-content\/uploads\/2026\/03\/646662298_954149207164309_3735508224503431076_n-75x100.jpg 75w, https:\/\/www.albinfo.ch\/wp-content\/uploads\/2026\/03\/646662298_954149207164309_3735508224503431076_n-131x175.jpg 131w\" sizes=\"auto, (max-width: 500px) 100vw, 500px\" \/><\/a> <a href=\"https:\/\/www.albinfo.ch\/wp-content\/uploads\/2026\/03\/642558735_1672891690365741_7866345424197943084_n.jpg\"><img loading=\"lazy\" decoding=\"async\" class=\"alignnone wp-image-906517\" src=\"https:\/\/www.albinfo.ch\/wp-content\/uploads\/2026\/03\/642558735_1672891690365741_7866345424197943084_n.jpg\" alt=\"\" width=\"500\" height=\"732\" srcset=\"https:\/\/www.albinfo.ch\/wp-content\/uploads\/2026\/03\/642558735_1672891690365741_7866345424197943084_n.jpg 1229w, https:\/\/www.albinfo.ch\/wp-content\/uploads\/2026\/03\/642558735_1672891690365741_7866345424197943084_n-205x300.jpg 205w, https:\/\/www.albinfo.ch\/wp-content\/uploads\/2026\/03\/642558735_1672891690365741_7866345424197943084_n-699x1024.jpg 699w, https:\/\/www.albinfo.ch\/wp-content\/uploads\/2026\/03\/642558735_1672891690365741_7866345424197943084_n-768x1125.jpg 768w, https:\/\/www.albinfo.ch\/wp-content\/uploads\/2026\/03\/642558735_1672891690365741_7866345424197943084_n-1049x1536.jpg 1049w, https:\/\/www.albinfo.ch\/wp-content\/uploads\/2026\/03\/642558735_1672891690365741_7866345424197943084_n-270x396.jpg 270w, https:\/\/www.albinfo.ch\/wp-content\/uploads\/2026\/03\/642558735_1672891690365741_7866345424197943084_n-68x100.jpg 68w, https:\/\/www.albinfo.ch\/wp-content\/uploads\/2026\/03\/642558735_1672891690365741_7866345424197943084_n-119x175.jpg 119w\" sizes=\"auto, (max-width: 500px) 100vw, 500px\" \/><\/a><\/p>\n","protected":false},"excerpt":{"rendered":"<p>N\u00eb k\u00ebt\u00eb ngjarje t\u00eb ve\u00e7ant\u00eb kulturore u prezantuan veprat e artist\u00ebve shqiptar\u00eb q\u00eb jetojn\u00eb dhe veprojn\u00eb n\u00eb Austri: Haxhi Fejzullahu, G\u00ebzim Emini dhe Halim Mejzini<\/p>\n","protected":false},"author":6,"featured_media":906534,"comment_status":"closed","ping_status":"closed","sticky":false,"template":"","format":"standard","meta":{"footnotes":""},"categories":[22803,23126],"tags":[],"vendi":[],"content_country":[],"class_list":["post-906877","post","type-post","status-publish","format-standard","has-post-thumbnail","hentry","category-leben-in-osterreich-de","category-anlasse"],"acf":[],"_links":{"self":[{"href":"https:\/\/www.albinfo.ch\/de\/wp-json\/wp\/v2\/posts\/906877","targetHints":{"allow":["GET"]}}],"collection":[{"href":"https:\/\/www.albinfo.ch\/de\/wp-json\/wp\/v2\/posts"}],"about":[{"href":"https:\/\/www.albinfo.ch\/de\/wp-json\/wp\/v2\/types\/post"}],"author":[{"embeddable":true,"href":"https:\/\/www.albinfo.ch\/de\/wp-json\/wp\/v2\/users\/6"}],"replies":[{"embeddable":true,"href":"https:\/\/www.albinfo.ch\/de\/wp-json\/wp\/v2\/comments?post=906877"}],"version-history":[{"count":1,"href":"https:\/\/www.albinfo.ch\/de\/wp-json\/wp\/v2\/posts\/906877\/revisions"}],"predecessor-version":[{"id":906878,"href":"https:\/\/www.albinfo.ch\/de\/wp-json\/wp\/v2\/posts\/906877\/revisions\/906878"}],"wp:featuredmedia":[{"embeddable":true,"href":"https:\/\/www.albinfo.ch\/de\/wp-json\/wp\/v2\/media\/906534"}],"wp:attachment":[{"href":"https:\/\/www.albinfo.ch\/de\/wp-json\/wp\/v2\/media?parent=906877"}],"wp:term":[{"taxonomy":"category","embeddable":true,"href":"https:\/\/www.albinfo.ch\/de\/wp-json\/wp\/v2\/categories?post=906877"},{"taxonomy":"post_tag","embeddable":true,"href":"https:\/\/www.albinfo.ch\/de\/wp-json\/wp\/v2\/tags?post=906877"},{"taxonomy":"vendi","embeddable":true,"href":"https:\/\/www.albinfo.ch\/de\/wp-json\/wp\/v2\/vendi?post=906877"},{"taxonomy":"content_country","embeddable":true,"href":"https:\/\/www.albinfo.ch\/de\/wp-json\/wp\/v2\/content_country?post=906877"}],"curies":[{"name":"wp","href":"https:\/\/api.w.org\/{rel}","templated":true}]}}