{"id":906897,"date":"2026-03-09T11:43:37","date_gmt":"2026-03-09T10:43:37","guid":{"rendered":"https:\/\/www.albinfo.ch\/?p=906897"},"modified":"2026-03-09T21:10:26","modified_gmt":"2026-03-09T20:10:26","slug":"albanische-ingenieure-in-der-schweiz-organisieren-eine-webinarreihe-zum-austausch-von-fachwissen","status":"publish","type":"post","link":"https:\/\/www.albinfo.ch\/de\/albanische-ingenieure-in-der-schweiz-organisieren-eine-webinarreihe-zum-austausch-von-fachwissen\/","title":{"rendered":"Albanische Ingenieure in der Schweiz organisieren eine Webinarreihe zum Austausch von Fachwissen"},"content":{"rendered":"<p data-start=\"423\" data-end=\"461\">Informationen zur Teilnahme am Webinar<\/p>\n<p data-start=\"463\" data-end=\"493\">Link zur Teilnahme am Webinar:<\/p>\n<p data-start=\"495\" data-end=\"563\"><a class=\"decorated-link\" href=\"https:\/\/teams.microsoft.com\/meet\/36936444480828?p=FeF7AjhBvNeIqsnz2G\" target=\"_new\" rel=\"noopener\" data-start=\"495\" data-end=\"563\">https:\/\/teams.microsoft.com\/meet\/36936444480828?p=FeF7AjhBvNeIqsnz2G<\/a><\/p>\n<p data-start=\"565\" data-end=\"595\">Meeting ID: 369 364 444 808 28<\/p>\n<p data-start=\"597\" data-end=\"615\">Passwort: 3yW2A2rz<\/p>\n<p data-start=\"617\" data-end=\"780\" data-is-last-node=\"\" data-is-only-node=\"\">Der Teilnahmelink sowie weitere Informationen sind auch auf der LinkedIn Seite und auf der Website des Vereins Albanian Engineering of Switzerland (AES) zu finden.<\/p>\n<p>Join the webinar here:<br \/>\n<a class=\"VBLqHsHvuoZghLmlWyQapBMyykOxWXk \" tabindex=\"0\" href=\"https:\/\/lnkd.in\/ezZhMJ4Z\" target=\"_self\" data-test-app-aware-link=\"\">https:\/\/lnkd.in\/ezZhMJ4Z<\/a><\/p>\n<p><iframe loading=\"lazy\" title=\"Embedded post\" src=\"https:\/\/www.linkedin.com\/embed\/feed\/update\/urn:li:share:7432149495410315264?collapsed=1\" width=\"504\" height=\"669\" frameborder=\"0\" allowfullscreen=\"allowfullscreen\" data-mce-fragment=\"1\"><\/iframe><\/p>\n<p data-start=\"951\" data-end=\"1311\">Der Verein Albanian Engineering of Switzerland (AES) hat die Organisation einer Reihe von vier Webinaren im Laufe des Jahres 2026 angek\u00fcndigt. Diese Initiative soll einen Raum f\u00fcr Zusammenarbeit und fachlichen Austausch zwischen Albanern schaffen, die in verschiedenen Bereichen der Ingenieurwissenschaften und der Wissenschaft t\u00e4tig sind, schreibt albinfo.ch.<\/p>\n<p data-start=\"1313\" data-end=\"1554\">Durch diese Reihe von Online Aktivit\u00e4ten m\u00f6chte AES das berufliche Netzwerk innerhalb der albanischen Diaspora st\u00e4rken und eine Plattform schaffen, auf der Erfahrungen und Fachwissen von Fachleuten offen geteilt und diskutiert werden k\u00f6nnen.<\/p>\n<p data-start=\"1556\" data-end=\"1922\" data-is-last-node=\"\" data-is-only-node=\"\">Das erste Webinar findet am 11. M\u00e4rz 2026 von 19:00 bis 20:00 Uhr statt und wird \u00fcber die Plattform Microsoft Teams durchgef\u00fchrt. Es wird erwartet, dass albanische Teilnehmer aus verschiedenen L\u00e4ndern der Welt daran teilnehmen, obwohl die Organisation aus der albanischen Fachgemeinschaft in der Schweiz hervorgeht. Referent dieses Webinars wird Florent Lushta sein.<\/p>\n<p><a href=\"https:\/\/www.albinfo.ch\/wp-content\/uploads\/2026\/03\/582080445_2390840098053446_1441088162466052083_n.jpg\"><img loading=\"lazy\" decoding=\"async\" class=\"alignnone wp-image-906547\" src=\"https:\/\/www.albinfo.ch\/wp-content\/uploads\/2026\/03\/582080445_2390840098053446_1441088162466052083_n.jpg\" alt=\"\" width=\"500\" height=\"673\" srcset=\"https:\/\/www.albinfo.ch\/wp-content\/uploads\/2026\/03\/582080445_2390840098053446_1441088162466052083_n.jpg 775w, https:\/\/www.albinfo.ch\/wp-content\/uploads\/2026\/03\/582080445_2390840098053446_1441088162466052083_n-223x300.jpg 223w, https:\/\/www.albinfo.ch\/wp-content\/uploads\/2026\/03\/582080445_2390840098053446_1441088162466052083_n-761x1024.jpg 761w, https:\/\/www.albinfo.ch\/wp-content\/uploads\/2026\/03\/582080445_2390840098053446_1441088162466052083_n-768x1034.jpg 768w, https:\/\/www.albinfo.ch\/wp-content\/uploads\/2026\/03\/582080445_2390840098053446_1441088162466052083_n-294x396.jpg 294w, https:\/\/www.albinfo.ch\/wp-content\/uploads\/2026\/03\/582080445_2390840098053446_1441088162466052083_n-74x100.jpg 74w, https:\/\/www.albinfo.ch\/wp-content\/uploads\/2026\/03\/582080445_2390840098053446_1441088162466052083_n-130x175.jpg 130w\" sizes=\"auto, (max-width: 500px) 100vw, 500px\" \/><\/a><\/p>\n<p data-start=\"1051\" data-end=\"1514\">Im Rahmen der Organisation dieser Webinarreihe haben die Veranstalter mitgeteilt, dass die entsprechenden Informationen zu jeder Aktivit\u00e4t einige Tage vor ihrer Durchf\u00fchrung ver\u00f6ffentlicht werden. Das Informationsmaterial f\u00fcr das erste Webinar enth\u00e4lt die wichtigsten Angaben zum Thema, zur Uhrzeit und zur Teilnahme. Der entsprechende Flyer fasst die zentralen Informationen zusammen und soll im Rahmen der Ank\u00fcndigung dieser Veranstaltung ver\u00f6ffentlicht werden.<\/p>\n<p data-start=\"1516\" data-end=\"2073\" data-is-last-node=\"\" data-is-only-node=\"\">Der Verein Albanian Engineering of Switzerland (AES) ist eine gemeinn\u00fctzige Organisation, die darauf abzielt, die F\u00e4higkeiten, Kenntnisse und beruflichen Erfahrungen ihrer Mitglieder zu b\u00fcndeln und zu koordinieren, um den Herausforderungen der gesellschaftlichen Entwicklung zu begegnen. Gleichzeitig engagiert sich der Verein f\u00fcr die F\u00f6rderung albanischer Fachkr\u00e4fte in den Bereichen Ingenieurwesen und Wissenschaft und tr\u00e4gt damit zur Integration der albanischen Gemeinschaft in der Schweiz sowie zur St\u00e4rkung ihrer Sichtbarkeit im beruflichen Umfeld bei.<\/p>\n<p><a href=\"https:\/\/www.albinfo.ch\/wp-content\/uploads\/2026\/03\/642358632_1909169996629795_1363178210188925484_n.jpg\"><img loading=\"lazy\" decoding=\"async\" class=\"alignnone wp-image-906544\" src=\"https:\/\/www.albinfo.ch\/wp-content\/uploads\/2026\/03\/642358632_1909169996629795_1363178210188925484_n.jpg\" alt=\"\" width=\"500\" height=\"282\" srcset=\"https:\/\/www.albinfo.ch\/wp-content\/uploads\/2026\/03\/642358632_1909169996629795_1363178210188925484_n.jpg 1141w, https:\/\/www.albinfo.ch\/wp-content\/uploads\/2026\/03\/642358632_1909169996629795_1363178210188925484_n-300x169.jpg 300w, https:\/\/www.albinfo.ch\/wp-content\/uploads\/2026\/03\/642358632_1909169996629795_1363178210188925484_n-1024x577.jpg 1024w, https:\/\/www.albinfo.ch\/wp-content\/uploads\/2026\/03\/642358632_1909169996629795_1363178210188925484_n-768x433.jpg 768w, https:\/\/www.albinfo.ch\/wp-content\/uploads\/2026\/03\/642358632_1909169996629795_1363178210188925484_n-587x331.jpg 587w, https:\/\/www.albinfo.ch\/wp-content\/uploads\/2026\/03\/642358632_1909169996629795_1363178210188925484_n-177x100.jpg 177w, https:\/\/www.albinfo.ch\/wp-content\/uploads\/2026\/03\/642358632_1909169996629795_1363178210188925484_n-265x149.jpg 265w\" sizes=\"auto, (max-width: 500px) 100vw, 500px\" \/><\/a><\/p>\n<p data-start=\"787\" data-end=\"1162\">Durch ihre Aktivit\u00e4ten m\u00f6chte AES auch die Zusammenarbeit sowie den Transfer von Technologie und Wissen zwischen der Schweiz und den Herkunftsl\u00e4ndern der albanischen Diaspora f\u00f6rdern. Ziel ist es, Br\u00fccken der Zusammenarbeit zu schaffen, die zur Entwicklung gemeinsamer Projekte beitragen und die beruflichen Verbindungen zwischen albanischen Experten weltweit st\u00e4rken k\u00f6nnen.<\/p>\n<p data-start=\"1164\" data-end=\"1558\" data-is-last-node=\"\" data-is-only-node=\"\">Die Webinare werden in albanischer Sprache organisiert und sind kostenlos zug\u00e4nglich. Nach Angaben der Organisatoren sollen diese Aktivit\u00e4ten einen gemeinsamen Raum schaffen, in dem albanische Fachleute ihre Erfahrungen austauschen, die neuesten Entwicklungen in ihren jeweiligen Fachgebieten diskutieren und zum Aufbau eines immer st\u00e4rker vernetzten professionellen Netzwerks beitragen k\u00f6nnen.<\/p>\n<p><a href=\"https:\/\/www.albinfo.ch\/wp-content\/uploads\/2026\/03\/634976975_4492872260943848_776070331795454327_n.jpg\"><img loading=\"lazy\" decoding=\"async\" class=\"alignnone wp-image-906541\" src=\"https:\/\/www.albinfo.ch\/wp-content\/uploads\/2026\/03\/634976975_4492872260943848_776070331795454327_n.jpg\" alt=\"\" width=\"500\" height=\"258\" srcset=\"https:\/\/www.albinfo.ch\/wp-content\/uploads\/2026\/03\/634976975_4492872260943848_776070331795454327_n.jpg 1126w, https:\/\/www.albinfo.ch\/wp-content\/uploads\/2026\/03\/634976975_4492872260943848_776070331795454327_n-300x155.jpg 300w, https:\/\/www.albinfo.ch\/wp-content\/uploads\/2026\/03\/634976975_4492872260943848_776070331795454327_n-1024x529.jpg 1024w, https:\/\/www.albinfo.ch\/wp-content\/uploads\/2026\/03\/634976975_4492872260943848_776070331795454327_n-768x397.jpg 768w, https:\/\/www.albinfo.ch\/wp-content\/uploads\/2026\/03\/634976975_4492872260943848_776070331795454327_n-587x303.jpg 587w, https:\/\/www.albinfo.ch\/wp-content\/uploads\/2026\/03\/634976975_4492872260943848_776070331795454327_n-180x93.jpg 180w, https:\/\/www.albinfo.ch\/wp-content\/uploads\/2026\/03\/634976975_4492872260943848_776070331795454327_n-265x137.jpg 265w\" sizes=\"auto, (max-width: 500px) 100vw, 500px\" \/><\/a><\/p>\n<p>&nbsp;<\/p>\n<p>&nbsp;<\/p>\n","protected":false},"excerpt":{"rendered":"<p>Webinaret organizohen n\u00eb gjuh\u00ebn shqipe dhe jan\u00eb t\u00eb hapura p\u00ebr pjes\u00ebmarrje pa pages\u00eb<\/p>\n","protected":false},"author":6,"featured_media":906552,"comment_status":"closed","ping_status":"closed","sticky":false,"template":"","format":"standard","meta":{"footnotes":""},"categories":[24636,1133],"tags":[],"vendi":[],"content_country":[],"class_list":["post-906897","post","type-post","status-publish","format-standard","has-post-thumbnail","hentry","category-nachrichten-de-4","category-e-diaspora-de"],"acf":[],"_links":{"self":[{"href":"https:\/\/www.albinfo.ch\/de\/wp-json\/wp\/v2\/posts\/906897","targetHints":{"allow":["GET"]}}],"collection":[{"href":"https:\/\/www.albinfo.ch\/de\/wp-json\/wp\/v2\/posts"}],"about":[{"href":"https:\/\/www.albinfo.ch\/de\/wp-json\/wp\/v2\/types\/post"}],"author":[{"embeddable":true,"href":"https:\/\/www.albinfo.ch\/de\/wp-json\/wp\/v2\/users\/6"}],"replies":[{"embeddable":true,"href":"https:\/\/www.albinfo.ch\/de\/wp-json\/wp\/v2\/comments?post=906897"}],"version-history":[{"count":1,"href":"https:\/\/www.albinfo.ch\/de\/wp-json\/wp\/v2\/posts\/906897\/revisions"}],"predecessor-version":[{"id":906898,"href":"https:\/\/www.albinfo.ch\/de\/wp-json\/wp\/v2\/posts\/906897\/revisions\/906898"}],"wp:featuredmedia":[{"embeddable":true,"href":"https:\/\/www.albinfo.ch\/de\/wp-json\/wp\/v2\/media\/906552"}],"wp:attachment":[{"href":"https:\/\/www.albinfo.ch\/de\/wp-json\/wp\/v2\/media?parent=906897"}],"wp:term":[{"taxonomy":"category","embeddable":true,"href":"https:\/\/www.albinfo.ch\/de\/wp-json\/wp\/v2\/categories?post=906897"},{"taxonomy":"post_tag","embeddable":true,"href":"https:\/\/www.albinfo.ch\/de\/wp-json\/wp\/v2\/tags?post=906897"},{"taxonomy":"vendi","embeddable":true,"href":"https:\/\/www.albinfo.ch\/de\/wp-json\/wp\/v2\/vendi?post=906897"},{"taxonomy":"content_country","embeddable":true,"href":"https:\/\/www.albinfo.ch\/de\/wp-json\/wp\/v2\/content_country?post=906897"}],"curies":[{"name":"wp","href":"https:\/\/api.w.org\/{rel}","templated":true}]}}