{"id":907140,"date":"2026-03-10T09:30:35","date_gmt":"2026-03-10T08:30:35","guid":{"rendered":"https:\/\/www.albinfo.ch\/?p=907140"},"modified":"2026-03-10T22:14:04","modified_gmt":"2026-03-10T21:14:04","slug":"die-albanerin-rixhil-agushi-erhaelt-ein-mandat-im-stadtrat-von-schlieren","status":"publish","type":"post","link":"https:\/\/www.albinfo.ch\/de\/die-albanerin-rixhil-agushi-erhaelt-ein-mandat-im-stadtrat-von-schlieren\/","title":{"rendered":"Die Albanerin Rixhil Agushi erh\u00e4lt ein Mandat im Stadtrat von Schlieren"},"content":{"rendered":"<p data-start=\"1589\" data-end=\"1803\">Die Kandidatin der <span class=\"hover:entity-accent entity-underline inline cursor-pointer align-baseline\"><span class=\"whitespace-normal\">Sozialdemokratische Partei der Schweiz<\/span><\/span> hat ein Mandat im Stadtrat f\u00fcr die Amtsperiode 2026 bis 2030 erhalten und wird damit zur ersten Albanerin in dieser lokalen Institution, schreibt albinfo.ch.<\/p>\n<p data-start=\"1805\" data-end=\"2007\">Ein wichtiger Erfolg f\u00fcr die albanische Gemeinschaft in der Schweiz wurde mit der Wahl von <span class=\"hover:entity-accent entity-underline inline cursor-pointer align-baseline\"><span class=\"whitespace-normal\">Rixhil Agushi<\/span><\/span> in den Stadtrat der Stadt <span class=\"hover:entity-accent entity-underline inline cursor-pointer align-baseline\"><span class=\"whitespace-normal\">Schlieren<\/span><\/span> erreicht.<\/p>\n<p data-start=\"2009\" data-end=\"2300\">Als Kandidatin der Sozialdemokratischen Partei gewann Agushi das Vertrauen der B\u00fcrger, um in der lokalen Regierung der Stadt f\u00fcr die Amtsperiode 2026 bis 2030 t\u00e4tig zu sein. Mit diesem Ergebnis wird sie zur ersten Albanerin, die einen Sitz in dieser Exekutivinstitution von Schlieren erh\u00e4lt.<\/p>\n<p data-start=\"2302\" data-end=\"2534\">Vor diesem Erfolg war Agushi bereits im lokalen politischen Leben aktiv, unter anderem durch ihr Engagement im Gemeinderat von Schlieren, wo sie Erfahrungen in Fragen der Stadtentwicklung und der Vertretung der B\u00fcrger gesammelt hat.<\/p>\n<p data-start=\"2536\" data-end=\"2959\">Rixhil Agushi stammt urspr\u00fcnglich aus <span class=\"hover:entity-accent entity-underline inline cursor-pointer align-baseline\"><span class=\"whitespace-normal\">Tetovo<\/span><\/span> in <span class=\"hover:entity-accent entity-underline inline cursor-pointer align-baseline\"><span class=\"whitespace-normal\">Nordmazedonien<\/span><\/span>, wurde jedoch in Schlieren in der Schweiz geboren und ist dort aufgewachsen. Ihre Wahl gilt als wichtiger Schritt f\u00fcr die Vertretung der Albaner in den lokalen Institutionen der Schweiz und als Zeichen f\u00fcr die wachsende Rolle der albanischen Diaspora im politischen und gesellschaftlichen Leben des Landes.<\/p>\n<p data-start=\"2961\" data-end=\"3148\" data-is-last-node=\"\" data-is-only-node=\"\">Dieser Erfolg stellt einen bedeutenden Moment f\u00fcr die albanische Gemeinschaft in Schlieren dar und spiegelt die Integration sowie den Beitrag der Albaner zur Schweizer Gesellschaft wider.\/Albinfo.ch<\/p>\n","protected":false},"excerpt":{"rendered":"<p>Historike p\u00ebr shqiptar\u00ebt n\u00eb Zvic\u00ebr, Rixhil Agushi zgjidhet n\u00eb Stadtrat t\u00eb Schlierenit<\/p>\n","protected":false},"author":6,"featured_media":906974,"comment_status":"closed","ping_status":"closed","sticky":false,"template":"","format":"standard","meta":{"footnotes":""},"categories":[24636,1134,1135,24006,1133,1140],"tags":[],"vendi":[],"content_country":[],"class_list":["post-907140","post","type-post","status-publish","format-standard","has-post-thumbnail","hentry","category-nachrichten-de-4","category-integration","category-frauen","category-lajme-jeta-ne-zvicer-de","category-e-diaspora-de","category-leben-in-der-schweiz"],"acf":[],"_links":{"self":[{"href":"https:\/\/www.albinfo.ch\/de\/wp-json\/wp\/v2\/posts\/907140","targetHints":{"allow":["GET"]}}],"collection":[{"href":"https:\/\/www.albinfo.ch\/de\/wp-json\/wp\/v2\/posts"}],"about":[{"href":"https:\/\/www.albinfo.ch\/de\/wp-json\/wp\/v2\/types\/post"}],"author":[{"embeddable":true,"href":"https:\/\/www.albinfo.ch\/de\/wp-json\/wp\/v2\/users\/6"}],"replies":[{"embeddable":true,"href":"https:\/\/www.albinfo.ch\/de\/wp-json\/wp\/v2\/comments?post=907140"}],"version-history":[{"count":1,"href":"https:\/\/www.albinfo.ch\/de\/wp-json\/wp\/v2\/posts\/907140\/revisions"}],"predecessor-version":[{"id":907141,"href":"https:\/\/www.albinfo.ch\/de\/wp-json\/wp\/v2\/posts\/907140\/revisions\/907141"}],"wp:featuredmedia":[{"embeddable":true,"href":"https:\/\/www.albinfo.ch\/de\/wp-json\/wp\/v2\/media\/906974"}],"wp:attachment":[{"href":"https:\/\/www.albinfo.ch\/de\/wp-json\/wp\/v2\/media?parent=907140"}],"wp:term":[{"taxonomy":"category","embeddable":true,"href":"https:\/\/www.albinfo.ch\/de\/wp-json\/wp\/v2\/categories?post=907140"},{"taxonomy":"post_tag","embeddable":true,"href":"https:\/\/www.albinfo.ch\/de\/wp-json\/wp\/v2\/tags?post=907140"},{"taxonomy":"vendi","embeddable":true,"href":"https:\/\/www.albinfo.ch\/de\/wp-json\/wp\/v2\/vendi?post=907140"},{"taxonomy":"content_country","embeddable":true,"href":"https:\/\/www.albinfo.ch\/de\/wp-json\/wp\/v2\/content_country?post=907140"}],"curies":[{"name":"wp","href":"https:\/\/api.w.org\/{rel}","templated":true}]}}