{"id":907154,"date":"2026-03-10T10:43:19","date_gmt":"2026-03-10T09:43:19","guid":{"rendered":"https:\/\/www.albinfo.ch\/?p=907154"},"modified":"2026-03-10T22:26:27","modified_gmt":"2026-03-10T21:26:27","slug":"albanische-schueler-triumphieren-beim-wissensquiz-2026-in-laholm-schweden","status":"publish","type":"post","link":"https:\/\/www.albinfo.ch\/de\/albanische-schueler-triumphieren-beim-wissensquiz-2026-in-laholm-schweden\/","title":{"rendered":"Albanische Sch\u00fcler triumphieren beim Wissensquiz 2026 in Laholm, Schweden"},"content":{"rendered":"<p data-start=\"1296\" data-end=\"1818\">Am 7. M\u00e4rz fand in der Stadt <span class=\"hover:entity-accent entity-underline inline cursor-pointer align-baseline\"><span class=\"whitespace-normal\">Laholm<\/span><\/span> in <span class=\"hover:entity-accent entity-underline inline cursor-pointer align-baseline\"><span class=\"whitespace-normal\">Schweden<\/span><\/span> das Wissensquiz 2026 statt, eine Veranstaltung f\u00fcr albanische Sch\u00fclerinnen und Sch\u00fcler aus ganz Schweden. Die Veranstaltung wurde von der Liga der albanischen Vereine &#8220;Iliria&#8221; in Zusammenarbeit mit dem Organisationsrat des Quiz organisiert. Die <span class=\"hover:entity-accent entity-underline inline cursor-pointer align-baseline\"><span class=\"whitespace-normal\">Botschaft der Republik Albanien in Schweden<\/span><\/span> wurde durch den Gesch\u00e4ftstr\u00e4ger <span class=\"hover:entity-accent entity-underline inline cursor-pointer align-baseline\"><span class=\"whitespace-normal\">Eno \u00c7ollaku<\/span><\/span> vertreten, der die Anwesenden begr\u00fc\u00dfte, berichtet albinfo.ch.<\/p>\n<p data-start=\"1820\" data-end=\"2244\">Die Sch\u00fclerinnen und Sch\u00fcler traten in verschiedenen Wissensbereichen an, darunter Geschichte, Geografie, Kunst und Kultur, und zeigten dabei ihre Kenntnisse und F\u00e4higkeiten. Als Gewinner wurde die Gruppe aus der Stadt <span class=\"hover:entity-accent entity-underline inline cursor-pointer align-baseline\"><span class=\"whitespace-normal\">Malm\u00f6<\/span><\/span> ausgezeichnet. Das Programm wurde au\u00dferdem durch traditionelle albanische T\u00e4nze bereichert, die von talentierten M\u00e4dchen verschiedener Altersgruppen aufgef\u00fchrt wurden.<\/p>\n<p data-start=\"2246\" data-end=\"2517\" data-is-last-node=\"\" data-is-only-node=\"\">Trotz der K\u00fcr eines Gewinners betonten die Organisatoren, dass der wahre Wert dieser Veranstaltung im Heranwachsen der jungen albanischen Generation in der Diaspora liegt, die durch solche Aktivit\u00e4ten ihre nationale Identit\u00e4t bewahrt und die Verbindung zur Heimat st\u00e4rkt.\/Albinfo.ch<\/p>\n<p><img loading=\"lazy\" decoding=\"async\" class=\"alignnone wp-image-906982\" src=\"https:\/\/www.albinfo.ch\/wp-content\/uploads\/2026\/03\/img_7819-1024x768.jpeg\" alt=\"\" width=\"500\" height=\"375\" srcset=\"https:\/\/www.albinfo.ch\/wp-content\/uploads\/2026\/03\/img_7819-1024x768.jpeg 1024w, https:\/\/www.albinfo.ch\/wp-content\/uploads\/2026\/03\/img_7819-300x225.jpeg 300w, https:\/\/www.albinfo.ch\/wp-content\/uploads\/2026\/03\/img_7819-768x576.jpeg 768w, https:\/\/www.albinfo.ch\/wp-content\/uploads\/2026\/03\/img_7819-1536x1152.jpeg 1536w, https:\/\/www.albinfo.ch\/wp-content\/uploads\/2026\/03\/img_7819-528x396.jpeg 528w, https:\/\/www.albinfo.ch\/wp-content\/uploads\/2026\/03\/img_7819-133x100.jpeg 133w, https:\/\/www.albinfo.ch\/wp-content\/uploads\/2026\/03\/img_7819-233x175.jpeg 233w, https:\/\/www.albinfo.ch\/wp-content\/uploads\/2026\/03\/img_7819.jpeg 1600w\" sizes=\"auto, (max-width: 500px) 100vw, 500px\" \/> <img loading=\"lazy\" decoding=\"async\" class=\"alignnone wp-image-906985\" src=\"https:\/\/www.albinfo.ch\/wp-content\/uploads\/2026\/03\/img_7820-1024x739.jpeg\" alt=\"\" width=\"500\" height=\"361\" srcset=\"https:\/\/www.albinfo.ch\/wp-content\/uploads\/2026\/03\/img_7820-1024x739.jpeg 1024w, https:\/\/www.albinfo.ch\/wp-content\/uploads\/2026\/03\/img_7820-300x216.jpeg 300w, https:\/\/www.albinfo.ch\/wp-content\/uploads\/2026\/03\/img_7820-768x554.jpeg 768w, https:\/\/www.albinfo.ch\/wp-content\/uploads\/2026\/03\/img_7820-1536x1108.jpeg 1536w, https:\/\/www.albinfo.ch\/wp-content\/uploads\/2026\/03\/img_7820-549x396.jpeg 549w, https:\/\/www.albinfo.ch\/wp-content\/uploads\/2026\/03\/img_7820-139x100.jpeg 139w, https:\/\/www.albinfo.ch\/wp-content\/uploads\/2026\/03\/img_7820-243x175.jpeg 243w, https:\/\/www.albinfo.ch\/wp-content\/uploads\/2026\/03\/img_7820.jpeg 1600w\" sizes=\"auto, (max-width: 500px) 100vw, 500px\" \/> <img loading=\"lazy\" decoding=\"async\" class=\"alignnone wp-image-906988\" src=\"https:\/\/www.albinfo.ch\/wp-content\/uploads\/2026\/03\/img_7821-1024x768.jpeg\" alt=\"\" width=\"500\" height=\"375\" srcset=\"https:\/\/www.albinfo.ch\/wp-content\/uploads\/2026\/03\/img_7821-1024x768.jpeg 1024w, https:\/\/www.albinfo.ch\/wp-content\/uploads\/2026\/03\/img_7821-300x225.jpeg 300w, https:\/\/www.albinfo.ch\/wp-content\/uploads\/2026\/03\/img_7821-768x576.jpeg 768w, https:\/\/www.albinfo.ch\/wp-content\/uploads\/2026\/03\/img_7821-1536x1152.jpeg 1536w, https:\/\/www.albinfo.ch\/wp-content\/uploads\/2026\/03\/img_7821-528x396.jpeg 528w, https:\/\/www.albinfo.ch\/wp-content\/uploads\/2026\/03\/img_7821-133x100.jpeg 133w, https:\/\/www.albinfo.ch\/wp-content\/uploads\/2026\/03\/img_7821-233x175.jpeg 233w, https:\/\/www.albinfo.ch\/wp-content\/uploads\/2026\/03\/img_7821.jpeg 1600w\" sizes=\"auto, (max-width: 500px) 100vw, 500px\" \/> <img loading=\"lazy\" decoding=\"async\" class=\"alignnone wp-image-906991\" src=\"https:\/\/www.albinfo.ch\/wp-content\/uploads\/2026\/03\/img_7822-1024x768.jpeg\" alt=\"\" width=\"500\" height=\"375\" srcset=\"https:\/\/www.albinfo.ch\/wp-content\/uploads\/2026\/03\/img_7822-1024x768.jpeg 1024w, https:\/\/www.albinfo.ch\/wp-content\/uploads\/2026\/03\/img_7822-300x225.jpeg 300w, https:\/\/www.albinfo.ch\/wp-content\/uploads\/2026\/03\/img_7822-768x576.jpeg 768w, https:\/\/www.albinfo.ch\/wp-content\/uploads\/2026\/03\/img_7822-528x396.jpeg 528w, https:\/\/www.albinfo.ch\/wp-content\/uploads\/2026\/03\/img_7822-133x100.jpeg 133w, https:\/\/www.albinfo.ch\/wp-content\/uploads\/2026\/03\/img_7822-233x175.jpeg 233w, https:\/\/www.albinfo.ch\/wp-content\/uploads\/2026\/03\/img_7822.jpeg 1080w\" sizes=\"auto, (max-width: 500px) 100vw, 500px\" \/><\/p>\n","protected":false},"excerpt":{"rendered":"<p>Eventi i organizuar nga Lidhja \u2018Iliria\u2019 promovoi kultur\u00ebn, historin\u00eb dhe talentin e t\u00eb rinjve shqiptar\u00eb n\u00eb diaspor\u00eb<\/p>\n","protected":false},"author":6,"featured_media":906996,"comment_status":"closed","ping_status":"closed","sticky":false,"template":"","format":"standard","meta":{"footnotes":""},"categories":[24636,1136,24631,1133],"tags":[],"vendi":[],"content_country":[],"class_list":["post-907154","post","type-post","status-publish","format-standard","has-post-thumbnail","hentry","category-nachrichten-de-4","category-sprachen","category-nachrichten-de-2","category-e-diaspora-de"],"acf":[],"_links":{"self":[{"href":"https:\/\/www.albinfo.ch\/de\/wp-json\/wp\/v2\/posts\/907154","targetHints":{"allow":["GET"]}}],"collection":[{"href":"https:\/\/www.albinfo.ch\/de\/wp-json\/wp\/v2\/posts"}],"about":[{"href":"https:\/\/www.albinfo.ch\/de\/wp-json\/wp\/v2\/types\/post"}],"author":[{"embeddable":true,"href":"https:\/\/www.albinfo.ch\/de\/wp-json\/wp\/v2\/users\/6"}],"replies":[{"embeddable":true,"href":"https:\/\/www.albinfo.ch\/de\/wp-json\/wp\/v2\/comments?post=907154"}],"version-history":[{"count":1,"href":"https:\/\/www.albinfo.ch\/de\/wp-json\/wp\/v2\/posts\/907154\/revisions"}],"predecessor-version":[{"id":907155,"href":"https:\/\/www.albinfo.ch\/de\/wp-json\/wp\/v2\/posts\/907154\/revisions\/907155"}],"wp:featuredmedia":[{"embeddable":true,"href":"https:\/\/www.albinfo.ch\/de\/wp-json\/wp\/v2\/media\/906996"}],"wp:attachment":[{"href":"https:\/\/www.albinfo.ch\/de\/wp-json\/wp\/v2\/media?parent=907154"}],"wp:term":[{"taxonomy":"category","embeddable":true,"href":"https:\/\/www.albinfo.ch\/de\/wp-json\/wp\/v2\/categories?post=907154"},{"taxonomy":"post_tag","embeddable":true,"href":"https:\/\/www.albinfo.ch\/de\/wp-json\/wp\/v2\/tags?post=907154"},{"taxonomy":"vendi","embeddable":true,"href":"https:\/\/www.albinfo.ch\/de\/wp-json\/wp\/v2\/vendi?post=907154"},{"taxonomy":"content_country","embeddable":true,"href":"https:\/\/www.albinfo.ch\/de\/wp-json\/wp\/v2\/content_country?post=907154"}],"curies":[{"name":"wp","href":"https:\/\/api.w.org\/{rel}","templated":true}]}}