{"id":907162,"date":"2026-03-10T11:43:40","date_gmt":"2026-03-10T10:43:40","guid":{"rendered":"https:\/\/www.albinfo.ch\/?p=907162"},"modified":"2026-03-10T22:36:33","modified_gmt":"2026-03-10T21:36:33","slug":"futsalturnier-in-berlin-zum-28-jahrestag-der-epopoee-der-uck","status":"publish","type":"post","link":"https:\/\/www.albinfo.ch\/de\/futsalturnier-in-berlin-zum-28-jahrestag-der-epopoee-der-uck\/","title":{"rendered":"Futsalturnier in Berlin zum 28. Jahrestag der Epop\u00f6e der U\u00c7K"},"content":{"rendered":"<p data-start=\"1014\" data-end=\"1435\">In Zusammenarbeit mit <span class=\"hover:entity-accent entity-underline inline cursor-pointer align-baseline\"><span class=\"whitespace-normal\">FC Liria<\/span><\/span> wurde in <span class=\"hover:entity-accent entity-underline inline cursor-pointer align-baseline\"><span class=\"whitespace-normal\">Berlin<\/span><\/span> ein Futsalturnier zum 28. Jahrestag der Epop\u00f6e der Befreiungsarmee des Kosovo organisiert. Die Veranstaltung brachte die albanische Gemeinschaft zusammen und fand in einer sportlichen und festlichen Atmosph\u00e4re statt, indem sie historisches Gedenken mit der Leidenschaft f\u00fcr den Sport verband, berichtet albinfo.ch.<\/p>\n<p data-start=\"1437\" data-end=\"1844\">Bei dieser Veranstaltung dankte der Botschafter <span class=\"hover:entity-accent entity-underline inline cursor-pointer align-baseline\"><span class=\"whitespace-normal\">Faruk Ajeti<\/span><\/span> den Teilnehmern sowie FC Liria f\u00fcr ihr Engagement bei der Organisation des Turniers. Er betonte die Bedeutung der Epop\u00f6e der U\u00c7K als Symbol f\u00fcr Opferbereitschaft, Mut und Engagement f\u00fcr die Freiheit des Kosovo und hob hervor, dass die Aktivit\u00e4t zu Ehren des historischen Beitrags der Befreiungsarmee des Kosovo stattfand.<\/p>\n<p data-start=\"1846\" data-end=\"2021\" data-is-last-node=\"\" data-is-only-node=\"\">Das Turnier wurde zu einer Gelegenheit, die Verbindungen zwischen Landsleuten zu st\u00e4rken und an eines der wichtigsten Ereignisse der neueren Geschichte des Kosovo zu erinnern.\/Albinfo.ch<\/p>\n","protected":false},"excerpt":{"rendered":"<p>Komuniteti shqiptar n\u00eb Berlin mblidhet p\u00ebr t\u00eb nderuar kontributin historik t\u00eb Ushtris\u00eb \u00c7lirimtare t\u00eb Kosov\u00ebs<\/p>\n","protected":false},"author":6,"featured_media":907001,"comment_status":"closed","ping_status":"closed","sticky":false,"template":"","format":"standard","meta":{"footnotes":""},"categories":[24636,24631,1133],"tags":[],"vendi":[],"content_country":[],"class_list":["post-907162","post","type-post","status-publish","format-standard","has-post-thumbnail","hentry","category-nachrichten-de-4","category-nachrichten-de-2","category-e-diaspora-de"],"acf":[],"_links":{"self":[{"href":"https:\/\/www.albinfo.ch\/de\/wp-json\/wp\/v2\/posts\/907162","targetHints":{"allow":["GET"]}}],"collection":[{"href":"https:\/\/www.albinfo.ch\/de\/wp-json\/wp\/v2\/posts"}],"about":[{"href":"https:\/\/www.albinfo.ch\/de\/wp-json\/wp\/v2\/types\/post"}],"author":[{"embeddable":true,"href":"https:\/\/www.albinfo.ch\/de\/wp-json\/wp\/v2\/users\/6"}],"replies":[{"embeddable":true,"href":"https:\/\/www.albinfo.ch\/de\/wp-json\/wp\/v2\/comments?post=907162"}],"version-history":[{"count":1,"href":"https:\/\/www.albinfo.ch\/de\/wp-json\/wp\/v2\/posts\/907162\/revisions"}],"predecessor-version":[{"id":907163,"href":"https:\/\/www.albinfo.ch\/de\/wp-json\/wp\/v2\/posts\/907162\/revisions\/907163"}],"wp:featuredmedia":[{"embeddable":true,"href":"https:\/\/www.albinfo.ch\/de\/wp-json\/wp\/v2\/media\/907001"}],"wp:attachment":[{"href":"https:\/\/www.albinfo.ch\/de\/wp-json\/wp\/v2\/media?parent=907162"}],"wp:term":[{"taxonomy":"category","embeddable":true,"href":"https:\/\/www.albinfo.ch\/de\/wp-json\/wp\/v2\/categories?post=907162"},{"taxonomy":"post_tag","embeddable":true,"href":"https:\/\/www.albinfo.ch\/de\/wp-json\/wp\/v2\/tags?post=907162"},{"taxonomy":"vendi","embeddable":true,"href":"https:\/\/www.albinfo.ch\/de\/wp-json\/wp\/v2\/vendi?post=907162"},{"taxonomy":"content_country","embeddable":true,"href":"https:\/\/www.albinfo.ch\/de\/wp-json\/wp\/v2\/content_country?post=907162"}],"curies":[{"name":"wp","href":"https:\/\/api.w.org\/{rel}","templated":true}]}}