{"id":907194,"date":"2026-03-10T14:46:29","date_gmt":"2026-03-10T13:46:29","guid":{"rendered":"https:\/\/www.albinfo.ch\/?p=907194"},"modified":"2026-03-10T23:32:14","modified_gmt":"2026-03-10T22:32:14","slug":"frauen-und-gewalt-in-familie-und-gesellschaft-im-mittelpunkt-einer-diskussionsrunde-in-zuerich-zum-8-maerz","status":"publish","type":"post","link":"https:\/\/www.albinfo.ch\/de\/frauen-und-gewalt-in-familie-und-gesellschaft-im-mittelpunkt-einer-diskussionsrunde-in-zuerich-zum-8-maerz\/","title":{"rendered":"\u201cFrauen und Gewalt in Familie und Gesellschaft\u201d im Mittelpunkt einer Diskussionsrunde in Z\u00fcrich zum 8. M\u00e4rz"},"content":{"rendered":"<div class=\"xdj266r x14z9mp xat24cr x1lziwak x1vvkbs x126k92a\">\n<p dir=\"auto\">Die Organisation PARANDALO organisierte in Zusammenarbeit mit der Botschaft der Republik Kosovo in <span class=\"hover:entity-accent entity-underline inline cursor-pointer align-baseline\"><span class=\"whitespace-normal\">Bern<\/span><\/span> in <span class=\"hover:entity-accent entity-underline inline cursor-pointer align-baseline\"><span class=\"whitespace-normal\">Z\u00fcrich<\/span><\/span> eine Diskussionsrunde zum Thema &#8220;Frauen und Gewalt in Familie und Gesellschaft&#8221; im Rahmen des 8. M\u00e4rz, des Internationalen Frauentages. Die Veranstaltung brachte Expertinnen und Fachfrauen aus verschiedenen Bereichen zusammen, um die Herausforderungen zu diskutieren, mit denen Frauen im Kontext von Gewalt in der Familie und in der Gesellschaft konfrontiert sind.<\/p>\n<p><iframe loading=\"lazy\" style=\"border: none; overflow: hidden;\" src=\"https:\/\/www.facebook.com\/plugins\/post.php?href=https%3A%2F%2Fwww.facebook.com%2Falbinfo.ch%2Fposts%2Fpfbid0Pw34XPGLqEidATTkmkdnUeE5xnweJ7Vh6iuxFVxYgB2HGcXCmxtFAdeJAFsHKZsRl&amp;show_text=true&amp;width=500\" width=\"500\" height=\"723\" frameborder=\"0\" scrolling=\"no\" allowfullscreen=\"allowfullscreen\" data-mce-fragment=\"1\"><\/iframe><\/p>\n<p data-start=\"1112\" data-end=\"1737\">Am Panel beteiligten sich Dr <span class=\"hover:entity-accent entity-underline inline cursor-pointer align-baseline\"><span class=\"whitespace-normal\">Feride Rushiti<\/span><\/span>, Exekutivdirektorin des <span class=\"hover:entity-accent entity-underline inline cursor-pointer align-baseline\"><span class=\"whitespace-normal\">Kosovo Rehabilitation Centre for Torture Victims<\/span><\/span> (KRCT), <span class=\"hover:entity-accent entity-underline inline cursor-pointer align-baseline\"><span class=\"whitespace-normal\">Shyhrete Tahiri<\/span><\/span>, Aktivistin f\u00fcr soziale Fragen und Frauenrechte, Dr <span class=\"hover:entity-accent entity-underline inline cursor-pointer align-baseline\"><span class=\"whitespace-normal\">Xhida Lumi<\/span><\/span>, \u00c4rztin in der Schweiz und Dozentin im Gesundheitsbereich, sowie Dr <span class=\"hover:entity-accent entity-underline inline cursor-pointer align-baseline\"><span class=\"whitespace-normal\">Luljeta Shaqiri Emini<\/span><\/span>, Psychologin und Expertin f\u00fcr mentale Gesundheit in der Schweiz. Die Diskussion brachte fachliche Perspektiven zu Unterst\u00fctzungsmechanismen, gesellschaftlicher Sensibilisierung und zur Rolle der Institutionen bei der Pr\u00e4vention von Gewalt gegen Frauen.<\/p>\n<p data-start=\"1739\" data-end=\"2182\" data-is-last-node=\"\" data-is-only-node=\"\">Die Veranstaltung wurde mit einer musikalischen Darbietung des Chors &#8220;Lyra&#8221; abgeschlossen. An dieser Diskussionsrunde nahm auch die stellvertretende Premierministerin und Justizministerin der Republik Kosovo, <span class=\"hover:entity-accent entity-underline inline cursor-pointer align-baseline\"><span class=\"whitespace-normal\">Donika G\u00ebrvalla<\/span><\/span>, teil. Sie richtete sich an die Anwesenden und beantwortete zahlreiche Fragen des Publikums zu den Herausforderungen und institutionellen Verantwortlichkeiten im Kampf gegen Gewalt gegen Frauen.<\/p>\n<div class=\"x14z9mp xat24cr x1lziwak x1vvkbs xtlvy1s x126k92a\">\n<p><iframe loading=\"lazy\" style=\"border: none; overflow: hidden;\" src=\"https:\/\/www.facebook.com\/plugins\/video.php?height=314&amp;href=https%3A%2F%2Fwww.facebook.com%2Freel%2F1648558683002636%2F&amp;show_text=false&amp;width=560&amp;t=0\" width=\"560\" height=\"314\" frameborder=\"0\" scrolling=\"no\" allowfullscreen=\"allowfullscreen\" data-mce-fragment=\"1\"><\/iframe><\/p>\n<p>Journalistin: Luljeta Ademi<\/p>\n<p>Photo\/Video: Gent Mersinaj<\/p>\n<\/div>\n<\/div>\n","protected":false},"excerpt":{"rendered":"<p>Die Organisation PARANDALO organisierte in Zusammenarbeit mit der Botschaft der Republik Kosovo in Bern in Z\u00fcrich eine Diskussionsrunde zum Thema &#8220;Frauen und Gewalt in Familie und Gesellschaft&#8221; im Rahmen des 8. M\u00e4rz, des Internationalen Frauentages. Die Veranstaltung brachte Expertinnen und Fachfrauen aus verschiedenen Bereichen zusammen, um die Herausforderungen zu diskutieren, mit denen Frauen im Kontext [&hellip;]<\/p>\n","protected":false},"author":6,"featured_media":907064,"comment_status":"closed","ping_status":"closed","sticky":false,"template":"","format":"standard","meta":{"footnotes":""},"categories":[1134,24693,1135,1133,1149],"tags":[],"vendi":[],"content_country":[],"class_list":["post-907194","post","type-post","status-publish","format-standard","has-post-thumbnail","hentry","category-integration","category-albinfo-plus-de","category-frauen","category-e-diaspora-de","category-albinfo-tv-de"],"acf":[],"_links":{"self":[{"href":"https:\/\/www.albinfo.ch\/de\/wp-json\/wp\/v2\/posts\/907194","targetHints":{"allow":["GET"]}}],"collection":[{"href":"https:\/\/www.albinfo.ch\/de\/wp-json\/wp\/v2\/posts"}],"about":[{"href":"https:\/\/www.albinfo.ch\/de\/wp-json\/wp\/v2\/types\/post"}],"author":[{"embeddable":true,"href":"https:\/\/www.albinfo.ch\/de\/wp-json\/wp\/v2\/users\/6"}],"replies":[{"embeddable":true,"href":"https:\/\/www.albinfo.ch\/de\/wp-json\/wp\/v2\/comments?post=907194"}],"version-history":[{"count":1,"href":"https:\/\/www.albinfo.ch\/de\/wp-json\/wp\/v2\/posts\/907194\/revisions"}],"predecessor-version":[{"id":907195,"href":"https:\/\/www.albinfo.ch\/de\/wp-json\/wp\/v2\/posts\/907194\/revisions\/907195"}],"wp:featuredmedia":[{"embeddable":true,"href":"https:\/\/www.albinfo.ch\/de\/wp-json\/wp\/v2\/media\/907064"}],"wp:attachment":[{"href":"https:\/\/www.albinfo.ch\/de\/wp-json\/wp\/v2\/media?parent=907194"}],"wp:term":[{"taxonomy":"category","embeddable":true,"href":"https:\/\/www.albinfo.ch\/de\/wp-json\/wp\/v2\/categories?post=907194"},{"taxonomy":"post_tag","embeddable":true,"href":"https:\/\/www.albinfo.ch\/de\/wp-json\/wp\/v2\/tags?post=907194"},{"taxonomy":"vendi","embeddable":true,"href":"https:\/\/www.albinfo.ch\/de\/wp-json\/wp\/v2\/vendi?post=907194"},{"taxonomy":"content_country","embeddable":true,"href":"https:\/\/www.albinfo.ch\/de\/wp-json\/wp\/v2\/content_country?post=907194"}],"curies":[{"name":"wp","href":"https:\/\/api.w.org\/{rel}","templated":true}]}}