{"id":907205,"date":"2026-03-10T15:44:19","date_gmt":"2026-03-10T14:44:19","guid":{"rendered":"https:\/\/www.albinfo.ch\/?p=907205"},"modified":"2026-03-10T23:48:12","modified_gmt":"2026-03-10T22:48:12","slug":"dua-lipa-beginnt-gespraeche-ueber-eine-neue-rolle-in-hollywood","status":"publish","type":"post","link":"https:\/\/www.albinfo.ch\/de\/dua-lipa-beginnt-gespraeche-ueber-eine-neue-rolle-in-hollywood\/","title":{"rendered":"Dua Lipa beginnt Gespr\u00e4che \u00fcber eine neue Rolle in Hollywood"},"content":{"rendered":"<p data-start=\"939\" data-end=\"1334\">Die S\u00e4ngerin mit albanischen Wurzeln <span class=\"hover:entity-accent entity-underline inline cursor-pointer align-baseline\"><span class=\"whitespace-normal\">Dua Lipa<\/span><\/span> er\u00f6ffnet ein neues Kapitel in ihrer Karriere, indem sie sich st\u00e4rker in der Filmindustrie engagiert. Quellen aus <span class=\"hover:entity-accent entity-underline inline cursor-pointer align-baseline\"><span class=\"whitespace-normal\">Hollywood<\/span><\/span> berichten, dass die K\u00fcnstlerin Gespr\u00e4che \u00fcber eine Rolle in einem neuen Filmprojekt f\u00fchrt, dessen Dreharbeiten noch in diesem Jahr beginnen sollen, berichtet albinfo.ch.<\/p>\n<p data-start=\"1336\" data-end=\"1571\">Nach ihrem Deb\u00fct im Film <span class=\"hover:entity-accent entity-underline inline cursor-pointer align-baseline\"><span class=\"whitespace-normal\">Barbie<\/span><\/span>, in dem sie die Figur &#8220;Mermaid Barbie&#8221; spielte, betrachten verschiedene Produzenten Lipa als einen attraktiven Namen f\u00fcr Projekte, die Musik und Kino miteinander verbinden.<\/p>\n<p data-start=\"1573\" data-end=\"1845\" data-is-last-node=\"\" data-is-only-node=\"\">Obwohl Details zum Projekt noch nicht \u00f6ffentlich sind, berichten Branchenmedien, darunter <span class=\"hover:entity-accent entity-underline inline cursor-pointer align-baseline\"><span class=\"whitespace-normal\">Variety<\/span><\/span>, dass Lipa mehrere Angebote f\u00fcr Musikfilme und romantische Kom\u00f6dien pr\u00fcft und damit ihre Pr\u00e4senz auf der gro\u00dfen Leinwand weiter ausbauen m\u00f6chte.<\/p>\n","protected":false},"excerpt":{"rendered":"<p>Pas debutimit n\u00eb \u201cBarbie\u201d, k\u00ebng\u00ebtarja shqiptare po shqyrton projekte t\u00eb reja filmike q\u00eb kombinojn\u00eb muzik\u00ebn dhe komedin\u00eb romantike.<\/p>\n","protected":false},"author":6,"featured_media":907060,"comment_status":"closed","ping_status":"closed","sticky":false,"template":"","format":"standard","meta":{"footnotes":""},"categories":[23263,24665,23269,23262,1129,1138],"tags":[],"vendi":[],"content_country":[],"class_list":["post-907205","post","type-post","status-publish","format-standard","has-post-thumbnail","hentry","category-kosova-de-2","category-kino","category-news","category-at-balkani-de","category-ch-balkan","category-kultur"],"acf":[],"_links":{"self":[{"href":"https:\/\/www.albinfo.ch\/de\/wp-json\/wp\/v2\/posts\/907205","targetHints":{"allow":["GET"]}}],"collection":[{"href":"https:\/\/www.albinfo.ch\/de\/wp-json\/wp\/v2\/posts"}],"about":[{"href":"https:\/\/www.albinfo.ch\/de\/wp-json\/wp\/v2\/types\/post"}],"author":[{"embeddable":true,"href":"https:\/\/www.albinfo.ch\/de\/wp-json\/wp\/v2\/users\/6"}],"replies":[{"embeddable":true,"href":"https:\/\/www.albinfo.ch\/de\/wp-json\/wp\/v2\/comments?post=907205"}],"version-history":[{"count":1,"href":"https:\/\/www.albinfo.ch\/de\/wp-json\/wp\/v2\/posts\/907205\/revisions"}],"predecessor-version":[{"id":907207,"href":"https:\/\/www.albinfo.ch\/de\/wp-json\/wp\/v2\/posts\/907205\/revisions\/907207"}],"wp:featuredmedia":[{"embeddable":true,"href":"https:\/\/www.albinfo.ch\/de\/wp-json\/wp\/v2\/media\/907060"}],"wp:attachment":[{"href":"https:\/\/www.albinfo.ch\/de\/wp-json\/wp\/v2\/media?parent=907205"}],"wp:term":[{"taxonomy":"category","embeddable":true,"href":"https:\/\/www.albinfo.ch\/de\/wp-json\/wp\/v2\/categories?post=907205"},{"taxonomy":"post_tag","embeddable":true,"href":"https:\/\/www.albinfo.ch\/de\/wp-json\/wp\/v2\/tags?post=907205"},{"taxonomy":"vendi","embeddable":true,"href":"https:\/\/www.albinfo.ch\/de\/wp-json\/wp\/v2\/vendi?post=907205"},{"taxonomy":"content_country","embeddable":true,"href":"https:\/\/www.albinfo.ch\/de\/wp-json\/wp\/v2\/content_country?post=907205"}],"curies":[{"name":"wp","href":"https:\/\/api.w.org\/{rel}","templated":true}]}}