{"id":907224,"date":"2026-03-10T17:42:24","date_gmt":"2026-03-10T16:42:24","guid":{"rendered":"https:\/\/www.albinfo.ch\/?p=907224"},"modified":"2026-03-11T00:18:55","modified_gmt":"2026-03-10T23:18:55","slug":"eine-albanerin-wird-voraussichtlich-first-lady-von-baden-wuerttemberg","status":"publish","type":"post","link":"https:\/\/www.albinfo.ch\/de\/eine-albanerin-wird-voraussichtlich-first-lady-von-baden-wuerttemberg\/","title":{"rendered":"Eine Albanerin wird voraussichtlich First Lady von Baden-W\u00fcrttemberg"},"content":{"rendered":"<p data-start=\"3698\" data-end=\"4066\">Die <span class=\"hover:entity-accent entity-underline inline cursor-pointer align-baseline\"><span class=\"whitespace-normal\">B\u00fcndnis 90\/Die Gr\u00fcnen<\/span><\/span> haben die Landtagswahl im <span class=\"hover:entity-accent entity-underline inline cursor-pointer align-baseline\"><span class=\"whitespace-normal\">Baden-W\u00fcrttemberg<\/span><\/span> am 8. M\u00e4rz 2026 mit 30,2 Prozent der Stimmen gewonnen. Mit diesem Ergebnis konnte die Partei unter F\u00fchrung ihres Spitzenkandidaten <span class=\"hover:entity-accent entity-underline inline cursor-pointer align-baseline\"><span class=\"whitespace-normal\">Cem \u00d6zdemir<\/span><\/span> die <span class=\"hover:entity-accent entity-underline inline cursor-pointer align-baseline\"><span class=\"whitespace-normal\">Christlich Demokratische Union<\/span><\/span> knapp schlagen, die 29,7 Prozent erreichte.<\/p>\n<p data-start=\"4068\" data-end=\"4159\">Damit werden die Gr\u00fcnen 56 Sitze im neuen Landtag erhalten, genau gleich viele wie die CDU.<\/p>\n<p data-start=\"4161\" data-end=\"4409\">Nach diesem Wahlsieg erkl\u00e4rte Cem \u00d6zdemir seine Absicht, neuer Ministerpr\u00e4sident von Baden-W\u00fcrttemberg zu werden und damit <span class=\"hover:entity-accent entity-underline inline cursor-pointer align-baseline\"><span class=\"whitespace-normal\">Winfried Kretschmann<\/span><\/span> nachzufolgen, der dieses Amt ebenfalls f\u00fcr die Gr\u00fcnen drei Amtszeiten lang innehatte.<\/p>\n<p data-start=\"4411\" data-end=\"4613\">Mit der realistischen M\u00f6glichkeit, dass \u00d6zdemir Ministerpr\u00e4sident wird, beginnt eine sogenannte \u201cromantische Geschichte\u201d, die auch f\u00fcr die albanische \u00d6ffentlichkeit interessant ist, schreibt albinfo.ch.<\/p>\n<p data-start=\"4615\" data-end=\"4698\">Der Grund: Die zuk\u00fcnftige &#8220;First Lady&#8221; des Bundeslandes k\u00f6nnte eine Albanerin sein.<\/p>\n<p data-start=\"4700\" data-end=\"4972\">Die Frau an der Seite des m\u00f6glichen Regierungschefs, mit der \u00d6zdemir erst vor wenigen Wochen geheiratet hat, ist die aus Kanada stammende Albanerin <span class=\"hover:entity-accent entity-underline inline cursor-pointer align-baseline\"><span class=\"whitespace-normal\">Flavia Zaka<\/span><\/span>. Sie arbeitet als Anw\u00e4ltin und ist auf Umweltrecht und Menschenrechte spezialisiert.<\/p>\n<p data-start=\"4974\" data-end=\"5300\">Die Hochzeit des Paares, die aus Sicherheitsgr\u00fcnden zun\u00e4chst geheim gehalten wurde, fand im Rathaus von <span class=\"hover:entity-accent entity-underline inline cursor-pointer align-baseline\"><span class=\"whitespace-normal\">T\u00fcbingen<\/span><\/span> zwei Wochen vor der Landtagswahl statt. Fotos des Br\u00e4utigams Cem \u00d6zdemir und der Braut mit einem Rosenstrau\u00df sorgten schnell f\u00fcr Aufmerksamkeit in den Medien, schreibt morgenpost.de.<\/p>\n<p data-start=\"5302\" data-end=\"5526\">Die 40-j\u00e4hrige Juristin und ihr Partner, der zwanzig Jahre \u00e4lter ist als sie, standen auch beim Landespresseball in <span class=\"hover:entity-accent entity-underline inline cursor-pointer align-baseline\"><span class=\"whitespace-normal\">Stuttgart<\/span><\/span> im November im Mittelpunkt der Fotografen, wo sie gemeinsam tanzten.<\/p>\n<p data-start=\"5528\" data-end=\"5846\">Flavia Zaka ist kanadische Staatsb\u00fcrgerin und k\u00f6nnte nach dem Wahlsieg \u00d6zdemirs First Lady von Baden-W\u00fcrttemberg werden. Wie sie eine solche Rolle gestalten w\u00fcrde, bleibt offen. Vor der Wahl wollte sie \u00f6ffentlich nicht kommentieren, ob sie Schirmherrschaften \u00fcbernehmen oder sich f\u00fcr soziale Anliegen engagieren w\u00fcrde.<\/p>\n<p data-start=\"5848\" data-end=\"6284\">In einem Interview mit der Zeitung <span class=\"hover:entity-accent entity-underline inline cursor-pointer align-baseline\"><span class=\"whitespace-normal\">S\u00fcdkurier<\/span><\/span> schilderte sie ihren Lebensweg. Sie stammt urspr\u00fcnglich aus <span class=\"hover:entity-accent entity-underline inline cursor-pointer align-baseline\"><span class=\"whitespace-normal\">Albanien<\/span><\/span> und wanderte im Alter von zw\u00f6lf Jahren mit ihren Eltern und ihrer Schwester nach <span class=\"hover:entity-accent entity-underline inline cursor-pointer align-baseline\"><span class=\"whitespace-normal\">Kanada<\/span><\/span> aus. Ihr endg\u00fcltiger Umzug nach Baden-W\u00fcrttemberg, um mit Cem \u00d6zdemir zusammen zu sein, kam durch eine Reihe zuf\u00e4lliger Ereignisse zustande.<\/p>\n<p data-start=\"6286\" data-end=\"6750\">W\u00e4hrend eines Auslandsjahres 2008 in <span class=\"hover:entity-accent entity-underline inline cursor-pointer align-baseline\"><span class=\"whitespace-normal\">Konstanz<\/span><\/span> am <span class=\"hover:entity-accent entity-underline inline cursor-pointer align-baseline\"><span class=\"whitespace-normal\">Bodensee<\/span><\/span> lernte sie w\u00e4hrend ihres Studiums der Rechtswissenschaften und Politikwissenschaften eine neue Freundin kennen. Sp\u00e4ter, im Jahr 2023, als sie bereits als Umwelt- und Menschenrechtsanw\u00e4ltin in <span class=\"hover:entity-accent entity-underline inline cursor-pointer align-baseline\"><span class=\"whitespace-normal\">Toronto<\/span><\/span> arbeitete, lud diese Freundin sie zu einer Geburtstagsfeier nach Stuttgart ein. Auch Cem \u00d6zdemir war eingeladen.<\/p>\n<p data-start=\"6752\" data-end=\"6918\">Dort sprang der Funke \u00fcber. &#8220;Ich kenne Stuttgart l\u00e4nger, als ich Cem kenne. Aber hier haben wir uns getroffen&#8221;, sagte Flavia Zaka dem S\u00fcdkurier in flie\u00dfendem Deutsch.<\/p>\n<p data-start=\"6920\" data-end=\"7028\">Der Abschied von Kanada, ihrer Arbeit, ihrer Familie und ihrem geliebten Hund fiel ihr dennoch nicht leicht.<\/p>\n<p data-start=\"7030\" data-end=\"7246\" data-is-last-node=\"\" data-is-only-node=\"\">Was m\u00f6gliche Koalitionen betrifft, gilt eine Fortsetzung der bestehenden Koalition zwischen Gr\u00fcnen und CDU, diesmal unter F\u00fchrung der Gr\u00fcnen mit \u00d6zdemir, laut den vorl\u00e4ufigen Ergebnissen als wahrscheinlichste Option.<\/p>\n","protected":false},"excerpt":{"rendered":"<p>Gruaja n\u00eb krah t\u00eb kryeministrit t\u00eb pritsh\u00ebm, \u00d6zdemir, me t\u00eb cil\u00ebn ai \u00ebsht\u00eb kuror\u00ebzuar pak jav\u00eb m\u00eb par\u00eb, \u00ebsht\u00eb shqiptarja nga Kanadaja, me emrin Flavia Zaka<\/p>\n","protected":false},"author":6,"featured_media":907089,"comment_status":"closed","ping_status":"closed","sticky":false,"template":"","format":"standard","meta":{"footnotes":""},"categories":[22804,23121,23125,24631],"tags":[],"vendi":[],"content_country":[],"class_list":["post-907224","post","type-post","status-publish","format-standard","has-post-thumbnail","hentry","category-leben-in-deutschland","category-nachrichten-de","category-thematisch-de","category-nachrichten-de-2"],"acf":[],"_links":{"self":[{"href":"https:\/\/www.albinfo.ch\/de\/wp-json\/wp\/v2\/posts\/907224","targetHints":{"allow":["GET"]}}],"collection":[{"href":"https:\/\/www.albinfo.ch\/de\/wp-json\/wp\/v2\/posts"}],"about":[{"href":"https:\/\/www.albinfo.ch\/de\/wp-json\/wp\/v2\/types\/post"}],"author":[{"embeddable":true,"href":"https:\/\/www.albinfo.ch\/de\/wp-json\/wp\/v2\/users\/6"}],"replies":[{"embeddable":true,"href":"https:\/\/www.albinfo.ch\/de\/wp-json\/wp\/v2\/comments?post=907224"}],"version-history":[{"count":1,"href":"https:\/\/www.albinfo.ch\/de\/wp-json\/wp\/v2\/posts\/907224\/revisions"}],"predecessor-version":[{"id":907225,"href":"https:\/\/www.albinfo.ch\/de\/wp-json\/wp\/v2\/posts\/907224\/revisions\/907225"}],"wp:featuredmedia":[{"embeddable":true,"href":"https:\/\/www.albinfo.ch\/de\/wp-json\/wp\/v2\/media\/907089"}],"wp:attachment":[{"href":"https:\/\/www.albinfo.ch\/de\/wp-json\/wp\/v2\/media?parent=907224"}],"wp:term":[{"taxonomy":"category","embeddable":true,"href":"https:\/\/www.albinfo.ch\/de\/wp-json\/wp\/v2\/categories?post=907224"},{"taxonomy":"post_tag","embeddable":true,"href":"https:\/\/www.albinfo.ch\/de\/wp-json\/wp\/v2\/tags?post=907224"},{"taxonomy":"vendi","embeddable":true,"href":"https:\/\/www.albinfo.ch\/de\/wp-json\/wp\/v2\/vendi?post=907224"},{"taxonomy":"content_country","embeddable":true,"href":"https:\/\/www.albinfo.ch\/de\/wp-json\/wp\/v2\/content_country?post=907224"}],"curies":[{"name":"wp","href":"https:\/\/api.w.org\/{rel}","templated":true}]}}