{"id":907474,"date":"2026-03-11T09:50:49","date_gmt":"2026-03-11T08:50:49","guid":{"rendered":"https:\/\/www.albinfo.ch\/?p=907474"},"modified":"2026-03-12T00:05:09","modified_gmt":"2026-03-11T23:05:09","slug":"leander-veizi-neuer-kuenstlerischer-leiter-des-theater-regensburg-in-deutschland","status":"publish","type":"post","link":"https:\/\/www.albinfo.ch\/de\/leander-veizi-neuer-kuenstlerischer-leiter-des-theater-regensburg-in-deutschland\/","title":{"rendered":"Leander Veizi, neuer k\u00fcnstlerischer Leiter des Theater Regensburg in Deutschland"},"content":{"rendered":"<p>&nbsp;<\/p>\n<p data-start=\"1573\" data-end=\"1906\">Der albanische Choreograf und T\u00e4nzer <span class=\"hover:entity-accent entity-underline inline cursor-pointer align-baseline\"><span class=\"whitespace-normal\">Leander Veizi<\/span><\/span> \u00fcbernimmt eine neue F\u00fchrungsrolle in seiner k\u00fcnstlerischen Laufbahn, nachdem er zum k\u00fcnstlerischen Leiter und Choreografen der Tanzkompanie des <span class=\"hover:entity-accent entity-underline inline cursor-pointer align-baseline\"><span class=\"whitespace-normal\">Theater Regensburg<\/span><\/span> in <span class=\"hover:entity-accent entity-underline inline cursor-pointer align-baseline\"><span class=\"whitespace-normal\">Deutschland<\/span><\/span> ernannt wurde, schreibt albinfo.ch.<\/p>\n<p data-start=\"1908\" data-end=\"2110\">Mit Beginn der neuen Spielzeit wird der 37-J\u00e4hrige die Tanzkompanie des deutschen Theaters leiten, w\u00e4hrend er bis zum Ende der aktuellen Saison weiterhin als aktiver T\u00e4nzer auf der B\u00fchne auftreten wird.<\/p>\n<p data-start=\"2112\" data-end=\"2465\">In einer Erkl\u00e4rung bezeichnete Veizi diesen Moment als eine wichtige \u00dcbergangsphase in seinem Berufsleben. &#8220;Dies ist der Zeitpunkt, an dem viele T\u00e4nzer beginnen, sich st\u00e4rker der Choreografie und anderen k\u00fcnstlerischen Rollen zuzuwenden und schrittweise von der aktiven B\u00fchnenperformance zur k\u00fcnstlerischen Gestaltung und Leitung \u00fcbergehen&#8221;, betonte er.<\/p>\n<p data-start=\"2467\" data-end=\"2931\">Der T\u00e4nzer f\u00fcgte hinzu, dass er sich auf seine letzten f\u00fcnf Monate als aktiver Performer freue und darauf, gemeinsam mit dem Team des Theaters ein neues Kapitel zu beginnen. &#8220;Ich sch\u00e4tze Teamarbeit und gemeinschaftliches Denken sehr, ebenso wie die Freude, Neues zu schaffen und dabei auf Tradition aufzubauen. F\u00fcr dieses Theater, das ich sehr sch\u00e4tze, m\u00f6chte ich gemeinsam mit der Tanzkompanie eine interdisziplin\u00e4re k\u00fcnstlerische Vision entwickeln&#8221;, sagte Veizi.<\/p>\n<p data-start=\"2933\" data-end=\"3085\" data-is-last-node=\"\" data-is-only-node=\"\">Seine Ernennung gilt als wichtiger Schritt in der Karriere des K\u00fcnstlers und als neuer Beitrag zur Entwicklung der Tanzkunst auf der europ\u00e4ischen B\u00fchne.\/Albinfo.ch<\/p>\n<p>&nbsp;<\/p>\n<p><img loading=\"lazy\" decoding=\"async\" class=\"alignnone wp-image-907251\" src=\"https:\/\/www.albinfo.ch\/wp-content\/uploads\/2026\/03\/img_7842-1024x1020.jpeg\" alt=\"\" width=\"500\" height=\"498\" srcset=\"https:\/\/www.albinfo.ch\/wp-content\/uploads\/2026\/03\/img_7842-1024x1020.jpeg 1024w, https:\/\/www.albinfo.ch\/wp-content\/uploads\/2026\/03\/img_7842-300x300.jpeg 300w, https:\/\/www.albinfo.ch\/wp-content\/uploads\/2026\/03\/img_7842-150x150.jpeg 150w, https:\/\/www.albinfo.ch\/wp-content\/uploads\/2026\/03\/img_7842-768x765.jpeg 768w, https:\/\/www.albinfo.ch\/wp-content\/uploads\/2026\/03\/img_7842-398x396.jpeg 398w, https:\/\/www.albinfo.ch\/wp-content\/uploads\/2026\/03\/img_7842-280x280.jpeg 280w, https:\/\/www.albinfo.ch\/wp-content\/uploads\/2026\/03\/img_7842-100x100.jpeg 100w, https:\/\/www.albinfo.ch\/wp-content\/uploads\/2026\/03\/img_7842-176x175.jpeg 176w, https:\/\/www.albinfo.ch\/wp-content\/uploads\/2026\/03\/img_7842.jpeg 1284w\" sizes=\"auto, (max-width: 500px) 100vw, 500px\" \/><\/p>\n","protected":false},"excerpt":{"rendered":"<p>Der albanische T\u00e4nzer und Choreograf beginnt ein neues Kapitel seiner k\u00fcnstlerischen Karriere und \u00fcbernimmt die Leitung der Tanzkompanie des deutschen Theaters.<\/p>\n","protected":false},"author":6,"featured_media":907256,"comment_status":"closed","ping_status":"closed","sticky":false,"template":"","format":"standard","meta":{"footnotes":""},"categories":[34918,24636,1134,24663,22804,23121,1133,1138],"tags":[],"vendi":[],"content_country":[],"class_list":["post-907474","post","type-post","status-publish","format-standard","has-post-thumbnail","hentry","category-andere-de-5","category-nachrichten-de-4","category-integration","category-theater","category-leben-in-deutschland","category-nachrichten-de","category-e-diaspora-de","category-kultur"],"acf":[],"_links":{"self":[{"href":"https:\/\/www.albinfo.ch\/de\/wp-json\/wp\/v2\/posts\/907474","targetHints":{"allow":["GET"]}}],"collection":[{"href":"https:\/\/www.albinfo.ch\/de\/wp-json\/wp\/v2\/posts"}],"about":[{"href":"https:\/\/www.albinfo.ch\/de\/wp-json\/wp\/v2\/types\/post"}],"author":[{"embeddable":true,"href":"https:\/\/www.albinfo.ch\/de\/wp-json\/wp\/v2\/users\/6"}],"replies":[{"embeddable":true,"href":"https:\/\/www.albinfo.ch\/de\/wp-json\/wp\/v2\/comments?post=907474"}],"version-history":[{"count":1,"href":"https:\/\/www.albinfo.ch\/de\/wp-json\/wp\/v2\/posts\/907474\/revisions"}],"predecessor-version":[{"id":907475,"href":"https:\/\/www.albinfo.ch\/de\/wp-json\/wp\/v2\/posts\/907474\/revisions\/907475"}],"wp:featuredmedia":[{"embeddable":true,"href":"https:\/\/www.albinfo.ch\/de\/wp-json\/wp\/v2\/media\/907256"}],"wp:attachment":[{"href":"https:\/\/www.albinfo.ch\/de\/wp-json\/wp\/v2\/media?parent=907474"}],"wp:term":[{"taxonomy":"category","embeddable":true,"href":"https:\/\/www.albinfo.ch\/de\/wp-json\/wp\/v2\/categories?post=907474"},{"taxonomy":"post_tag","embeddable":true,"href":"https:\/\/www.albinfo.ch\/de\/wp-json\/wp\/v2\/tags?post=907474"},{"taxonomy":"vendi","embeddable":true,"href":"https:\/\/www.albinfo.ch\/de\/wp-json\/wp\/v2\/vendi?post=907474"},{"taxonomy":"content_country","embeddable":true,"href":"https:\/\/www.albinfo.ch\/de\/wp-json\/wp\/v2\/content_country?post=907474"}],"curies":[{"name":"wp","href":"https:\/\/api.w.org\/{rel}","templated":true}]}}