{"id":907489,"date":"2026-03-11T10:49:13","date_gmt":"2026-03-11T09:49:13","guid":{"rendered":"https:\/\/www.albinfo.ch\/?p=907489"},"modified":"2026-03-12T00:31:58","modified_gmt":"2026-03-11T23:31:58","slug":"rita-ora-uebernimmt-eine-rolle-im-krimi-thriller-he-bled-neon","status":"publish","type":"post","link":"https:\/\/www.albinfo.ch\/de\/rita-ora-uebernimmt-eine-rolle-im-krimi-thriller-he-bled-neon\/","title":{"rendered":"Rita Ora \u00fcbernimmt eine Rolle im Krimi-Thriller &#8220;He Bled Neon&#8221;"},"content":{"rendered":"<p data-start=\"1473\" data-end=\"1950\">Die weltweit bekannte K\u00fcnstlerin mit albanischen Wurzeln <span class=\"hover:entity-accent entity-underline inline cursor-pointer align-baseline\"><span class=\"whitespace-normal\">Rita Ora<\/span><\/span> wird Teil des neuen Kriminalfilms <span class=\"hover:entity-accent entity-underline inline cursor-pointer align-baseline\"><span class=\"whitespace-normal\">He Bled Neon<\/span><\/span> sein, in dem auch der ehemalige American-Football-Star <span class=\"hover:entity-accent entity-underline inline cursor-pointer align-baseline\"><span class=\"whitespace-normal\">Marshawn Lynch<\/span><\/span> und der Schauspieler <span class=\"hover:entity-accent entity-underline inline cursor-pointer align-baseline\"><span class=\"whitespace-normal\">Paul Wesley<\/span><\/span> mitwirken. Das Projekt wird von <span class=\"hover:entity-accent entity-underline inline cursor-pointer align-baseline\"><span class=\"whitespace-normal\">XYZ Films<\/span><\/span> produziert und vom Regisseur <span class=\"hover:entity-accent entity-underline inline cursor-pointer align-baseline\"><span class=\"whitespace-normal\">Drew Kirsch<\/span><\/span> geleitet.<\/p>\n<p data-start=\"1952\" data-end=\"2474\">Die Weltpremiere des Films ist f\u00fcr den 16. M\u00e4rz 2026 im Rahmen des <span class=\"hover:entity-accent entity-underline inline cursor-pointer align-baseline\"><span class=\"whitespace-normal\">SXSW Film &amp; TV Festival<\/span><\/span> geplant. &#8220;He Bled Neon&#8221; ist ein actionreicher Thriller, der die Geschichte von Ethan erz\u00e4hlt, gespielt von <span class=\"hover:entity-accent entity-underline inline cursor-pointer align-baseline\"><span class=\"whitespace-normal\">Joe Cole<\/span><\/span>, der nach dem mysteri\u00f6sen Tod seines Bruders nach <span class=\"hover:entity-accent entity-underline inline cursor-pointer align-baseline\"><span class=\"whitespace-normal\">Las Vegas<\/span><\/span> zur\u00fcckkehrt. Die Rolle des Bruders wird von Paul Wesley gespielt. W\u00e4hrend seiner Ermittlungen trifft er alte Freunde wieder, darunter die Figuren von Rita Ora und Marshawn Lynch.<\/p>\n<p data-start=\"2476\" data-end=\"2850\">Die Handlung spielt innerhalb von 48 Stunden und f\u00fchrt den Protagonisten in eine gef\u00e4hrliche Welt des Verbrechens voller Spannung und schwieriger Entscheidungen. Im Film spielen au\u00dferdem <span class=\"hover:entity-accent entity-underline inline cursor-pointer align-baseline\"><span class=\"whitespace-normal\">Ismael Cruz C\u00f3rdova<\/span><\/span> und <span class=\"hover:entity-accent entity-underline inline cursor-pointer align-baseline\"><span class=\"whitespace-normal\">Josh Holloway<\/span><\/span> mit, w\u00e4hrend die Filmmusik vom Produzenten und K\u00fcnstler <span class=\"hover:entity-accent entity-underline inline cursor-pointer align-baseline\"><span class=\"whitespace-normal\">ZHU<\/span><\/span> stammt.<\/p>\n<p data-start=\"2852\" data-end=\"3026\" data-is-last-node=\"\" data-is-only-node=\"\">Dieses Projekt vereint internationales Talent mit der intensiven Atmosph\u00e4re eines Thrillers und macht den Film zu einer der mit Spannung erwarteten Premieren des Jahres 2026.\/Albinfo.ch<\/p>\n<p>&nbsp;<\/p>\n<p style=\"text-align: center;\"><img loading=\"lazy\" decoding=\"async\" class=\"alignnone wp-image-907242\" src=\"https:\/\/www.albinfo.ch\/wp-content\/uploads\/2026\/03\/img_7839-772x1024.jpeg\" alt=\"\" width=\"500\" height=\"664\" srcset=\"https:\/\/www.albinfo.ch\/wp-content\/uploads\/2026\/03\/img_7839-772x1024.jpeg 772w, https:\/\/www.albinfo.ch\/wp-content\/uploads\/2026\/03\/img_7839-226x300.jpeg 226w, https:\/\/www.albinfo.ch\/wp-content\/uploads\/2026\/03\/img_7839-768x1019.jpeg 768w, https:\/\/www.albinfo.ch\/wp-content\/uploads\/2026\/03\/img_7839-1157x1536.jpeg 1157w, https:\/\/www.albinfo.ch\/wp-content\/uploads\/2026\/03\/img_7839-298x396.jpeg 298w, https:\/\/www.albinfo.ch\/wp-content\/uploads\/2026\/03\/img_7839-75x100.jpeg 75w, https:\/\/www.albinfo.ch\/wp-content\/uploads\/2026\/03\/img_7839-132x175.jpeg 132w, https:\/\/www.albinfo.ch\/wp-content\/uploads\/2026\/03\/img_7839.jpeg 1284w\" sizes=\"auto, (max-width: 500px) 100vw, 500px\" \/><\/p>\n","protected":false},"excerpt":{"rendered":"<p>Filmi i ri me tem\u00eb krimi, ku luajn\u00eb edhe Marshawn Lynch dhe Paul Wesley, do t\u00eb shfaqet premier\u00eb n\u00eb SXSW 2026.<\/p>\n","protected":false},"author":6,"featured_media":907247,"comment_status":"closed","ping_status":"closed","sticky":false,"template":"","format":"standard","meta":{"footnotes":""},"categories":[24665,24631,1138,1155],"tags":[],"vendi":[],"content_country":[],"class_list":["post-907489","post","type-post","status-publish","format-standard","has-post-thumbnail","hentry","category-kino","category-nachrichten-de-2","category-kultur","category-fun-de"],"acf":[],"_links":{"self":[{"href":"https:\/\/www.albinfo.ch\/de\/wp-json\/wp\/v2\/posts\/907489","targetHints":{"allow":["GET"]}}],"collection":[{"href":"https:\/\/www.albinfo.ch\/de\/wp-json\/wp\/v2\/posts"}],"about":[{"href":"https:\/\/www.albinfo.ch\/de\/wp-json\/wp\/v2\/types\/post"}],"author":[{"embeddable":true,"href":"https:\/\/www.albinfo.ch\/de\/wp-json\/wp\/v2\/users\/6"}],"replies":[{"embeddable":true,"href":"https:\/\/www.albinfo.ch\/de\/wp-json\/wp\/v2\/comments?post=907489"}],"version-history":[{"count":1,"href":"https:\/\/www.albinfo.ch\/de\/wp-json\/wp\/v2\/posts\/907489\/revisions"}],"predecessor-version":[{"id":907490,"href":"https:\/\/www.albinfo.ch\/de\/wp-json\/wp\/v2\/posts\/907489\/revisions\/907490"}],"wp:featuredmedia":[{"embeddable":true,"href":"https:\/\/www.albinfo.ch\/de\/wp-json\/wp\/v2\/media\/907247"}],"wp:attachment":[{"href":"https:\/\/www.albinfo.ch\/de\/wp-json\/wp\/v2\/media?parent=907489"}],"wp:term":[{"taxonomy":"category","embeddable":true,"href":"https:\/\/www.albinfo.ch\/de\/wp-json\/wp\/v2\/categories?post=907489"},{"taxonomy":"post_tag","embeddable":true,"href":"https:\/\/www.albinfo.ch\/de\/wp-json\/wp\/v2\/tags?post=907489"},{"taxonomy":"vendi","embeddable":true,"href":"https:\/\/www.albinfo.ch\/de\/wp-json\/wp\/v2\/vendi?post=907489"},{"taxonomy":"content_country","embeddable":true,"href":"https:\/\/www.albinfo.ch\/de\/wp-json\/wp\/v2\/content_country?post=907489"}],"curies":[{"name":"wp","href":"https:\/\/api.w.org\/{rel}","templated":true}]}}