{"id":907542,"date":"2026-03-11T13:57:55","date_gmt":"2026-03-11T12:57:55","guid":{"rendered":"https:\/\/www.albinfo.ch\/?p=907542"},"modified":"2026-03-12T01:02:48","modified_gmt":"2026-03-12T00:02:48","slug":"bau-investment-schweiz-ag-erweitert-ihr-portfolio-mit-einem-der-hoechsten-wohnprojekte-in-effretikon","status":"publish","type":"post","link":"https:\/\/www.albinfo.ch\/de\/bau-investment-schweiz-ag-erweitert-ihr-portfolio-mit-einem-der-hoechsten-wohnprojekte-in-effretikon\/","title":{"rendered":"Bau Investment Schweiz AG erweitert ihr Portfolio mit einem der h\u00f6chsten Wohnprojekte in Effretikon"},"content":{"rendered":"<p data-start=\"608\" data-end=\"904\">Das Unternehmen <a href=\"https:\/\/bauinvestment.ch\/\"><span class=\"hover:entity-accent entity-underline inline cursor-pointer align-baseline\"><span class=\"whitespace-normal\">Bau Investment Schweiz AG<\/span><\/span><\/a> mit Sitz in <span class=\"hover:entity-accent entity-underline inline cursor-pointer align-baseline\"><span class=\"whitespace-normal\">Schlieren<\/span><\/span> im Kanton <span class=\"hover:entity-accent entity-underline inline cursor-pointer align-baseline\"><span class=\"whitespace-normal\">Z\u00fcrich<\/span><\/span> st\u00e4rkt seine Pr\u00e4senz auf dem Immobilienmarkt durch den Erwerb eines bedeutenden Wohnobjekts in der Region <span class=\"hover:entity-accent entity-underline inline cursor-pointer align-baseline\"><span class=\"whitespace-normal\">Effretikon<\/span><\/span>.<\/p>\n<p data-start=\"906\" data-end=\"1142\" data-is-last-node=\"\" data-is-only-node=\"\">Dieses moderne Wohnprojekt, eines der h\u00f6chsten Geb\u00e4ude der Region, umfasst insgesamt 51 Wohneinheiten und zeichnet sich durch eine sorgf\u00e4ltig geplante Architektur, eine strategische Lage sowie hohe Komfortstandards f\u00fcr die Bewohner aus.<\/p>\n<p><a href=\"https:\/\/www.albinfo.ch\/wp-content\/uploads\/2026\/03\/foto-aussen-1.jpg\"><img loading=\"lazy\" decoding=\"async\" class=\"alignnone size-large wp-image-907316\" src=\"https:\/\/www.albinfo.ch\/wp-content\/uploads\/2026\/03\/foto-aussen-1-641x1024.jpg\" alt=\"\" width=\"640\" height=\"1022\" srcset=\"https:\/\/www.albinfo.ch\/wp-content\/uploads\/2026\/03\/foto-aussen-1-641x1024.jpg 641w, https:\/\/www.albinfo.ch\/wp-content\/uploads\/2026\/03\/foto-aussen-1-188x300.jpg 188w, https:\/\/www.albinfo.ch\/wp-content\/uploads\/2026\/03\/foto-aussen-1-768x1227.jpg 768w, https:\/\/www.albinfo.ch\/wp-content\/uploads\/2026\/03\/foto-aussen-1-962x1536.jpg 962w, https:\/\/www.albinfo.ch\/wp-content\/uploads\/2026\/03\/foto-aussen-1-248x396.jpg 248w, https:\/\/www.albinfo.ch\/wp-content\/uploads\/2026\/03\/foto-aussen-1-63x100.jpg 63w, https:\/\/www.albinfo.ch\/wp-content\/uploads\/2026\/03\/foto-aussen-1-110x175.jpg 110w, https:\/\/www.albinfo.ch\/wp-content\/uploads\/2026\/03\/foto-aussen-1.jpg 1125w\" sizes=\"auto, (max-width: 640px) 100vw, 640px\" \/><\/a><\/p>\n<p data-start=\"2188\" data-end=\"2548\">Das Geb\u00e4ude wurde so konzipiert, dass es sich harmonisch in die Umgebung einf\u00fcgt, indem modernes Design mit der praktischen Funktionalit\u00e4t der Wohnr\u00e4ume kombiniert wird. Die Wohnungen sind f\u00fcr verschiedene Bewohnergruppen geeignet, darunter Familien, Paare und Einzelpersonen, die eine hohe Lebensqualit\u00e4t sowie ein modernes und komfortables Wohnumfeld suchen.<\/p>\n<p data-start=\"2550\" data-end=\"2841\">&#8220;Mit dieser Investition erweitert <a href=\"https:\/\/bauinvestment.ch\/\"><span class=\"hover:entity-accent entity-underline inline cursor-pointer align-baseline\"><span class=\"whitespace-normal\">Bau Investment Schweiz AG<\/span><\/span><\/a> strategisch ihr Immobilienportfolio um ein Projekt, das langfristige Wertstabilit\u00e4t und ein betr\u00e4chtliches Entwicklungspotenzial f\u00fcr die Zukunft bietet&#8221;, sagt <span class=\"hover:entity-accent entity-underline inline cursor-pointer align-baseline\"><span class=\"whitespace-normal\">Loris Shoshi<\/span><\/span>, CEO des Unternehmens.<\/p>\n<p data-start=\"2843\" data-end=\"3079\">Auch <span class=\"hover:entity-accent entity-underline inline cursor-pointer align-baseline\"><span class=\"whitespace-normal\">Arsen Shoshi<\/span><\/span>, Verwaltungsratsdirektor von Bau Investment Schweiz AG mit mehr als zwei Jahrzehnten Erfahrung im Immobiliensektor, betont die Bedeutung dieser Investition f\u00fcr die Entwicklung des Unternehmens.<\/p>\n<p data-start=\"3081\" data-end=\"3434\">&#8220;Mit dieser Investition bauen wir ein langfristiges Immobilienportfolio auf und st\u00e4rken die finanzielle Stabilit\u00e4t unseres Unternehmens. Seit der Zeit der <span class=\"hover:entity-accent entity-underline inline cursor-pointer align-baseline\"><span class=\"whitespace-normal\">COVID-19<\/span><\/span>-Pandemie, als wir das Unternehmen gegr\u00fcndet haben, konnten wir ein bedeutendes Wachstum verzeichnen und unsere Aktivit\u00e4ten auf dem Markt ausweiten&#8221;, erkl\u00e4rt er.<\/p>\n<p data-start=\"3436\" data-end=\"3616\">Seiner Ansicht nach machen die Kombination aus moderner Architektur, funktionaler Raumplanung und g\u00fcnstiger Lage diesen Wohnkomplex zu einer wichtigen und nachhaltigen Investition.<\/p>\n<p data-start=\"3618\" data-end=\"3847\">Dieses Projekt spiegelt die Vision des Unternehmens f\u00fcr die Immobilienentwicklung wider, die nicht nur zeitgem\u00e4\u00dfe Wohnstandards erf\u00fcllt, sondern auch nachhaltigen Wert f\u00fcr Bewohner, Investoren und die lokale Gemeinschaft schafft.<\/p>\n<p data-start=\"3849\" data-end=\"4178\">Durch solche Projekte tr\u00e4gt Bau Investment Schweiz AG zur st\u00e4dtischen Entwicklung und zur Schaffung moderner Wohnr\u00e4ume in der Region <span class=\"hover:entity-accent entity-underline inline cursor-pointer align-baseline\"><span class=\"whitespace-normal\">Z\u00fcrich<\/span><\/span> bei. Das Unternehmen ist auf die Konsolidierung und Erweiterung bestehender Wohnimmobilienportfolios spezialisiert und besitzt derzeit Hunderte von Wohnungen.<\/p>\n<p data-start=\"4180\" data-end=\"4195\" data-is-last-node=\"\" data-is-only-node=\"\">Lesen Sie auch:<\/p>\n<blockquote class=\"wp-embedded-content\" data-secret=\"ueoBfUzRd1\"><p><a href=\"https:\/\/www.albinfo.ch\/bau-investment-schweiz-ag-kompania-qe-lulezoi-ne-kohe-pandemie\/\">\u201cBau Investment Schweiz AG\u201d, kompania q\u00eb lul\u00ebzoi n\u00eb koh\u00eb pandemie<\/a><\/p><\/blockquote>\n<p><iframe loading=\"lazy\" class=\"wp-embedded-content\" sandbox=\"allow-scripts\" security=\"restricted\" style=\"position: absolute; visibility: hidden;\" title=\"&#8220;\u201cBau Investment Schweiz AG\u201d, kompania q\u00eb lul\u00ebzoi n\u00eb koh\u00eb pandemie&#8221; &#8212; Albinfo\" src=\"https:\/\/www.albinfo.ch\/bau-investment-schweiz-ag-kompania-qe-lulezoi-ne-kohe-pandemie\/embed\/#?secret=QtQZc23vvw#?secret=ueoBfUzRd1\" data-secret=\"ueoBfUzRd1\" width=\"587\" height=\"331\" frameborder=\"0\" marginwidth=\"0\" marginheight=\"0\" scrolling=\"no\"><\/iframe><\/p>\n<p>&nbsp;<\/p>\n","protected":false},"excerpt":{"rendered":"<p>Das Unternehmen Bau Investment Schweiz AG mit Sitz in Schlieren im Kanton Z\u00fcrich st\u00e4rkt seine Pr\u00e4senz auf dem Immobilienmarkt durch den Erwerb eines bedeutenden Wohnobjekts in der Region Effretikon. Dieses moderne Wohnprojekt, eines der h\u00f6chsten Geb\u00e4ude der Region, umfasst insgesamt 51 Wohneinheiten und zeichnet sich durch eine sorgf\u00e4ltig geplante Architektur, eine strategische Lage sowie hohe [&hellip;]<\/p>\n","protected":false},"author":6,"featured_media":907312,"comment_status":"closed","ping_status":"closed","sticky":false,"template":"","format":"standard","meta":{"footnotes":""},"categories":[24636,1130,24665,3952,1129,1133,1138],"tags":[],"vendi":[],"content_country":[],"class_list":["post-907542","post","type-post","status-publish","format-standard","has-post-thumbnail","hentry","category-nachrichten-de-4","category-aktuell","category-kino","category-kosova-de","category-ch-balkan","category-e-diaspora-de","category-kultur"],"acf":[],"_links":{"self":[{"href":"https:\/\/www.albinfo.ch\/de\/wp-json\/wp\/v2\/posts\/907542","targetHints":{"allow":["GET"]}}],"collection":[{"href":"https:\/\/www.albinfo.ch\/de\/wp-json\/wp\/v2\/posts"}],"about":[{"href":"https:\/\/www.albinfo.ch\/de\/wp-json\/wp\/v2\/types\/post"}],"author":[{"embeddable":true,"href":"https:\/\/www.albinfo.ch\/de\/wp-json\/wp\/v2\/users\/6"}],"replies":[{"embeddable":true,"href":"https:\/\/www.albinfo.ch\/de\/wp-json\/wp\/v2\/comments?post=907542"}],"version-history":[{"count":1,"href":"https:\/\/www.albinfo.ch\/de\/wp-json\/wp\/v2\/posts\/907542\/revisions"}],"predecessor-version":[{"id":907543,"href":"https:\/\/www.albinfo.ch\/de\/wp-json\/wp\/v2\/posts\/907542\/revisions\/907543"}],"wp:featuredmedia":[{"embeddable":true,"href":"https:\/\/www.albinfo.ch\/de\/wp-json\/wp\/v2\/media\/907312"}],"wp:attachment":[{"href":"https:\/\/www.albinfo.ch\/de\/wp-json\/wp\/v2\/media?parent=907542"}],"wp:term":[{"taxonomy":"category","embeddable":true,"href":"https:\/\/www.albinfo.ch\/de\/wp-json\/wp\/v2\/categories?post=907542"},{"taxonomy":"post_tag","embeddable":true,"href":"https:\/\/www.albinfo.ch\/de\/wp-json\/wp\/v2\/tags?post=907542"},{"taxonomy":"vendi","embeddable":true,"href":"https:\/\/www.albinfo.ch\/de\/wp-json\/wp\/v2\/vendi?post=907542"},{"taxonomy":"content_country","embeddable":true,"href":"https:\/\/www.albinfo.ch\/de\/wp-json\/wp\/v2\/content_country?post=907542"}],"curies":[{"name":"wp","href":"https:\/\/api.w.org\/{rel}","templated":true}]}}