{"id":907550,"date":"2026-03-11T15:59:05","date_gmt":"2026-03-11T14:59:05","guid":{"rendered":"https:\/\/www.albinfo.ch\/?p=907550"},"modified":"2026-03-12T01:12:01","modified_gmt":"2026-03-12T00:12:01","slug":"osmani-empfaengt-vertreter-der-nato-und-dankt-general-sven-lange-fuer-seinen-beitrag-im-kosovo","status":"publish","type":"post","link":"https:\/\/www.albinfo.ch\/de\/osmani-empfaengt-vertreter-der-nato-und-dankt-general-sven-lange-fuer-seinen-beitrag-im-kosovo\/","title":{"rendered":"Osmani empf\u00e4ngt Vertreter der NATO und dankt General Sven Lange f\u00fcr seinen Beitrag im Kosovo"},"content":{"rendered":"<div class=\"flex flex-col text-sm pb-25\">\n<article class=\"text-token-text-primary w-full focus:outline-none [--shadow-height:45px] has-data-writing-block:pointer-events-none has-data-writing-block:-mt-(--shadow-height) has-data-writing-block:pt-(--shadow-height) [&amp;:has([data-writing-block])&gt;*]:pointer-events-auto scroll-mt-[calc(var(--header-height)+min(200px,max(70px,20svh)))]\" dir=\"auto\" tabindex=\"-1\" data-turn-id=\"request-69978cf9-751c-838b-9341-f3117ba36228-161\" data-testid=\"conversation-turn-804\" data-scroll-anchor=\"true\" data-turn=\"assistant\">\n<div class=\"text-base my-auto mx-auto pb-10 [--thread-content-margin:--spacing(4)] @w-sm\/main:[--thread-content-margin:--spacing(6)] @w-lg\/main:[--thread-content-margin:--spacing(16)] px-(--thread-content-margin)\">\n<div class=\"[--thread-content-max-width:40rem] @w-lg\/main:[--thread-content-max-width:48rem] mx-auto max-w-(--thread-content-max-width) flex-1 group\/turn-messages focus-visible:outline-hidden relative flex w-full min-w-0 flex-col agent-turn\" tabindex=\"-1\">\n<div class=\"flex max-w-full flex-col grow\">\n<div class=\"min-h-8 text-message relative flex w-full flex-col items-end gap-2 text-start break-words whitespace-normal [.text-message+&amp;]:mt-1\" dir=\"auto\" data-message-author-role=\"assistant\" data-message-id=\"b516cae5-527e-440f-8074-efeb2a6e7dc8\" data-message-model-slug=\"gpt-5-3\">\n<div class=\"flex w-full flex-col gap-1 empty:hidden first:pt-[1px]\">\n<div class=\"markdown prose dark:prose-invert w-full wrap-break-word light markdown-new-styling\">\n<p data-start=\"1494\" data-end=\"1888\">Die Pr\u00e4sidentin der Republik <span class=\"hover:entity-accent entity-underline inline cursor-pointer align-baseline\"><span class=\"whitespace-normal\">Kosovo<\/span><\/span>, <span class=\"hover:entity-accent entity-underline inline cursor-pointer align-baseline\"><span class=\"whitespace-normal\">Vjosa Osmani<\/span><\/span>, hat den scheidenden Leiter des Beratungs- und Verbindungs\u00adteams der <span class=\"hover:entity-accent entity-underline inline cursor-pointer align-baseline\"><span class=\"whitespace-normal\">NATO<\/span><\/span> (NALT), Brigadegeneral Dr <span class=\"hover:entity-accent entity-underline inline cursor-pointer align-baseline\"><span class=\"whitespace-normal\">Sven Lange<\/span><\/span>, sowie die NATO-Vertreterin <span class=\"hover:entity-accent entity-underline inline cursor-pointer align-baseline\"><span class=\"whitespace-normal\">Blanca Hereza Atienza<\/span><\/span> zu einem Treffen empfangen, berichtet albinfo.ch.<\/p>\n<p data-start=\"1890\" data-end=\"2169\">W\u00e4hrend des Treffens sprach Osmani ihren Dank f\u00fcr das kontinuierliche Engagement der NATO bei der Sicherung von Stabilit\u00e4t und Sicherheit im Kosovo aus. Sie w\u00fcrdigte zudem die wichtige Rolle des NALT bei der Entwicklung der Sicherheits- und Verteidigungsinstitutionen des Landes.<\/p>\n<p data-start=\"2171\" data-end=\"2452\">Die Pr\u00e4sidentin betonte, dass die Unterst\u00fctzung der NATO besonders wichtig f\u00fcr die Entwicklung und Professionalisierung der <span class=\"hover:entity-accent entity-underline inline cursor-pointer align-baseline\"><span class=\"whitespace-normal\">Kosovo Security Force<\/span><\/span> gewesen sei und direkt zur St\u00e4rkung der professionellen und institutionellen Kapazit\u00e4ten des Kosovo beigetragen habe.<\/p>\n<p data-start=\"2454\" data-end=\"2767\">Bei dieser Gelegenheit w\u00fcrdigte Osmani auch die Arbeit und das Engagement von Brigadegeneral Dr Sven Lange, der sein einj\u00e4hriges Mandat als Leiter des NALT beendet. Im Namen der Institutionen und B\u00fcrger des Kosovo dankte sie ihm f\u00fcr seinen Beitrag zur St\u00e4rkung der Zusammenarbeit zwischen dem Kosovo und der NATO.<\/p>\n<p data-start=\"2769\" data-end=\"2948\" data-is-last-node=\"\" data-is-only-node=\"\">Am Ende des Treffens bekr\u00e4ftigte die Pr\u00e4sidentin das Engagement des Kosovo f\u00fcr Frieden, Stabilit\u00e4t und euro-atlantische Werte sowie das Bestreben des Landes, der NATO beizutreten. \/Albinfo.ch<\/p>\n<p data-start=\"2769\" data-end=\"2948\" data-is-last-node=\"\" data-is-only-node=\"\">\n<\/div>\n<\/div>\n<\/div>\n<\/div>\n<\/div>\n<\/div>\n<\/article>\n<\/div>\n","protected":false},"excerpt":{"rendered":"<p>Die Pr\u00e4sidentin der Republik Kosovo, Vjosa Osmani, hat den scheidenden Leiter des Beratungs- und Verbindungs\u00adteams der NATO (NALT), Brigadegeneral Dr Sven Lange, sowie die NATO-Vertreterin Blanca Hereza Atienza zu einem Treffen empfangen, berichtet albinfo.ch. W\u00e4hrend des Treffens sprach Osmani ihren Dank f\u00fcr das kontinuierliche Engagement der NATO bei der Sicherung von Stabilit\u00e4t und Sicherheit im [&hellip;]<\/p>\n","protected":false},"author":6,"featured_media":907352,"comment_status":"closed","ping_status":"closed","sticky":false,"template":"","format":"standard","meta":{"footnotes":""},"categories":[23263,1130,3952,23269,23262,1129],"tags":[],"vendi":[],"content_country":[],"class_list":["post-907550","post","type-post","status-publish","format-standard","has-post-thumbnail","hentry","category-kosova-de-2","category-aktuell","category-kosova-de","category-news","category-at-balkani-de","category-ch-balkan"],"acf":[],"_links":{"self":[{"href":"https:\/\/www.albinfo.ch\/de\/wp-json\/wp\/v2\/posts\/907550","targetHints":{"allow":["GET"]}}],"collection":[{"href":"https:\/\/www.albinfo.ch\/de\/wp-json\/wp\/v2\/posts"}],"about":[{"href":"https:\/\/www.albinfo.ch\/de\/wp-json\/wp\/v2\/types\/post"}],"author":[{"embeddable":true,"href":"https:\/\/www.albinfo.ch\/de\/wp-json\/wp\/v2\/users\/6"}],"replies":[{"embeddable":true,"href":"https:\/\/www.albinfo.ch\/de\/wp-json\/wp\/v2\/comments?post=907550"}],"version-history":[{"count":1,"href":"https:\/\/www.albinfo.ch\/de\/wp-json\/wp\/v2\/posts\/907550\/revisions"}],"predecessor-version":[{"id":907551,"href":"https:\/\/www.albinfo.ch\/de\/wp-json\/wp\/v2\/posts\/907550\/revisions\/907551"}],"wp:featuredmedia":[{"embeddable":true,"href":"https:\/\/www.albinfo.ch\/de\/wp-json\/wp\/v2\/media\/907352"}],"wp:attachment":[{"href":"https:\/\/www.albinfo.ch\/de\/wp-json\/wp\/v2\/media?parent=907550"}],"wp:term":[{"taxonomy":"category","embeddable":true,"href":"https:\/\/www.albinfo.ch\/de\/wp-json\/wp\/v2\/categories?post=907550"},{"taxonomy":"post_tag","embeddable":true,"href":"https:\/\/www.albinfo.ch\/de\/wp-json\/wp\/v2\/tags?post=907550"},{"taxonomy":"vendi","embeddable":true,"href":"https:\/\/www.albinfo.ch\/de\/wp-json\/wp\/v2\/vendi?post=907550"},{"taxonomy":"content_country","embeddable":true,"href":"https:\/\/www.albinfo.ch\/de\/wp-json\/wp\/v2\/content_country?post=907550"}],"curies":[{"name":"wp","href":"https:\/\/api.w.org\/{rel}","templated":true}]}}