{"id":907558,"date":"2026-03-11T16:49:02","date_gmt":"2026-03-11T15:49:02","guid":{"rendered":"https:\/\/www.albinfo.ch\/?p=907558"},"modified":"2026-03-12T01:22:22","modified_gmt":"2026-03-12T00:22:22","slug":"valentina-fazlija-wird-erstmals-in-die-stadtversammlung-von-zuerich-gewaehlt","status":"publish","type":"post","link":"https:\/\/www.albinfo.ch\/de\/valentina-fazlija-wird-erstmals-in-die-stadtversammlung-von-zuerich-gewaehlt\/","title":{"rendered":"Valentina Fazlija wird erstmals in die Stadtversammlung von Z\u00fcrich gew\u00e4hlt"},"content":{"rendered":"<p data-start=\"1223\" data-end=\"1403\"><span class=\"hover:entity-accent entity-underline inline cursor-pointer align-baseline\"><span class=\"whitespace-normal\">Valentina Fazlija<\/span><\/span> von der <span class=\"hover:entity-accent entity-underline inline cursor-pointer align-baseline\"><span class=\"whitespace-normal\">Freisinnig-Demokratische Partei<\/span><\/span> ist erstmals in die Stadtversammlung von <span class=\"hover:entity-accent entity-underline inline cursor-pointer align-baseline\"><span class=\"whitespace-normal\">Z\u00fcrich<\/span><\/span> gew\u00e4hlt worden.<\/p>\n<p data-start=\"1405\" data-end=\"1616\">Mit ihrer Wahl hat die Stadt Z\u00fcrich nun vier Mitglieder der Stadtversammlung mit albanischen Wurzeln, ein wichtiges Zeichen f\u00fcr die wachsende politische Vertretung der albanischen Gemeinschaft auf lokaler Ebene.<\/p>\n<p data-start=\"1618\" data-end=\"1924\">Neben Valentina Fazlija (FDP) geh\u00f6ren auch drei weitere Politiker albanischer Herkunft der Stadtversammlung von Z\u00fcrich an: <span class=\"hover:entity-accent entity-underline inline cursor-pointer align-baseline\"><span class=\"whitespace-normal\">P\u00ebrparim Avdili<\/span><\/span> (FDP), <span class=\"hover:entity-accent entity-underline inline cursor-pointer align-baseline\"><span class=\"whitespace-normal\">Reis Luzhnica<\/span><\/span> (<span class=\"hover:entity-accent entity-underline inline cursor-pointer align-baseline\"><span class=\"whitespace-normal\">Sozialdemokratische Partei der Schweiz<\/span><\/span> \/ SP) und <span class=\"hover:entity-accent entity-underline inline cursor-pointer align-baseline\"><span class=\"whitespace-normal\">Dafi Muharremi<\/span><\/span> (SP).<\/p>\n<p data-start=\"1926\" data-end=\"2179\">Die Wahl von Fazlija gilt als weiterer Erfolg f\u00fcr die albanische Gemeinschaft in der <span class=\"hover:entity-accent entity-underline inline cursor-pointer align-baseline\"><span class=\"whitespace-normal\">Schweiz<\/span><\/span> und als Beweis f\u00fcr das zunehmende Engagement von Albanerinnen und Albanern im politischen und institutionellen Leben des Landes.<\/p>\n<p data-start=\"2181\" data-end=\"2404\">Die Vertretung von vier Politikern mit albanischen Wurzeln in der Stadtversammlung von Z\u00fcrich zeigt zudem die Integration und den Beitrag der albanischen Diaspora zum demokratischen und gesellschaftlichen Leben der Schweiz.<\/p>\n<p data-start=\"2406\" data-end=\"2421\" data-is-last-node=\"\" data-is-only-node=\"\">Lesen Sie auch:<\/p>\n<blockquote class=\"wp-embedded-content\" data-secret=\"Zy4dNUdeEF\"><p><a href=\"https:\/\/www.albinfo.ch\/reis-luzhnica-nga-sp-behet-serish-deputeti-ne-parlamentin-e-cyrihut\/\">Reis Luzhnica nga SP b\u00ebhet s\u00ebrish deputet n\u00eb Parlamentin e Cyrihut<\/a><\/p><\/blockquote>\n<p><iframe loading=\"lazy\" class=\"wp-embedded-content\" sandbox=\"allow-scripts\" security=\"restricted\" style=\"position: absolute; visibility: hidden;\" title=\"&#8220;Reis Luzhnica nga SP b\u00ebhet s\u00ebrish deputet n\u00eb Parlamentin e Cyrihut&#8221; &#8212; Albinfo\" src=\"https:\/\/www.albinfo.ch\/reis-luzhnica-nga-sp-behet-serish-deputeti-ne-parlamentin-e-cyrihut\/embed\/#?secret=tFQTtuL0g9#?secret=Zy4dNUdeEF\" data-secret=\"Zy4dNUdeEF\" width=\"587\" height=\"331\" frameborder=\"0\" marginwidth=\"0\" marginheight=\"0\" scrolling=\"no\"><\/iframe><\/p>\n<p>&nbsp;<\/p>\n","protected":false},"excerpt":{"rendered":"<p>Neben Valentina Fazlija (Freisinnig-Demokratische Partei) geh\u00f6ren auch drei weitere Politiker albanischer Herkunft der Stadtversammlung von Z\u00fcrich an: P\u00ebrparim Avdili (FDP), Reis Luzhnica (Sozialdemokratische Partei der Schweiz \/ SP) und Dafi Muharremi (SP).<\/p>\n","protected":false},"author":6,"featured_media":907363,"comment_status":"closed","ping_status":"closed","sticky":false,"template":"","format":"standard","meta":{"footnotes":""},"categories":[24636,1134,24006,1133,1140],"tags":[],"vendi":[],"content_country":[],"class_list":["post-907558","post","type-post","status-publish","format-standard","has-post-thumbnail","hentry","category-nachrichten-de-4","category-integration","category-lajme-jeta-ne-zvicer-de","category-e-diaspora-de","category-leben-in-der-schweiz"],"acf":[],"_links":{"self":[{"href":"https:\/\/www.albinfo.ch\/de\/wp-json\/wp\/v2\/posts\/907558","targetHints":{"allow":["GET"]}}],"collection":[{"href":"https:\/\/www.albinfo.ch\/de\/wp-json\/wp\/v2\/posts"}],"about":[{"href":"https:\/\/www.albinfo.ch\/de\/wp-json\/wp\/v2\/types\/post"}],"author":[{"embeddable":true,"href":"https:\/\/www.albinfo.ch\/de\/wp-json\/wp\/v2\/users\/6"}],"replies":[{"embeddable":true,"href":"https:\/\/www.albinfo.ch\/de\/wp-json\/wp\/v2\/comments?post=907558"}],"version-history":[{"count":1,"href":"https:\/\/www.albinfo.ch\/de\/wp-json\/wp\/v2\/posts\/907558\/revisions"}],"predecessor-version":[{"id":907559,"href":"https:\/\/www.albinfo.ch\/de\/wp-json\/wp\/v2\/posts\/907558\/revisions\/907559"}],"wp:featuredmedia":[{"embeddable":true,"href":"https:\/\/www.albinfo.ch\/de\/wp-json\/wp\/v2\/media\/907363"}],"wp:attachment":[{"href":"https:\/\/www.albinfo.ch\/de\/wp-json\/wp\/v2\/media?parent=907558"}],"wp:term":[{"taxonomy":"category","embeddable":true,"href":"https:\/\/www.albinfo.ch\/de\/wp-json\/wp\/v2\/categories?post=907558"},{"taxonomy":"post_tag","embeddable":true,"href":"https:\/\/www.albinfo.ch\/de\/wp-json\/wp\/v2\/tags?post=907558"},{"taxonomy":"vendi","embeddable":true,"href":"https:\/\/www.albinfo.ch\/de\/wp-json\/wp\/v2\/vendi?post=907558"},{"taxonomy":"content_country","embeddable":true,"href":"https:\/\/www.albinfo.ch\/de\/wp-json\/wp\/v2\/content_country?post=907558"}],"curies":[{"name":"wp","href":"https:\/\/api.w.org\/{rel}","templated":true}]}}