{"id":907646,"date":"2026-03-12T09:45:58","date_gmt":"2026-03-12T08:45:58","guid":{"rendered":"https:\/\/www.albinfo.ch\/?p=907646"},"modified":"2026-03-12T17:11:30","modified_gmt":"2026-03-12T16:11:30","slug":"die-behoerden-des-kosovo-ehren-die-veranstaltung-kurora-e-lirise-in-bern-mit-ihrer-teilnahme","status":"publish","type":"post","link":"https:\/\/www.albinfo.ch\/de\/die-behoerden-des-kosovo-ehren-die-veranstaltung-kurora-e-lirise-in-bern-mit-ihrer-teilnahme\/","title":{"rendered":"Die Beh\u00f6rden des Kosovo ehren die Veranstaltung &#8220;Kurora e Liris\u00eb&#8221; in Bern mit ihrer Teilnahme"},"content":{"rendered":"<p data-start=\"2263\" data-end=\"2564\">Die Gedenk- und Kulturveranstaltung &#8220;Kurora e Liris\u00eb&#8221;, die am Samstag, den 14. M\u00e4rz, in der <span class=\"hover:entity-accent entity-underline inline cursor-pointer align-baseline\"><span class=\"whitespace-normal\">Kursaal Arena<\/span><\/span> in <span class=\"hover:entity-accent entity-underline inline cursor-pointer align-baseline\"><span class=\"whitespace-normal\">Bern<\/span><\/span> stattfinden wird, wird durch die Teilnahme hochrangiger Vertreter der Republik <span class=\"hover:entity-accent entity-underline inline cursor-pointer align-baseline\"><span class=\"whitespace-normal\">Kosovo<\/span><\/span> geehrt.<\/p>\n<p data-start=\"2566\" data-end=\"2954\">An der Veranstaltung werden der Minister f\u00fcr Arbeit, Familie und Werte des Befreiungskrieges, <span class=\"hover:entity-accent entity-underline inline cursor-pointer align-baseline\"><span class=\"whitespace-normal\">Andin Hoti<\/span><\/span>, sowie der Innenminister <span class=\"hover:entity-accent entity-underline inline cursor-pointer align-baseline\"><span class=\"whitespace-normal\">Xhelal Sve\u00e7la<\/span><\/span> teilnehmen. Sie werden Teil dieser Gedenkveranstaltung sein, die dem Opfer der Familie <span class=\"hover:entity-accent entity-underline inline cursor-pointer align-baseline\"><span class=\"whitespace-normal\">Adem Jashari<\/span><\/span> und aller Gefallenen f\u00fcr die Freiheit des Kosovo gewidmet ist.<\/p>\n<p data-start=\"2956\" data-end=\"3246\">Die Veranstaltung wird au\u00dferdem von weiteren politischen Vertretern geehrt, darunter <span class=\"hover:entity-accent entity-underline inline cursor-pointer align-baseline\"><span class=\"whitespace-normal\">Adnan Azizi<\/span><\/span>, Abgeordneter im Parlament von <span class=\"hover:entity-accent entity-underline inline cursor-pointer align-baseline\"><span class=\"whitespace-normal\">Nordmazedonien<\/span><\/span>, sowie <span class=\"hover:entity-accent entity-underline inline cursor-pointer align-baseline\"><span class=\"whitespace-normal\">Enver Dugolli<\/span><\/span> aus dem Parlament des Kosovo und weitere G\u00e4ste.<\/p>\n<p data-start=\"3248\" data-end=\"3511\">Die Teilnahme der kosovarischen Beh\u00f6rden stellt einen wichtigen Moment der Verbindung zwischen den Institutionen und der albanischen Diaspora in der <span class=\"hover:entity-accent entity-underline inline cursor-pointer align-baseline\"><span class=\"whitespace-normal\">Schweiz<\/span><\/span> dar und w\u00fcrdigt das historische Gedenken sowie das Opfer f\u00fcr die Freiheit.<\/p>\n<p data-start=\"3513\" data-end=\"3785\">Die Veranstaltung wird vom Rat der albanischen Kulturvereine in der Schweiz in Zusammenarbeit mit verschiedenen albanischen Kulturorganisationen organisiert. Am Programm nehmen k\u00fcnstlerische Ensembles, Ch\u00f6re, Kulturgruppen und K\u00fcnstler aus der Schweiz und dem Kosovo teil.<\/p>\n<p data-start=\"3787\" data-end=\"3998\">Im Rahmen der Veranstaltung wird auch die Fotoausstellung &#8220;Prekaz &#8211; Liebe, Schmerz und nationaler Stolz&#8221; des Autors <span class=\"hover:entity-accent entity-underline inline cursor-pointer align-baseline\"><span class=\"whitespace-normal\">Sefer Ali\u00e7kaj<\/span><\/span> er\u00f6ffnet, die erstmals in der Schweiz pr\u00e4sentiert wird.<\/p>\n<p data-start=\"4000\" data-end=\"4146\">F\u00fcr weitere Informationen kann die Projektkoordinatorin <span class=\"hover:entity-accent entity-underline inline cursor-pointer align-baseline\"><span class=\"whitespace-normal\">Mirishahe Limani Hiler<\/span><\/span> unter der Nummer 079 607 46 74 kontaktiert werden.<\/p>\n<p data-start=\"4148\" data-end=\"4365\" data-is-last-node=\"\" data-is-only-node=\"\">Albinfo.ch l\u00e4dt alle Mitglieder der Diaspora ein, an dieser Veranstaltung teilzunehmen, die nicht nur ein historisches Ereignis ehrt, sondern auch die Diaspora selbst als einen wichtigen Teil der &#8220;Krone der Freiheit&#8221;.<\/p>\n","protected":false},"excerpt":{"rendered":"<p>Teilgenommen haben der Minister des Ministeriums f\u00fcr Arbeit, Familie und Werte des Befreiungskrieges der Republik Kosovo, Andin Hoti, sowie der Innenminister Xhelal Sve\u00e7la.<\/p>\n","protected":false},"author":6,"featured_media":907403,"comment_status":"closed","ping_status":"closed","sticky":false,"template":"","format":"standard","meta":{"footnotes":""},"categories":[1141,1144,1130,3952,24006,1129,1140],"tags":[],"vendi":[],"content_country":[],"class_list":["post-907646","post","type-post","status-publish","format-standard","has-post-thumbnail","hentry","category-themen","category-veranstaltungen","category-aktuell","category-kosova-de","category-lajme-jeta-ne-zvicer-de","category-ch-balkan","category-leben-in-der-schweiz"],"acf":[],"_links":{"self":[{"href":"https:\/\/www.albinfo.ch\/de\/wp-json\/wp\/v2\/posts\/907646","targetHints":{"allow":["GET"]}}],"collection":[{"href":"https:\/\/www.albinfo.ch\/de\/wp-json\/wp\/v2\/posts"}],"about":[{"href":"https:\/\/www.albinfo.ch\/de\/wp-json\/wp\/v2\/types\/post"}],"author":[{"embeddable":true,"href":"https:\/\/www.albinfo.ch\/de\/wp-json\/wp\/v2\/users\/6"}],"replies":[{"embeddable":true,"href":"https:\/\/www.albinfo.ch\/de\/wp-json\/wp\/v2\/comments?post=907646"}],"version-history":[{"count":1,"href":"https:\/\/www.albinfo.ch\/de\/wp-json\/wp\/v2\/posts\/907646\/revisions"}],"predecessor-version":[{"id":907647,"href":"https:\/\/www.albinfo.ch\/de\/wp-json\/wp\/v2\/posts\/907646\/revisions\/907647"}],"wp:featuredmedia":[{"embeddable":true,"href":"https:\/\/www.albinfo.ch\/de\/wp-json\/wp\/v2\/media\/907403"}],"wp:attachment":[{"href":"https:\/\/www.albinfo.ch\/de\/wp-json\/wp\/v2\/media?parent=907646"}],"wp:term":[{"taxonomy":"category","embeddable":true,"href":"https:\/\/www.albinfo.ch\/de\/wp-json\/wp\/v2\/categories?post=907646"},{"taxonomy":"post_tag","embeddable":true,"href":"https:\/\/www.albinfo.ch\/de\/wp-json\/wp\/v2\/tags?post=907646"},{"taxonomy":"vendi","embeddable":true,"href":"https:\/\/www.albinfo.ch\/de\/wp-json\/wp\/v2\/vendi?post=907646"},{"taxonomy":"content_country","embeddable":true,"href":"https:\/\/www.albinfo.ch\/de\/wp-json\/wp\/v2\/content_country?post=907646"}],"curies":[{"name":"wp","href":"https:\/\/api.w.org\/{rel}","templated":true}]}}