{"id":907654,"date":"2026-03-12T10:41:07","date_gmt":"2026-03-12T09:41:07","guid":{"rendered":"https:\/\/www.albinfo.ch\/?p=907654"},"modified":"2026-03-12T17:09:09","modified_gmt":"2026-03-12T16:09:09","slug":"die-arberesh-aus-kalabrien-bringen-die-albanische-tradition-zu-einem-kulturabend-in-genf","status":"publish","type":"post","link":"https:\/\/www.albinfo.ch\/de\/die-arberesh-aus-kalabrien-bringen-die-albanische-tradition-zu-einem-kulturabend-in-genf\/","title":{"rendered":"Die Arb\u00ebresh aus Kalabrien bringen die albanische Tradition zu einem Kulturabend in Genf"},"content":{"rendered":"<div class=\"flex flex-col text-sm pb-25\">\n<article class=\"text-token-text-primary w-full focus:outline-none [--shadow-height:45px] has-data-writing-block:pointer-events-none has-data-writing-block:-mt-(--shadow-height) has-data-writing-block:pt-(--shadow-height) [&amp;:has([data-writing-block])&gt;*]:pointer-events-auto scroll-mt-[calc(var(--header-height)+min(200px,max(70px,20svh)))]\" dir=\"auto\" tabindex=\"-1\" data-turn-id=\"request-69978cf9-751c-838b-9341-f3117ba36228-5\" data-testid=\"conversation-turn-822\" data-scroll-anchor=\"true\" data-turn=\"assistant\">\n<div class=\"text-base my-auto mx-auto pb-10 [--thread-content-margin:var(--thread-content-margin-xs,calc(var(--spacing)*4))] @w-sm\/main:[--thread-content-margin:var(--thread-content-margin-sm,calc(var(--spacing)*6))] @w-lg\/main:[--thread-content-margin:var(--thread-content-margin-lg,calc(var(--spacing)*16))] px-(--thread-content-margin)\">\n<div class=\"[--thread-content-max-width:40rem] @w-lg\/main:[--thread-content-max-width:48rem] mx-auto max-w-(--thread-content-max-width) flex-1 group\/turn-messages focus-visible:outline-hidden relative flex w-full min-w-0 flex-col agent-turn\" tabindex=\"-1\">\n<div class=\"flex max-w-full flex-col gap-4 grow\">\n<div class=\"min-h-8 text-message relative flex w-full flex-col items-end gap-2 text-start break-words whitespace-normal [.text-message+&amp;]:mt-1\" dir=\"auto\" data-message-author-role=\"assistant\" data-message-id=\"08b9997e-8388-4b03-8a1d-2f7971ca75f4\" data-message-model-slug=\"gpt-5-3\">\n<div class=\"flex w-full flex-col gap-1 empty:hidden\">\n<div class=\"markdown prose dark:prose-invert w-full wrap-break-word light markdown-new-styling\">\n<p data-start=\"2348\" data-end=\"2702\">Ein besonderer Abend, der der arb\u00ebreshischen Kultur gewidmet war, fand am 7. M\u00e4rz 2026 in <span class=\"hover:entity-accent entity-underline inline cursor-pointer align-baseline\"><span class=\"whitespace-normal\">Genf<\/span><\/span> im Saal der Universit\u00e4t der Kulturen statt, wo sich Albaner aus verschiedenen Regionen versammelten, um eine kulturelle Begegnung mit den Arb\u00ebresh aus <span class=\"hover:entity-accent entity-underline inline cursor-pointer align-baseline\"><span class=\"whitespace-normal\">Kalabrien<\/span><\/span> zu erleben, berichtet albinfo.ch.<\/p>\n<p data-start=\"2704\" data-end=\"3101\">Das Programm begann mit der albanischen Nationalhymne, vorgetragen von der Sopranistin <span class=\"hover:entity-accent entity-underline inline cursor-pointer align-baseline\"><span class=\"whitespace-normal\">Fjolla Hiseni<\/span><\/span>, und schuf einen feierlichen und emotionalen Moment f\u00fcr die Anwesenden. Die Veranstaltung wurde von der Institutsdirektorin <span class=\"hover:entity-accent entity-underline inline cursor-pointer align-baseline\"><span class=\"whitespace-normal\">Albana Krasniqi Malaj<\/span><\/span> moderiert, die betonte, dass dieser Abend eine Begegnung mit der albanischen Geschichte und Identit\u00e4t sei.<\/p>\n<p data-start=\"3103\" data-end=\"3628\">Im ersten Teil des Programms wurde \u00fcber die Bedeutung der Muttersprache und ihre Rolle bei der Bewahrung der Identit\u00e4t in der Diaspora diskutiert. Anwesend waren auch <span class=\"hover:entity-accent entity-underline inline cursor-pointer align-baseline\"><span class=\"whitespace-normal\">Ermal Dredha<\/span><\/span>, Botschafter von <span class=\"hover:entity-accent entity-underline inline cursor-pointer align-baseline\"><span class=\"whitespace-normal\">Albanien<\/span><\/span> in <span class=\"hover:entity-accent entity-underline inline cursor-pointer align-baseline\"><span class=\"whitespace-normal\">Bern<\/span><\/span>, sowie <span class=\"hover:entity-accent entity-underline inline cursor-pointer align-baseline\"><span class=\"whitespace-normal\">Fjolla Haziri<\/span><\/span>, Vizekonsulin des <span class=\"hover:entity-accent entity-underline inline cursor-pointer align-baseline\"><span class=\"whitespace-normal\">Kosovo<\/span><\/span> in Genf, die die Bedeutung der Bewahrung der albanischen Sprache und Kultur \u00fcber Generationen hinweg hervorhoben.<\/p>\n<p data-start=\"3630\" data-end=\"3875\">An der Diskussion beteiligten sich auch <span class=\"hover:entity-accent entity-underline inline cursor-pointer align-baseline\"><span class=\"whitespace-normal\">Leonard Ferati<\/span><\/span> und <span class=\"hover:entity-accent entity-underline inline cursor-pointer align-baseline\"><span class=\"whitespace-normal\">Ilir Kurti<\/span><\/span>, die \u00fcber die Bedeutung der Muttersprache f\u00fcr die Bildung und Integration der jungen Generation in der Diaspora sprachen.<\/p>\n<p data-start=\"3877\" data-end=\"4219\">Der zweite Teil des Abends war dem arb\u00ebreshischen Kulturprogramm gewidmet. Professor <span class=\"hover:entity-accent entity-underline inline cursor-pointer align-baseline\"><span class=\"whitespace-normal\">Michele Greco<\/span><\/span> stellte die Geschichte der Auswanderung der Arb\u00ebresh und die Bewahrung der albanischen Sprache \u00fcber Jahrhunderte vor und betonte, dass es in Kalabrien noch heute etwa 35 D\u00f6rfer gibt, in denen Arb\u00ebresh gesprochen wird.<\/p>\n<p data-start=\"4221\" data-end=\"4429\">Auf der B\u00fchne traten die Gruppen &#8220;Ocarina&#8221; aus Genf, &#8220;Gjaku i Arb\u00ebrit&#8221; aus Frasnita sowie &#8220;K\u00ebng\u00ebtar\u00ebt e Motit&#8221; aus Ungra und F\u00ebrma in Italien auf und brachten traditionelle arb\u00ebreshische Lieder und T\u00e4nze dar.<\/p>\n<p data-start=\"4431\" data-end=\"4655\" data-is-last-node=\"\" data-is-only-node=\"\">Der Abend endete mit albanischen Liedern, bei denen sich das Publikum spontan den K\u00fcnstlern anschloss und eine emotionale Atmosph\u00e4re entstand, die zeigte, dass Sprache und Kultur der Albaner auch fern der Heimat weiterleben.<\/p>\n<\/div>\n<\/div>\n<\/div>\n<\/div>\n<div class=\"z-0 flex min-h-[46px] justify-start\"><\/div>\n<div class=\"mt-3 w-full empty:hidden\">\n<div class=\"text-center\"><\/div>\n<\/div>\n<\/div>\n<\/div>\n<\/article>\n<\/div>\n<div class=\"pointer-events-none h-px w-px absolute bottom-0\" aria-hidden=\"true\" data-edge=\"true\"><\/div>\n","protected":false},"excerpt":{"rendered":"<p>Ein arb\u00ebreshischer Abend in Genf mit Liedern, Geschichte und albanischer Identit\u00e4t<\/p>\n","protected":false},"author":6,"featured_media":907482,"comment_status":"closed","ping_status":"closed","sticky":false,"template":"","format":"standard","meta":{"footnotes":""},"categories":[24636,24659,24006,1133,1138,1140],"tags":[],"vendi":[],"content_country":[],"class_list":["post-907654","post","type-post","status-publish","format-standard","has-post-thumbnail","hentry","category-nachrichten-de-4","category-musik","category-lajme-jeta-ne-zvicer-de","category-e-diaspora-de","category-kultur","category-leben-in-der-schweiz"],"acf":[],"_links":{"self":[{"href":"https:\/\/www.albinfo.ch\/de\/wp-json\/wp\/v2\/posts\/907654","targetHints":{"allow":["GET"]}}],"collection":[{"href":"https:\/\/www.albinfo.ch\/de\/wp-json\/wp\/v2\/posts"}],"about":[{"href":"https:\/\/www.albinfo.ch\/de\/wp-json\/wp\/v2\/types\/post"}],"author":[{"embeddable":true,"href":"https:\/\/www.albinfo.ch\/de\/wp-json\/wp\/v2\/users\/6"}],"replies":[{"embeddable":true,"href":"https:\/\/www.albinfo.ch\/de\/wp-json\/wp\/v2\/comments?post=907654"}],"version-history":[{"count":1,"href":"https:\/\/www.albinfo.ch\/de\/wp-json\/wp\/v2\/posts\/907654\/revisions"}],"predecessor-version":[{"id":907655,"href":"https:\/\/www.albinfo.ch\/de\/wp-json\/wp\/v2\/posts\/907654\/revisions\/907655"}],"wp:featuredmedia":[{"embeddable":true,"href":"https:\/\/www.albinfo.ch\/de\/wp-json\/wp\/v2\/media\/907482"}],"wp:attachment":[{"href":"https:\/\/www.albinfo.ch\/de\/wp-json\/wp\/v2\/media?parent=907654"}],"wp:term":[{"taxonomy":"category","embeddable":true,"href":"https:\/\/www.albinfo.ch\/de\/wp-json\/wp\/v2\/categories?post=907654"},{"taxonomy":"post_tag","embeddable":true,"href":"https:\/\/www.albinfo.ch\/de\/wp-json\/wp\/v2\/tags?post=907654"},{"taxonomy":"vendi","embeddable":true,"href":"https:\/\/www.albinfo.ch\/de\/wp-json\/wp\/v2\/vendi?post=907654"},{"taxonomy":"content_country","embeddable":true,"href":"https:\/\/www.albinfo.ch\/de\/wp-json\/wp\/v2\/content_country?post=907654"}],"curies":[{"name":"wp","href":"https:\/\/api.w.org\/{rel}","templated":true}]}}