{"id":907662,"date":"2026-03-12T11:17:10","date_gmt":"2026-03-12T10:17:10","guid":{"rendered":"https:\/\/www.albinfo.ch\/?p=907662"},"modified":"2026-03-12T17:07:34","modified_gmt":"2026-03-12T16:07:34","slug":"ganimet-shala-la-seule-albanaise-candidate-au-poste-de-deputee-en-slovenie","status":"publish","type":"post","link":"https:\/\/www.albinfo.ch\/de\/ganimet-shala-la-seule-albanaise-candidate-au-poste-de-deputee-en-slovenie\/","title":{"rendered":"Ganimet Shala, la seule Albanaise candidate au poste de d\u00e9put\u00e9e en Slov\u00e9nie"},"content":{"rendered":"<p data-start=\"388\" data-end=\"567\">Ganimet Shala, die einzige albanische Kandidatin bei den Wahlen am 22. M\u00e4rz 2026, hat ihre Kandidatur f\u00fcr das slowenische Nationalparlament bekannt gegeben, schreibt albinfo.ch.<\/p>\n<p data-start=\"569\" data-end=\"735\" data-is-last-node=\"\" data-is-only-node=\"\">&#8220;Ich bin die einzige albanische Kandidatin in Slowenien und kandidiere in einem der Wahlkreise von Ljubljana&#8221;, sagte Ganimet Shala gegen\u00fcber der Plattform Albinfo.ch.<\/p>\n<p>&nbsp;<\/p>\n<p><img loading=\"lazy\" decoding=\"async\" class=\"alignnone wp-image-907496\" src=\"https:\/\/www.albinfo.ch\/wp-content\/uploads\/2026\/03\/img_7848-586x1024.jpeg\" alt=\"\" width=\"500\" height=\"874\" srcset=\"https:\/\/www.albinfo.ch\/wp-content\/uploads\/2026\/03\/img_7848-586x1024.jpeg 586w, https:\/\/www.albinfo.ch\/wp-content\/uploads\/2026\/03\/img_7848-172x300.jpeg 172w, https:\/\/www.albinfo.ch\/wp-content\/uploads\/2026\/03\/img_7848-768x1342.jpeg 768w, https:\/\/www.albinfo.ch\/wp-content\/uploads\/2026\/03\/img_7848-879x1536.jpeg 879w, https:\/\/www.albinfo.ch\/wp-content\/uploads\/2026\/03\/img_7848-227x396.jpeg 227w, https:\/\/www.albinfo.ch\/wp-content\/uploads\/2026\/03\/img_7848-57x100.jpeg 57w, https:\/\/www.albinfo.ch\/wp-content\/uploads\/2026\/03\/img_7848-100x175.jpeg 100w, https:\/\/www.albinfo.ch\/wp-content\/uploads\/2026\/03\/img_7848.jpeg 1172w\" sizes=\"auto, (max-width: 500px) 100vw, 500px\" \/><\/p>\n<p>&nbsp;<\/p>\n<p class=\"p1\">In einer Botschaft an die B\u00fcrger betont sie, dass ihre Entscheidung, sich politisch zu engagieren, aus den Erfahrungen des Alltags und aus Gespr\u00e4chen mit Menschen entstanden ist, die mit verschiedenen sozialen und wirtschaftlichen Herausforderungen konfrontiert sind.<\/p>\n<p>&nbsp;<\/p>\n<p><img loading=\"lazy\" decoding=\"async\" class=\"alignnone wp-image-907499\" src=\"https:\/\/www.albinfo.ch\/wp-content\/uploads\/2026\/03\/img_7850-1024x1024.jpeg\" alt=\"\" width=\"500\" height=\"500\" srcset=\"https:\/\/www.albinfo.ch\/wp-content\/uploads\/2026\/03\/img_7850-1024x1024.jpeg 1024w, https:\/\/www.albinfo.ch\/wp-content\/uploads\/2026\/03\/img_7850-300x300.jpeg 300w, https:\/\/www.albinfo.ch\/wp-content\/uploads\/2026\/03\/img_7850-150x150.jpeg 150w, https:\/\/www.albinfo.ch\/wp-content\/uploads\/2026\/03\/img_7850-768x768.jpeg 768w, https:\/\/www.albinfo.ch\/wp-content\/uploads\/2026\/03\/img_7850-1536x1536.jpeg 1536w, https:\/\/www.albinfo.ch\/wp-content\/uploads\/2026\/03\/img_7850-396x396.jpeg 396w, https:\/\/www.albinfo.ch\/wp-content\/uploads\/2026\/03\/img_7850-280x280.jpeg 280w, https:\/\/www.albinfo.ch\/wp-content\/uploads\/2026\/03\/img_7850-100x100.jpeg 100w, https:\/\/www.albinfo.ch\/wp-content\/uploads\/2026\/03\/img_7850-175x175.jpeg 175w, https:\/\/www.albinfo.ch\/wp-content\/uploads\/2026\/03\/img_7850.jpeg 2048w\" sizes=\"auto, (max-width: 500px) 100vw, 500px\" \/><\/p>\n<p>&nbsp;<\/p>\n<p class=\"p1\">&#8220;Ich verspreche keine einfachen L\u00f6sungen. Ich verspreche Ehrlichkeit, Mut, Arbeit und eine Stimme, die im Parlament klar, entschlossen und im Interesse des Volkes sprechen wird. Ich bin eine von euch. Ich kenne das Leben au\u00dferhalb der politischen Kreise&#8221;, sagte sie.<\/p>\n<p>&nbsp;<\/p>\n<p><img loading=\"lazy\" decoding=\"async\" class=\"alignnone wp-image-907502\" src=\"https:\/\/www.albinfo.ch\/wp-content\/uploads\/2026\/03\/img_7849-702x1024.jpeg\" alt=\"\" width=\"500\" height=\"729\" srcset=\"https:\/\/www.albinfo.ch\/wp-content\/uploads\/2026\/03\/img_7849-702x1024.jpeg 702w, https:\/\/www.albinfo.ch\/wp-content\/uploads\/2026\/03\/img_7849-206x300.jpeg 206w, https:\/\/www.albinfo.ch\/wp-content\/uploads\/2026\/03\/img_7849-768x1120.jpeg 768w, https:\/\/www.albinfo.ch\/wp-content\/uploads\/2026\/03\/img_7849-1053x1536.jpeg 1053w, https:\/\/www.albinfo.ch\/wp-content\/uploads\/2026\/03\/img_7849-272x396.jpeg 272w, https:\/\/www.albinfo.ch\/wp-content\/uploads\/2026\/03\/img_7849-69x100.jpeg 69w, https:\/\/www.albinfo.ch\/wp-content\/uploads\/2026\/03\/img_7849-120x175.jpeg 120w, https:\/\/www.albinfo.ch\/wp-content\/uploads\/2026\/03\/img_7849.jpeg 1080w\" sizes=\"auto, (max-width: 500px) 100vw, 500px\" \/><\/p>\n<p>&nbsp;<\/p>\n<p data-start=\"830\" data-end=\"1092\">Shala betont, dass ihre Kandidatur nicht von der Politik als Selbstzweck motiviert ist, sondern vom Wunsch, die B\u00fcrger zu vertreten und die Anliegen anzusprechen, die mit der Zukunft der Jugend, der sozialen Sicherheit und dem Wohl der Familien verbunden sind.<\/p>\n<p data-start=\"1094\" data-end=\"1325\">&#8220;Ich gehe nicht mit sch\u00f6nen Worten in die Politik, sondern mit einem klaren Engagement: arbeiten, durchhalten und konkrete Ergebnisse erreichen&#8221;, betont sie und ruft die B\u00fcrger auf, sie auf diesem politischen Weg zu unterst\u00fctzen.<\/p>\n<p data-start=\"1327\" data-end=\"1566\">In ihrer \u00f6ffentlichen Botschaft fordert die Kandidatin aus Ljubljana weniger Versprechen und mehr konkrete Taten und unterstreicht, dass Ver\u00e4nderungen nur durch Zusammenarbeit und gemeinsames Engagement der B\u00fcrger erreicht werden k\u00f6nnen.<\/p>\n<p data-start=\"1568\" data-end=\"1680\" data-is-last-node=\"\" data-is-only-node=\"\">&#8220;F\u00fcr die Menschen. F\u00fcr die Zukunft. F\u00fcr uns alle!&#8221;, schlie\u00dft Ganimet Shala ihre Botschaft, berichtet Albinfo.ch.<\/p>\n<blockquote class=\"wp-embedded-content\" data-secret=\"GWyq6HDyaD\"><p><a href=\"https:\/\/www.albinfo.ch\/ganimet-shala-asambleistja-e-pare-shqiptare-ne-parlamentin-e-ljubljanes\/\">Ganimet Shala, asambleistja e par\u00eb shqiptare n\u00eb Parlamentin e Lubjan\u00ebs<\/a><\/p><\/blockquote>\n<p><iframe loading=\"lazy\" class=\"wp-embedded-content\" sandbox=\"allow-scripts\" security=\"restricted\" style=\"position: absolute; visibility: hidden;\" title=\"&#8220;Ganimet Shala, asambleistja e par\u00eb shqiptare n\u00eb Parlamentin e Lubjan\u00ebs&#8221; &#8212; Albinfo\" src=\"https:\/\/www.albinfo.ch\/ganimet-shala-asambleistja-e-pare-shqiptare-ne-parlamentin-e-ljubljanes\/embed\/#?secret=hc6AAa8pQC#?secret=GWyq6HDyaD\" data-secret=\"GWyq6HDyaD\" width=\"587\" height=\"331\" frameborder=\"0\" marginwidth=\"0\" marginheight=\"0\" scrolling=\"no\"><\/iframe><\/p>\n","protected":false},"excerpt":{"rendered":"<p>Die Albanerin aus Ljubljana strebt einen Sitz im slowenischen Parlament an und verspricht Ehrlichkeit, Mut und Einsatz f\u00fcr die B\u00fcrger<\/p>\n","protected":false},"author":6,"featured_media":907495,"comment_status":"closed","ping_status":"closed","sticky":false,"template":"","format":"standard","meta":{"footnotes":""},"categories":[24636,1134,1135,24631,1133],"tags":[],"vendi":[],"content_country":[],"class_list":["post-907662","post","type-post","status-publish","format-standard","has-post-thumbnail","hentry","category-nachrichten-de-4","category-integration","category-frauen","category-nachrichten-de-2","category-e-diaspora-de"],"acf":[],"_links":{"self":[{"href":"https:\/\/www.albinfo.ch\/de\/wp-json\/wp\/v2\/posts\/907662","targetHints":{"allow":["GET"]}}],"collection":[{"href":"https:\/\/www.albinfo.ch\/de\/wp-json\/wp\/v2\/posts"}],"about":[{"href":"https:\/\/www.albinfo.ch\/de\/wp-json\/wp\/v2\/types\/post"}],"author":[{"embeddable":true,"href":"https:\/\/www.albinfo.ch\/de\/wp-json\/wp\/v2\/users\/6"}],"replies":[{"embeddable":true,"href":"https:\/\/www.albinfo.ch\/de\/wp-json\/wp\/v2\/comments?post=907662"}],"version-history":[{"count":1,"href":"https:\/\/www.albinfo.ch\/de\/wp-json\/wp\/v2\/posts\/907662\/revisions"}],"predecessor-version":[{"id":907663,"href":"https:\/\/www.albinfo.ch\/de\/wp-json\/wp\/v2\/posts\/907662\/revisions\/907663"}],"wp:featuredmedia":[{"embeddable":true,"href":"https:\/\/www.albinfo.ch\/de\/wp-json\/wp\/v2\/media\/907495"}],"wp:attachment":[{"href":"https:\/\/www.albinfo.ch\/de\/wp-json\/wp\/v2\/media?parent=907662"}],"wp:term":[{"taxonomy":"category","embeddable":true,"href":"https:\/\/www.albinfo.ch\/de\/wp-json\/wp\/v2\/categories?post=907662"},{"taxonomy":"post_tag","embeddable":true,"href":"https:\/\/www.albinfo.ch\/de\/wp-json\/wp\/v2\/tags?post=907662"},{"taxonomy":"vendi","embeddable":true,"href":"https:\/\/www.albinfo.ch\/de\/wp-json\/wp\/v2\/vendi?post=907662"},{"taxonomy":"content_country","embeddable":true,"href":"https:\/\/www.albinfo.ch\/de\/wp-json\/wp\/v2\/content_country?post=907662"}],"curies":[{"name":"wp","href":"https:\/\/api.w.org\/{rel}","templated":true}]}}