{"id":907737,"date":"2026-03-12T15:11:39","date_gmt":"2026-03-12T14:11:39","guid":{"rendered":"https:\/\/www.albinfo.ch\/?p=907737"},"modified":"2026-03-12T23:23:12","modified_gmt":"2026-03-12T22:23:12","slug":"kosovo-albanien-und-grossbritannien-schliessen-sich-fuer-die-kreativwirtschaft-zusammen","status":"publish","type":"post","link":"https:\/\/www.albinfo.ch\/de\/kosovo-albanien-und-grossbritannien-schliessen-sich-fuer-die-kreativwirtschaft-zusammen\/","title":{"rendered":"Kosovo, Albanien und Gro\u00dfbritannien schlie\u00dfen sich f\u00fcr die Kreativwirtschaft zusammen"},"content":{"rendered":"<p data-start=\"2755\" data-end=\"3214\">Das Institut f\u00fcr Freie Marktwirtschaft (IETL) hat in Zusammenarbeit mit dem British Council in Pristina die Abschlussveranstaltung des regionalen Projekts &#8220;Bridging Creatives: Partnerschaft Kosovo &#8211; Albanien &#8211; Vereinigtes K\u00f6nigreich f\u00fcr kreatives Wachstum&#8221; organisiert und dabei die Bedeutung der internationalen Zusammenarbeit f\u00fcr die Entwicklung der Kreativwirtschaft und die St\u00e4rkung junger Menschen in diesem Bereich hervorgehoben, berichtet albinfo.ch.<\/p>\n<p data-start=\"3216\" data-end=\"3460\">Besa Zogaj Gashi vom Institut f\u00fcr Freie Marktwirtschaft sagte, dass der kreative Sektor weltweit einer der wichtigsten und dynamischsten Motoren f\u00fcr wirtschaftliches Wachstum, Innovation sowie gesellschaftliche und kulturelle Entwicklung sei.<\/p>\n<p data-start=\"3462\" data-end=\"3876\">&#8220;Die Initiative Bridging Creatives war sehr wichtig und wir sahen sie als eine Chance zur Teilnahme. Als Institut, das sich mit Politik besch\u00e4ftigt, haben wir in den letzten Jahren auch die Gemeinde Pristina bei der Entwicklung der Strategie f\u00fcr Kunst und Kultur unterst\u00fctzt. Ebenso haben wir teilweise die Regierung des Kosovo bei der Ausarbeitung der Strategie f\u00fcr die Kreativindustrie unterst\u00fctzt&#8221;, sagte sie.<\/p>\n<p data-start=\"3878\" data-end=\"4143\">Zogaj Gashi betonte, dass Studierende oft keine praktischen Kenntnisse \u00fcber professionelle Pr\u00e4sentation und die Entwicklung von unternehmerischen F\u00e4higkeiten erhalten. Sie erkl\u00e4rte, dass das Interesse am Programm bereits in der ersten Phase sehr gro\u00df gewesen sei.<\/p>\n<p data-start=\"4145\" data-end=\"4556\">&#8220;Studierende lernen oft nicht, wie sie sich besser pr\u00e4sentieren, wie sie einen Lebenslauf erstellen oder F\u00e4higkeiten wie F\u00fchrung, Projektmanagement und Gesch\u00e4ftsplanung entwickeln, Kenntnisse, die entscheidend sind, um erfolgreich zu sein und den kreativen Sektor zu st\u00e4rken. Von 123 Bewerbern waren 88 Frauen und 35 M\u00e4nner, was die wichtige Rolle der Gleichstellung in der Kreativindustrie zeigt&#8221;, sagte sie.<\/p>\n<p data-start=\"4558\" data-end=\"4764\">Der B\u00fcrgermeister von Pristina, P\u00ebrparim Rama, erkl\u00e4rte, dass das Projekt wichtige Verbindungen zwischen den kreativen Gemeinschaften des Kosovo, Albaniens und des Vereinigten K\u00f6nigreichs geschaffen habe.<\/p>\n<p data-start=\"4766\" data-end=\"4973\">&#8220;Pristina ist eine junge, energiegeladene und kreative Stadt. Als Gemeinde sind wir entschlossen, Kultur, internationale Zusammenarbeit und die Entwicklung der Kreativwirtschaft zu unterst\u00fctzen&#8221;, sagte er.<\/p>\n<p data-start=\"4975\" data-end=\"5252\">Die Direktorin des British Council f\u00fcr den Westbalkan, Clare Sears, betonte die kontinuierliche Unterst\u00fctzung f\u00fcr die Entwicklung der Kreativwirtschaft in der Region und erw\u00e4hnte Projekte, die von Gaming, Mode, Filmproduktion und Animation bis hin zu bildender Kunst reichen.<\/p>\n<p data-start=\"5254\" data-end=\"5521\" data-is-last-node=\"\" data-is-only-node=\"\">&#8220;Dieses Projekt ist \u00e4u\u00dferst praxisorientiert, mit Fokus auf reale F\u00e4higkeiten und weniger auf Theorie. Starke regionale Partnerschaften machen diese Initiative zu einem hervorragenden Beispiel f\u00fcr die Entwicklung des kreativen Sektors in der Region&#8221;, f\u00fcgte sie hinzu.<\/p>\n","protected":false},"excerpt":{"rendered":"<p>Das regionale Projekt f\u00fcr die Kreativwirtschaft verbindet Kosovo, Albanien und das Vereinigte K\u00f6nigreich<\/p>\n","protected":false},"author":6,"featured_media":907600,"comment_status":"closed","ping_status":"closed","sticky":false,"template":"","format":"standard","meta":{"footnotes":""},"categories":[10649,23263,23264,3952,23269,23262,1129],"tags":[],"vendi":[],"content_country":[],"class_list":["post-907737","post","type-post","status-publish","format-standard","has-post-thumbnail","hentry","category-albanien","category-kosova-de-2","category-albania","category-kosova-de","category-news","category-at-balkani-de","category-ch-balkan"],"acf":[],"_links":{"self":[{"href":"https:\/\/www.albinfo.ch\/de\/wp-json\/wp\/v2\/posts\/907737","targetHints":{"allow":["GET"]}}],"collection":[{"href":"https:\/\/www.albinfo.ch\/de\/wp-json\/wp\/v2\/posts"}],"about":[{"href":"https:\/\/www.albinfo.ch\/de\/wp-json\/wp\/v2\/types\/post"}],"author":[{"embeddable":true,"href":"https:\/\/www.albinfo.ch\/de\/wp-json\/wp\/v2\/users\/6"}],"replies":[{"embeddable":true,"href":"https:\/\/www.albinfo.ch\/de\/wp-json\/wp\/v2\/comments?post=907737"}],"version-history":[{"count":1,"href":"https:\/\/www.albinfo.ch\/de\/wp-json\/wp\/v2\/posts\/907737\/revisions"}],"predecessor-version":[{"id":907738,"href":"https:\/\/www.albinfo.ch\/de\/wp-json\/wp\/v2\/posts\/907737\/revisions\/907738"}],"wp:featuredmedia":[{"embeddable":true,"href":"https:\/\/www.albinfo.ch\/de\/wp-json\/wp\/v2\/media\/907600"}],"wp:attachment":[{"href":"https:\/\/www.albinfo.ch\/de\/wp-json\/wp\/v2\/media?parent=907737"}],"wp:term":[{"taxonomy":"category","embeddable":true,"href":"https:\/\/www.albinfo.ch\/de\/wp-json\/wp\/v2\/categories?post=907737"},{"taxonomy":"post_tag","embeddable":true,"href":"https:\/\/www.albinfo.ch\/de\/wp-json\/wp\/v2\/tags?post=907737"},{"taxonomy":"vendi","embeddable":true,"href":"https:\/\/www.albinfo.ch\/de\/wp-json\/wp\/v2\/vendi?post=907737"},{"taxonomy":"content_country","embeddable":true,"href":"https:\/\/www.albinfo.ch\/de\/wp-json\/wp\/v2\/content_country?post=907737"}],"curies":[{"name":"wp","href":"https:\/\/api.w.org\/{rel}","templated":true}]}}