{"id":907753,"date":"2026-03-12T18:43:32","date_gmt":"2026-03-12T17:43:32","guid":{"rendered":"https:\/\/www.albinfo.ch\/?p=907753"},"modified":"2026-03-13T00:46:24","modified_gmt":"2026-03-12T23:46:24","slug":"ardiana-sallauka-und-arber-jagoda-werden-erneut-in-den-gemeinderat-von-villeneuve-im-kanton-waadt-gewaehlt","status":"publish","type":"post","link":"https:\/\/www.albinfo.ch\/de\/ardiana-sallauka-und-arber-jagoda-werden-erneut-in-den-gemeinderat-von-villeneuve-im-kanton-waadt-gewaehlt\/","title":{"rendered":"Ardiana Sallauka und Arber Jagoda werden erneut in den Gemeinderat von Villeneuve im Kanton Waadt gew\u00e4hlt"},"content":{"rendered":"<p data-start=\"1195\" data-end=\"1422\">In der Gemeinde Villeneuve im Kanton Waadt in der Schweiz sind zwei Vertreter der albanischen Gemeinschaft zum zweiten Mal in den Gemeinderat gew\u00e4hlt worden und geh\u00f6ren zu den meistgew\u00e4hlten Kandidaten bei den Kommunalwahlen.<\/p>\n<p data-start=\"1424\" data-end=\"1665\">Arber Jagoda, Gemeinderat und zugleich Pr\u00e4sident der Sozialdemokratischen Partei in Villeneuve, wurde zum zweiten Mal in dieses Amt gew\u00e4hlt. Er steht zudem auf der Liste als Kandidat f\u00fcr das Amt des Gemeindepr\u00e4sidenten im kommenden Mandat.<\/p>\n<p data-start=\"1667\" data-end=\"1830\">Auch Ardiana Sallauka wurde zum zweiten Mal als Gemeinder\u00e4tin gew\u00e4hlt und war die meistgew\u00e4hlte Frau auf der Liste der Sozialdemokratischen Partei in Villeneuve.<\/p>\n<p data-start=\"1832\" data-end=\"2103\">Villeneuve ist eine Gemeinde im Kanton Waadt, gelegen am Genfersee und in der N\u00e4he der Stadt Montreux. Die Gemeinde hat etwa sechstausend Einwohner und ist bekannt f\u00fcr ihre touristische Lage, ihre lange Geschichte und ihre Verbindung zur Region der Waadtl\u00e4nder Riviera.<\/p>\n<p data-start=\"2105\" data-end=\"2298\" data-is-last-node=\"\" data-is-only-node=\"\">Die Wiederwahl der beiden albanischen Vertreter f\u00fcr eine zweite Amtszeit im Gemeinderat gilt als bedeutender Erfolg und als Zeichen des Vertrauens, das die B\u00fcrger dieser Gemeinde in sie setzen.<\/p>\n","protected":false},"excerpt":{"rendered":"<p>In der Gemeinde Villeneuve im Kanton Waadt in der Schweiz sind zwei Vertreter der albanischen Gemeinschaft zum zweiten Mal in den Gemeinderat gew\u00e4hlt worden und geh\u00f6ren zu den meistgew\u00e4hlten Kandidaten bei den Kommunalwahlen. Arber Jagoda, Gemeinderat und zugleich Pr\u00e4sident der Sozialdemokratischen Partei in Villeneuve, wurde zum zweiten Mal in dieses Amt gew\u00e4hlt. Er steht zudem [&hellip;]<\/p>\n","protected":false},"author":6,"featured_media":907615,"comment_status":"closed","ping_status":"closed","sticky":false,"template":"","format":"standard","meta":{"footnotes":""},"categories":[24636,1134,24006,1133,1140],"tags":[],"vendi":[],"content_country":[],"class_list":["post-907753","post","type-post","status-publish","format-standard","has-post-thumbnail","hentry","category-nachrichten-de-4","category-integration","category-lajme-jeta-ne-zvicer-de","category-e-diaspora-de","category-leben-in-der-schweiz"],"acf":[],"_links":{"self":[{"href":"https:\/\/www.albinfo.ch\/de\/wp-json\/wp\/v2\/posts\/907753","targetHints":{"allow":["GET"]}}],"collection":[{"href":"https:\/\/www.albinfo.ch\/de\/wp-json\/wp\/v2\/posts"}],"about":[{"href":"https:\/\/www.albinfo.ch\/de\/wp-json\/wp\/v2\/types\/post"}],"author":[{"embeddable":true,"href":"https:\/\/www.albinfo.ch\/de\/wp-json\/wp\/v2\/users\/6"}],"replies":[{"embeddable":true,"href":"https:\/\/www.albinfo.ch\/de\/wp-json\/wp\/v2\/comments?post=907753"}],"version-history":[{"count":1,"href":"https:\/\/www.albinfo.ch\/de\/wp-json\/wp\/v2\/posts\/907753\/revisions"}],"predecessor-version":[{"id":907754,"href":"https:\/\/www.albinfo.ch\/de\/wp-json\/wp\/v2\/posts\/907753\/revisions\/907754"}],"wp:featuredmedia":[{"embeddable":true,"href":"https:\/\/www.albinfo.ch\/de\/wp-json\/wp\/v2\/media\/907615"}],"wp:attachment":[{"href":"https:\/\/www.albinfo.ch\/de\/wp-json\/wp\/v2\/media?parent=907753"}],"wp:term":[{"taxonomy":"category","embeddable":true,"href":"https:\/\/www.albinfo.ch\/de\/wp-json\/wp\/v2\/categories?post=907753"},{"taxonomy":"post_tag","embeddable":true,"href":"https:\/\/www.albinfo.ch\/de\/wp-json\/wp\/v2\/tags?post=907753"},{"taxonomy":"vendi","embeddable":true,"href":"https:\/\/www.albinfo.ch\/de\/wp-json\/wp\/v2\/vendi?post=907753"},{"taxonomy":"content_country","embeddable":true,"href":"https:\/\/www.albinfo.ch\/de\/wp-json\/wp\/v2\/content_country?post=907753"}],"curies":[{"name":"wp","href":"https:\/\/api.w.org\/{rel}","templated":true}]}}