{"id":907761,"date":"2026-03-12T19:43:37","date_gmt":"2026-03-12T18:43:37","guid":{"rendered":"https:\/\/www.albinfo.ch\/?p=907761"},"modified":"2026-03-13T01:12:04","modified_gmt":"2026-03-13T00:12:04","slug":"lunee-verbindet-die-albanische-tradition-mit-moderner-technologie","status":"publish","type":"post","link":"https:\/\/www.albinfo.ch\/de\/lunee-verbindet-die-albanische-tradition-mit-moderner-technologie\/","title":{"rendered":"LUNEE verbindet die albanische Tradition mit moderner Technologie"},"content":{"rendered":"<p data-start=\"703\" data-end=\"1224\">Die Planung einer albanischen Hochzeit, wenn das Leben in der Diaspora stattfindet und die Feier im Heimatland organisiert wird, bleibt f\u00fcr viele Paare eine gro\u00dfe Herausforderung. Die Koordination zwischen verschiedenen L\u00e4ndern, die Organisation von Hunderten von G\u00e4sten und die Suche nach zuverl\u00e4ssigen Dienstleistungen werden oft zu einer Stressquelle. Genau aus diesem Bedarf entstand <a href=\"https:\/\/www.instagram.com\/lunee.ch\/\">LUNEE<\/a>, eine digitale Plattform, die in der Schweiz entwickelt wurde und speziell auf die albanische Gemeinschaft zugeschnitten ist.<\/p>\n<p data-start=\"1226\" data-end=\"1476\" data-is-last-node=\"\" data-is-only-node=\"\">Die Plattform wurde von zwei albanischen Gr\u00fcnderinnen aus der Schweiz entwickelt und soll Paare Schritt f\u00fcr Schritt bei der Hochzeitsplanung begleiten, wobei sowohl die kulturellen Traditionen als auch die Realit\u00e4t der Diaspora ber\u00fccksichtigt werden.<\/p>\n<p>&nbsp;<\/p>\n<figure id=\"attachment_907635\" aria-describedby=\"caption-attachment-907635\" style=\"width: 640px\" class=\"wp-caption alignnone\"><a href=\"https:\/\/www.albinfo.ch\/wp-content\/uploads\/2026\/03\/tamane-spahiu-dhe-flutra-ademi-2.jpg\"><img loading=\"lazy\" decoding=\"async\" class=\"wp-image-907635 size-large\" src=\"https:\/\/www.albinfo.ch\/wp-content\/uploads\/2026\/03\/tamane-spahiu-dhe-flutra-ademi-2-1024x576.jpg\" alt=\"\" width=\"640\" height=\"360\" srcset=\"https:\/\/www.albinfo.ch\/wp-content\/uploads\/2026\/03\/tamane-spahiu-dhe-flutra-ademi-2-1024x576.jpg 1024w, https:\/\/www.albinfo.ch\/wp-content\/uploads\/2026\/03\/tamane-spahiu-dhe-flutra-ademi-2-300x169.jpg 300w, https:\/\/www.albinfo.ch\/wp-content\/uploads\/2026\/03\/tamane-spahiu-dhe-flutra-ademi-2-768x432.jpg 768w, https:\/\/www.albinfo.ch\/wp-content\/uploads\/2026\/03\/tamane-spahiu-dhe-flutra-ademi-2-182x101.jpg 182w, https:\/\/www.albinfo.ch\/wp-content\/uploads\/2026\/03\/tamane-spahiu-dhe-flutra-ademi-2-790x443.jpg 790w, https:\/\/www.albinfo.ch\/wp-content\/uploads\/2026\/03\/tamane-spahiu-dhe-flutra-ademi-2-587x330.jpg 587w, https:\/\/www.albinfo.ch\/wp-content\/uploads\/2026\/03\/tamane-spahiu-dhe-flutra-ademi-2-178x100.jpg 178w, https:\/\/www.albinfo.ch\/wp-content\/uploads\/2026\/03\/tamane-spahiu-dhe-flutra-ademi-2-265x149.jpg 265w, https:\/\/www.albinfo.ch\/wp-content\/uploads\/2026\/03\/tamane-spahiu-dhe-flutra-ademi-2.jpg 1280w\" sizes=\"auto, (max-width: 640px) 100vw, 640px\" \/><\/a><figcaption id=\"caption-attachment-907635\" class=\"wp-caption-text\">Tamane Spahiu und Flutra Ademi<\/figcaption><\/figure>\n<p data-start=\"3273\" data-end=\"3307\"><strong>Wie entstand die Idee f\u00fcr LUNEE?<\/strong><\/p>\n<p data-start=\"3309\" data-end=\"3622\"><strong>Flutra Ademi:<\/strong> &#8220;Die Idee entstand w\u00e4hrend der Planung meiner eigenen Hochzeit. Es gab viele einzelne Werkzeuge, aber keine Plattform, die alles zusammenbringt und speziell f\u00fcr uns Albaner angepasst ist. Au\u00dferdem sind viele Plattformen nur in Fremdsprachen verf\u00fcgbar, was die Einbindung der Familien erschwert.&#8221;<\/p>\n<p data-start=\"3624\" data-end=\"3928\"><strong>Tamane Spahiu: <\/strong>&#8220;Die G\u00e4stelisten sind eine der gr\u00f6\u00dften Herausforderungen. Bei albanischen Hochzeiten werden oft Hunderte von Personen eingeladen, aber die Verwaltung erfolgt noch immer mit Notizen oder komplizierten Tabellen. Auch Dienstleistungen findet man meist nur durch pers\u00f6nliche Empfehlungen.&#8221;<\/p>\n<p data-start=\"3930\" data-end=\"4008\"><strong>Warum ist die Planung albanischer Hochzeiten in der Diaspora so kompliziert?<\/strong><\/p>\n<p data-start=\"4010\" data-end=\"4266\">&#8220;Alles passiert zwischen zwei L\u00e4ndern. Die Paare arbeiten in der Diaspora und m\u00fcssen oft in die Heimat reisen, meist nur f\u00fcr kurze Treffen, ohne einen klaren \u00dcberblick \u00fcber die Priorit\u00e4ten zu haben. Das f\u00fchrt zu Missverst\u00e4ndnissen, M\u00fcdigkeit und Stress.&#8221;<\/p>\n<p data-start=\"4268\" data-end=\"4295\"><strong>Was bietet LUNEE konkret?<\/strong><\/p>\n<p data-start=\"4297\" data-end=\"4559\">&#8220;<strong>LUNEE<\/strong> vereint alles auf einer einzigen Plattform: die pers\u00f6nliche Hochzeitsseite, die G\u00e4steliste, die Verwaltung der Zusagen und die Suche nach Dienstleistern. Zum ersten Mal haben Paare eine vollst\u00e4ndige digitale \u00dcbersicht \u00fcber den gesamten Planungsprozess.&#8221;<\/p>\n<p data-start=\"4561\" data-end=\"4626\"><strong>Wie wird die Verbindung zwischen Diaspora und Heimat aufgebaut?<\/strong><\/p>\n<p data-start=\"4628\" data-end=\"4892\">&#8220;Wir arbeiten mit lokalen Partnern in Albanien, im Kosovo und in Nordmazedonien zusammen. In Albanien erfolgt die Zusammenarbeit mit lokalen Anbietern in Partnerschaft mit Gladiola Dona, w\u00e4hrend wir im Kosovo und in Nordmazedonien direkte Ansprechpartner haben.&#8221;<\/p>\n<p data-start=\"4894\" data-end=\"4993\"><strong>LUNEE erweitert sein Netzwerk mit Vali Ranch, dem bevorzugten Hochzeitsort der Diaspora im Kosovo<\/strong><\/p>\n<p data-start=\"4995\" data-end=\"5415\">In dieses Konzept passt auch die neue Zusammenarbeit zwischen <a href=\"https:\/\/www.instagram.com\/lunee.ch\/\">LUNEE<\/a> und Vali Ranch, ein Name, der seit Jahren als Synonym f\u00fcr die ideale Hochzeit gilt. Rund 70 Prozent der Paare, die dieses Resort f\u00fcr ihre Hochzeit w\u00e4hlen, kommen aus der Schweiz. Dieser Anteil zeigt deutlich den hohen Servicestandard und die Qualit\u00e4t der K\u00fcche, vergleichbar mit den modernsten Lokalen in der Schweiz und anderen europ\u00e4ischen L\u00e4ndern.<\/p>\n<p data-start=\"5417\" data-end=\"5467\"><strong>Was unterscheidet LUNEE von anderen Plattformen?<\/strong><\/p>\n<p data-start=\"5469\" data-end=\"5750\">&#8220;Internationale Plattformen sind allgemein gehalten und ber\u00fccksichtigen die albanischen kulturellen Besonderheiten nicht. LUNEE wurde speziell f\u00fcr die albanische Gemeinschaft entwickelt und spiegelt unsere Traditionen, die Familienstruktur und unsere Art der Organisation wider.&#8221;<\/p>\n<p data-start=\"5752\" data-end=\"5791\"><strong>Schweizer Standard und globale Vision<\/strong><\/p>\n<p data-start=\"5793\" data-end=\"5989\">LUNEE hat den Bewerbungsprozess bei Innosuisse, der Schweizer Innovationsagentur, erfolgreich durchlaufen. Diese Zusammenarbeit garantiert professionelle Entwicklung und hohe Qualit\u00e4tsstandards.<\/p>\n<p data-start=\"5991\" data-end=\"6116\">Die Vision der Gr\u00fcnderinnen ist klar: LUNEE soll zur zentralen Referenzplattform f\u00fcr albanische Hochzeiten weltweit werden.<\/p>\n<p data-start=\"6118\" data-end=\"6141\"><strong>Mehr als Organisation<\/strong><\/p>\n<p data-start=\"6143\" data-end=\"6357\">F\u00fcr LUNEE ist die Hochzeitsplanung nicht nur ein technischer Prozess.<br data-start=\"6212\" data-end=\"6215\" \/>&#8220;Wir m\u00f6chten, dass jede Hochzeit ein magischer Moment ist, ohne Stress, klar organisiert und voller Freude f\u00fcr die Paare und ihre Familien.&#8221;<\/p>\n<p data-start=\"6359\" data-end=\"6378\" data-is-last-node=\"\" data-is-only-node=\"\">Mehr Informationen:<a href=\"https:\/\/lunee.ch\/?locale=sq\">lunee.ch<\/a><\/p>\n","protected":false},"excerpt":{"rendered":"<p>Eine Hochzeit zwischen zwei Welten: wie LUNEE, eine Idee aus der Schweiz, die Planung f\u00fcr albanische Paare in der Diaspora erleichtert<\/p>\n","protected":false},"author":6,"featured_media":907641,"comment_status":"closed","ping_status":"closed","sticky":false,"template":"","format":"standard","meta":{"footnotes":""},"categories":[24636,1134,3981,1133],"tags":[],"vendi":[],"content_country":[],"class_list":["post-907761","post","type-post","status-publish","format-standard","has-post-thumbnail","hentry","category-nachrichten-de-4","category-integration","category-unternehmen-cat","category-e-diaspora-de"],"acf":[],"_links":{"self":[{"href":"https:\/\/www.albinfo.ch\/de\/wp-json\/wp\/v2\/posts\/907761","targetHints":{"allow":["GET"]}}],"collection":[{"href":"https:\/\/www.albinfo.ch\/de\/wp-json\/wp\/v2\/posts"}],"about":[{"href":"https:\/\/www.albinfo.ch\/de\/wp-json\/wp\/v2\/types\/post"}],"author":[{"embeddable":true,"href":"https:\/\/www.albinfo.ch\/de\/wp-json\/wp\/v2\/users\/6"}],"replies":[{"embeddable":true,"href":"https:\/\/www.albinfo.ch\/de\/wp-json\/wp\/v2\/comments?post=907761"}],"version-history":[{"count":1,"href":"https:\/\/www.albinfo.ch\/de\/wp-json\/wp\/v2\/posts\/907761\/revisions"}],"predecessor-version":[{"id":907762,"href":"https:\/\/www.albinfo.ch\/de\/wp-json\/wp\/v2\/posts\/907761\/revisions\/907762"}],"wp:featuredmedia":[{"embeddable":true,"href":"https:\/\/www.albinfo.ch\/de\/wp-json\/wp\/v2\/media\/907641"}],"wp:attachment":[{"href":"https:\/\/www.albinfo.ch\/de\/wp-json\/wp\/v2\/media?parent=907761"}],"wp:term":[{"taxonomy":"category","embeddable":true,"href":"https:\/\/www.albinfo.ch\/de\/wp-json\/wp\/v2\/categories?post=907761"},{"taxonomy":"post_tag","embeddable":true,"href":"https:\/\/www.albinfo.ch\/de\/wp-json\/wp\/v2\/tags?post=907761"},{"taxonomy":"vendi","embeddable":true,"href":"https:\/\/www.albinfo.ch\/de\/wp-json\/wp\/v2\/vendi?post=907761"},{"taxonomy":"content_country","embeddable":true,"href":"https:\/\/www.albinfo.ch\/de\/wp-json\/wp\/v2\/content_country?post=907761"}],"curies":[{"name":"wp","href":"https:\/\/api.w.org\/{rel}","templated":true}]}}