{"id":907893,"date":"2026-03-13T09:30:33","date_gmt":"2026-03-13T08:30:33","guid":{"rendered":"https:\/\/www.albinfo.ch\/?p=907893"},"modified":"2026-03-13T19:39:47","modified_gmt":"2026-03-13T18:39:47","slug":"haxhiu-empfing-den-schweizer-botschafter-sprecher-die-staerkung-der-zusammenarbeit-kosovo-schweiz-wird-betont","status":"publish","type":"post","link":"https:\/\/www.albinfo.ch\/de\/haxhiu-empfing-den-schweizer-botschafter-sprecher-die-staerkung-der-zusammenarbeit-kosovo-schweiz-wird-betont\/","title":{"rendered":"Haxhiu empfing den Schweizer Botschafter Sprecher, die St\u00e4rkung der Zusammenarbeit Kosovo Schweiz wird betont"},"content":{"rendered":"<p data-start=\"566\" data-end=\"858\">Die Pr\u00e4sidentin des Parlaments der Republik Kosovo, Albulena Haxhiu, hat heute den Schweizer Botschafter im Kosovo, J\u00fcrg Sprecher, zu einem Treffen empfangen, bei dem \u00fcber die Beziehungen zwischen den beiden L\u00e4ndern und \u00fcber M\u00f6glichkeiten zur Vertiefung der Zusammenarbeit gesprochen wurde.<\/p>\n<p data-start=\"860\" data-end=\"1157\" data-is-last-node=\"\" data-is-only-node=\"\">W\u00e4hrend des Treffens betonte Haxhiu, dass die Beziehungen zwischen dem Kosovo und der Schweiz weiterhin stabil und freundschaftlich bleiben, und hob die Bedeutung der weiteren Zusammenarbeit in Bereichen hervor, die die demokratische und institutionelle Entwicklung des Landes direkt beeinflussen.<\/p>\n<p><a href=\"https:\/\/www.albinfo.ch\/wp-content\/uploads\/2026\/03\/screenshot_20260312_202016_gmail.jpg\"><img loading=\"lazy\" decoding=\"async\" class=\"alignnone size-large wp-image-907702\" src=\"https:\/\/www.albinfo.ch\/wp-content\/uploads\/2026\/03\/screenshot_20260312_202016_gmail-1024x646.jpg\" alt=\"\" width=\"640\" height=\"404\" srcset=\"https:\/\/www.albinfo.ch\/wp-content\/uploads\/2026\/03\/screenshot_20260312_202016_gmail-1024x646.jpg 1024w, https:\/\/www.albinfo.ch\/wp-content\/uploads\/2026\/03\/screenshot_20260312_202016_gmail-300x189.jpg 300w, https:\/\/www.albinfo.ch\/wp-content\/uploads\/2026\/03\/screenshot_20260312_202016_gmail-768x485.jpg 768w, https:\/\/www.albinfo.ch\/wp-content\/uploads\/2026\/03\/screenshot_20260312_202016_gmail-87x56.jpg 87w, https:\/\/www.albinfo.ch\/wp-content\/uploads\/2026\/03\/screenshot_20260312_202016_gmail-587x370.jpg 587w, https:\/\/www.albinfo.ch\/wp-content\/uploads\/2026\/03\/screenshot_20260312_202016_gmail-420x266.jpg 420w, https:\/\/www.albinfo.ch\/wp-content\/uploads\/2026\/03\/screenshot_20260312_202016_gmail-158x100.jpg 158w, https:\/\/www.albinfo.ch\/wp-content\/uploads\/2026\/03\/screenshot_20260312_202016_gmail-265x167.jpg 265w, https:\/\/www.albinfo.ch\/wp-content\/uploads\/2026\/03\/screenshot_20260312_202016_gmail.jpg 1079w\" sizes=\"auto, (max-width: 640px) 100vw, 640px\" \/><\/a><\/p>\n<p data-start=\"468\" data-end=\"731\">Sie w\u00fcrdigte die kontinuierliche Unterst\u00fctzung, die die Schweiz dem Kosovo \u00fcber die Jahre hinweg geleistet hat, und bezeichnete sie als wichtigen Partner bei der St\u00e4rkung der Institutionen und der Weiterentwicklung demokratischer Prozesse, berichtet albinfo.ch.<\/p>\n<p data-start=\"733\" data-end=\"950\" data-is-last-node=\"\" data-is-only-node=\"\">Am Ende des Treffens \u00e4u\u00dferte Pr\u00e4sidentin Haxhiu ihre Bereitschaft, die Zusammenarbeit zwischen dem Kosovo und der Schweiz weiter zu vertiefen, im Interesse der Entwicklung und der St\u00e4rkung der bilateralen Beziehungen.<\/p>\n","protected":false},"excerpt":{"rendered":"<p>Die Pr\u00e4sidentin des Parlaments der Republik Kosovo, Albulena Haxhiu, hat heute den Schweizer Botschafter im Kosovo, J\u00fcrg Sprecher, zu einem Treffen empfangen, bei dem \u00fcber die Beziehungen zwischen den beiden L\u00e4ndern und \u00fcber M\u00f6glichkeiten zur Vertiefung der Zusammenarbeit gesprochen wurde. W\u00e4hrend des Treffens betonte Haxhiu, dass die Beziehungen zwischen dem Kosovo und der Schweiz weiterhin [&hellip;]<\/p>\n","protected":false},"author":6,"featured_media":907701,"comment_status":"closed","ping_status":"closed","sticky":false,"template":"","format":"standard","meta":{"footnotes":""},"categories":[33056,23263,1130,3952,23269,23262,24621,24635,1129],"tags":[],"vendi":[],"content_country":[],"class_list":["post-907893","post","type-post","status-publish","format-standard","has-post-thumbnail","hentry","category-de-balkani-de","category-kosova-de-2","category-aktuell","category-kosova-de","category-news","category-at-balkani-de","category-kosova-de-3","category-nachrichten-de-3","category-ch-balkan"],"acf":[],"_links":{"self":[{"href":"https:\/\/www.albinfo.ch\/de\/wp-json\/wp\/v2\/posts\/907893","targetHints":{"allow":["GET"]}}],"collection":[{"href":"https:\/\/www.albinfo.ch\/de\/wp-json\/wp\/v2\/posts"}],"about":[{"href":"https:\/\/www.albinfo.ch\/de\/wp-json\/wp\/v2\/types\/post"}],"author":[{"embeddable":true,"href":"https:\/\/www.albinfo.ch\/de\/wp-json\/wp\/v2\/users\/6"}],"replies":[{"embeddable":true,"href":"https:\/\/www.albinfo.ch\/de\/wp-json\/wp\/v2\/comments?post=907893"}],"version-history":[{"count":1,"href":"https:\/\/www.albinfo.ch\/de\/wp-json\/wp\/v2\/posts\/907893\/revisions"}],"predecessor-version":[{"id":907894,"href":"https:\/\/www.albinfo.ch\/de\/wp-json\/wp\/v2\/posts\/907893\/revisions\/907894"}],"wp:featuredmedia":[{"embeddable":true,"href":"https:\/\/www.albinfo.ch\/de\/wp-json\/wp\/v2\/media\/907701"}],"wp:attachment":[{"href":"https:\/\/www.albinfo.ch\/de\/wp-json\/wp\/v2\/media?parent=907893"}],"wp:term":[{"taxonomy":"category","embeddable":true,"href":"https:\/\/www.albinfo.ch\/de\/wp-json\/wp\/v2\/categories?post=907893"},{"taxonomy":"post_tag","embeddable":true,"href":"https:\/\/www.albinfo.ch\/de\/wp-json\/wp\/v2\/tags?post=907893"},{"taxonomy":"vendi","embeddable":true,"href":"https:\/\/www.albinfo.ch\/de\/wp-json\/wp\/v2\/vendi?post=907893"},{"taxonomy":"content_country","embeddable":true,"href":"https:\/\/www.albinfo.ch\/de\/wp-json\/wp\/v2\/content_country?post=907893"}],"curies":[{"name":"wp","href":"https:\/\/api.w.org\/{rel}","templated":true}]}}