{"id":907910,"date":"2026-03-13T11:51:09","date_gmt":"2026-03-13T10:51:09","guid":{"rendered":"https:\/\/www.albinfo.ch\/?p=907910"},"modified":"2026-03-13T20:26:29","modified_gmt":"2026-03-13T19:26:29","slug":"sopranistin-marigona-qerkezi-glaenzt-bei-der-aids-gala-in-der-oper-am-rhein-in-duesseldorf","status":"publish","type":"post","link":"https:\/\/www.albinfo.ch\/de\/sopranistin-marigona-qerkezi-glaenzt-bei-der-aids-gala-in-der-oper-am-rhein-in-duesseldorf\/","title":{"rendered":"Sopranistin Marigona Qerkezi gl\u00e4nzt bei der &#8220;AIDS Gala&#8221; in der Oper am Rhein in D\u00fcsseldorf"},"content":{"rendered":"<p data-start=\"1020\" data-end=\"1225\">Die albanische Sopranistin Marigona Qerkezi war Teil der 16. Ausgabe des Benefizkonzerts &#8220;AIDS Gala&#8221;, das im bekannten Opernhaus Oper am Rhein in D\u00fcsseldorf in Deutschland stattfand, schreibt albinfo.ch.<\/p>\n<p data-start=\"1227\" data-end=\"1430\">An diesem besonderen k\u00fcnstlerischen und humanit\u00e4ren Abend trat die Sopranistin elegant auf der B\u00fchne und auf dem roten Teppich auf und zog auch mit ihrem Erscheinungsbild gro\u00dfe Aufmerksamkeit auf sich.<\/p>\n<p data-start=\"1432\" data-end=\"1684\">F\u00fcr diese Veranstaltung hatte Marigona Qerkezi ein Kleid des bekannten Modehauses Talbot Runhof gew\u00e4hlt. Es handelte sich um das Modell &#8220;Tottori&#8221;, ein elegantes Kleid mit tiefem V Ausschnitt, weitem schwingendem Rock und hoch ausgeschnittenem R\u00fccken.<\/p>\n<p data-start=\"1686\" data-end=\"1847\">Das Kleid wurde aus Jacquard Monark Stoff in einem tiefen k\u00f6nigsblauen Farbton gefertigt und verlieh der Sopranistin einen klassischen und sehr eleganten Stil.<\/p>\n<p data-start=\"1849\" data-end=\"2099\" data-is-last-node=\"\" data-is-only-node=\"\">Die &#8220;AIDS Gala&#8221; gilt als eines der bekanntesten Benefizkonzerte in Europa, bei dem sich Opern und Klassikk\u00fcnstler aus verschiedenen L\u00e4ndern versammeln, um humanit\u00e4re Anliegen zu unterst\u00fctzen und das Bewusstsein im Kampf gegen HIV und AIDS zu st\u00e4rken.\/Albinfo.ch<\/p>\n","protected":false},"excerpt":{"rendered":"<p>Die albanische K\u00fcnstlerin nahm an der 16. Ausgabe des Benefizkonzerts teil und trat in einem eleganten Kleid der Marke Talbot Runhof auf.<\/p>\n","protected":false},"author":6,"featured_media":907789,"comment_status":"closed","ping_status":"closed","sticky":false,"template":"","format":"standard","meta":{"footnotes":""},"categories":[24636,22804,23121,1133,1138],"tags":[],"vendi":[],"content_country":[],"class_list":["post-907910","post","type-post","status-publish","format-standard","has-post-thumbnail","hentry","category-nachrichten-de-4","category-leben-in-deutschland","category-nachrichten-de","category-e-diaspora-de","category-kultur"],"acf":[],"_links":{"self":[{"href":"https:\/\/www.albinfo.ch\/de\/wp-json\/wp\/v2\/posts\/907910","targetHints":{"allow":["GET"]}}],"collection":[{"href":"https:\/\/www.albinfo.ch\/de\/wp-json\/wp\/v2\/posts"}],"about":[{"href":"https:\/\/www.albinfo.ch\/de\/wp-json\/wp\/v2\/types\/post"}],"author":[{"embeddable":true,"href":"https:\/\/www.albinfo.ch\/de\/wp-json\/wp\/v2\/users\/6"}],"replies":[{"embeddable":true,"href":"https:\/\/www.albinfo.ch\/de\/wp-json\/wp\/v2\/comments?post=907910"}],"version-history":[{"count":1,"href":"https:\/\/www.albinfo.ch\/de\/wp-json\/wp\/v2\/posts\/907910\/revisions"}],"predecessor-version":[{"id":907911,"href":"https:\/\/www.albinfo.ch\/de\/wp-json\/wp\/v2\/posts\/907910\/revisions\/907911"}],"wp:featuredmedia":[{"embeddable":true,"href":"https:\/\/www.albinfo.ch\/de\/wp-json\/wp\/v2\/media\/907789"}],"wp:attachment":[{"href":"https:\/\/www.albinfo.ch\/de\/wp-json\/wp\/v2\/media?parent=907910"}],"wp:term":[{"taxonomy":"category","embeddable":true,"href":"https:\/\/www.albinfo.ch\/de\/wp-json\/wp\/v2\/categories?post=907910"},{"taxonomy":"post_tag","embeddable":true,"href":"https:\/\/www.albinfo.ch\/de\/wp-json\/wp\/v2\/tags?post=907910"},{"taxonomy":"vendi","embeddable":true,"href":"https:\/\/www.albinfo.ch\/de\/wp-json\/wp\/v2\/vendi?post=907910"},{"taxonomy":"content_country","embeddable":true,"href":"https:\/\/www.albinfo.ch\/de\/wp-json\/wp\/v2\/content_country?post=907910"}],"curies":[{"name":"wp","href":"https:\/\/api.w.org\/{rel}","templated":true}]}}