{"id":907929,"date":"2026-03-13T12:46:00","date_gmt":"2026-03-13T11:46:00","guid":{"rendered":"https:\/\/www.albinfo.ch\/?p=907929"},"modified":"2026-03-13T21:44:53","modified_gmt":"2026-03-13T20:44:53","slug":"die-diaspora-in-paris-eroeffnet-eine-klasse-fuer-den-unterricht-der-albanischen-sprache","status":"publish","type":"post","link":"https:\/\/www.albinfo.ch\/de\/die-diaspora-in-paris-eroeffnet-eine-klasse-fuer-den-unterricht-der-albanischen-sprache\/","title":{"rendered":"Die Diaspora in Paris er\u00f6ffnet eine Klasse f\u00fcr den Unterricht der albanischen Sprache"},"content":{"rendered":"<div class=\"flex flex-col text-sm pb-25\">\n<article class=\"text-token-text-primary w-full focus:outline-none [--shadow-height:45px] has-data-writing-block:pointer-events-none has-data-writing-block:-mt-(--shadow-height) has-data-writing-block:pt-(--shadow-height) [&amp;:has([data-writing-block])&gt;*]:pointer-events-auto scroll-mt-[calc(var(--header-height)+min(200px,max(70px,20svh)))]\" dir=\"auto\" tabindex=\"-1\" data-turn-id=\"request-69978cf9-751c-838b-9341-f3117ba36228-46\" data-testid=\"conversation-turn-904\" data-scroll-anchor=\"true\" data-turn=\"assistant\">\n<div class=\"text-base my-auto mx-auto pb-10 [--thread-content-margin:var(--thread-content-margin-xs,calc(var(--spacing)*4))] @w-sm\/main:[--thread-content-margin:var(--thread-content-margin-sm,calc(var(--spacing)*6))] @w-lg\/main:[--thread-content-margin:var(--thread-content-margin-lg,calc(var(--spacing)*16))] px-(--thread-content-margin)\">\n<div class=\"[--thread-content-max-width:40rem] @w-lg\/main:[--thread-content-max-width:48rem] mx-auto max-w-(--thread-content-max-width) flex-1 group\/turn-messages focus-visible:outline-hidden relative flex w-full min-w-0 flex-col agent-turn\" tabindex=\"-1\">\n<div class=\"flex max-w-full flex-col gap-4 grow\">\n<div class=\"min-h-8 text-message relative flex w-full flex-col items-end gap-2 text-start break-words whitespace-normal [.text-message+&amp;]:mt-1\" dir=\"auto\" data-message-author-role=\"assistant\" data-message-id=\"6e1154e6-8c14-46a3-bd77-a52aee945e73\" data-message-model-slug=\"gpt-5-3\">\n<div class=\"flex w-full flex-col gap-1 empty:hidden\">\n<div class=\"markdown prose dark:prose-invert w-full wrap-break-word light markdown-new-styling\">\n<p data-start=\"1513\" data-end=\"1787\">Im Rahmen des Lehrertages wurde im albanischen Kulturzentrum &#8220;28-11&#8221; in Paris die Veranstaltung &#8220;Tag der offenen T\u00fcr&#8221; organisiert, bei der auch die Initiative zum Beginn des Unterrichts in albanischer Sprache in diesem Kulturzentrum vorgestellt wurde, schreibt albinfo.ch.<\/p>\n<p data-start=\"1789\" data-end=\"2131\">An der Veranstaltung nahmen albanische Eltern und Kinder teil, die in der franz\u00f6sischen Hauptstadt und in den umliegenden Regionen leben. Sie hatten die M\u00f6glichkeit, sich n\u00e4her \u00fcber diese Initiative zu informieren, die darauf abzielt, die albanische Sprache und Kultur bei den jungen Generationen der Diaspora zu bewahren und weiterzugeben.<\/p>\n<p data-start=\"2133\" data-end=\"2491\">Die Atmosph\u00e4re w\u00e4hrend des Treffens war herzlich und voller Begeisterung. Eltern und Organisatoren tauschten Ideen aus und diskutierten \u00fcber die Bedeutung des Unterrichts in der Muttersprache. Dabei wurde betont, dass deren Erhalt ein wichtiger Bestandteil zur St\u00e4rkung der kulturellen Identit\u00e4t albanischer Kinder ist, die au\u00dferhalb der Heimat aufwachsen.<\/p>\n<p data-start=\"2493\" data-end=\"2814\">Nach Angaben der Organisatoren wird ab n\u00e4chster Woche im albanischen Kulturzentrum &#8220;28-11&#8221; ein spezielles Programm f\u00fcr den Unterricht der albanischen Sprache f\u00fcr Kinder und Jugendliche in Paris beginnen. Bisher haben sich etwa 30 Kinder und Jugendliche angemeldet, und das Interesse wird voraussichtlich weiter wachsen.<\/p>\n<p data-start=\"2816\" data-end=\"3047\" data-is-last-node=\"\" data-is-only-node=\"\">Das Zentrum teilte mit, dass die T\u00fcren f\u00fcr jedes albanische Kind und jeden Jugendlichen offen bleiben, der die albanische Sprache lernen und die Verbindung zu seinen Wurzeln und Traditionen durch Sprache und Kultur bewahren m\u00f6chte.\/Albinfo.ch<\/p>\n<\/div>\n<\/div>\n<\/div>\n<\/div>\n<\/div>\n<\/div>\n<\/article>\n<\/div>\n","protected":false},"excerpt":{"rendered":"<p>In Paris wird eine Klasse f\u00fcr den Unterricht der albanischen Sprache f\u00fcr Kinder der Diaspora er\u00f6ffnet<\/p>\n","protected":false},"author":6,"featured_media":907794,"comment_status":"closed","ping_status":"closed","sticky":false,"template":"","format":"standard","meta":{"footnotes":""},"categories":[24636,1136,24631,1133],"tags":[],"vendi":[],"content_country":[],"class_list":["post-907929","post","type-post","status-publish","format-standard","has-post-thumbnail","hentry","category-nachrichten-de-4","category-sprachen","category-nachrichten-de-2","category-e-diaspora-de"],"acf":[],"_links":{"self":[{"href":"https:\/\/www.albinfo.ch\/de\/wp-json\/wp\/v2\/posts\/907929","targetHints":{"allow":["GET"]}}],"collection":[{"href":"https:\/\/www.albinfo.ch\/de\/wp-json\/wp\/v2\/posts"}],"about":[{"href":"https:\/\/www.albinfo.ch\/de\/wp-json\/wp\/v2\/types\/post"}],"author":[{"embeddable":true,"href":"https:\/\/www.albinfo.ch\/de\/wp-json\/wp\/v2\/users\/6"}],"replies":[{"embeddable":true,"href":"https:\/\/www.albinfo.ch\/de\/wp-json\/wp\/v2\/comments?post=907929"}],"version-history":[{"count":1,"href":"https:\/\/www.albinfo.ch\/de\/wp-json\/wp\/v2\/posts\/907929\/revisions"}],"predecessor-version":[{"id":907932,"href":"https:\/\/www.albinfo.ch\/de\/wp-json\/wp\/v2\/posts\/907929\/revisions\/907932"}],"wp:featuredmedia":[{"embeddable":true,"href":"https:\/\/www.albinfo.ch\/de\/wp-json\/wp\/v2\/media\/907794"}],"wp:attachment":[{"href":"https:\/\/www.albinfo.ch\/de\/wp-json\/wp\/v2\/media?parent=907929"}],"wp:term":[{"taxonomy":"category","embeddable":true,"href":"https:\/\/www.albinfo.ch\/de\/wp-json\/wp\/v2\/categories?post=907929"},{"taxonomy":"post_tag","embeddable":true,"href":"https:\/\/www.albinfo.ch\/de\/wp-json\/wp\/v2\/tags?post=907929"},{"taxonomy":"vendi","embeddable":true,"href":"https:\/\/www.albinfo.ch\/de\/wp-json\/wp\/v2\/vendi?post=907929"},{"taxonomy":"content_country","embeddable":true,"href":"https:\/\/www.albinfo.ch\/de\/wp-json\/wp\/v2\/content_country?post=907929"}],"curies":[{"name":"wp","href":"https:\/\/api.w.org\/{rel}","templated":true}]}}