{"id":907968,"date":"2026-03-13T15:53:33","date_gmt":"2026-03-13T14:53:33","guid":{"rendered":"https:\/\/www.albinfo.ch\/?p=907968"},"modified":"2026-03-13T22:56:44","modified_gmt":"2026-03-13T21:56:44","slug":"jeton-hoxha-der-meistgewaehlte-albaner-in-renens-wird-erneut-in-die-gemeindeversammlung-gewaehlt","status":"publish","type":"post","link":"https:\/\/www.albinfo.ch\/de\/jeton-hoxha-der-meistgewaehlte-albaner-in-renens-wird-erneut-in-die-gemeindeversammlung-gewaehlt\/","title":{"rendered":"Jeton Hoxha, der meistgew\u00e4hlte Albaner in Renens, wird erneut in die Gemeindeversammlung gew\u00e4hlt"},"content":{"rendered":"<p data-start=\"2040\" data-end=\"2168\">Ein weiterer Erfolg f\u00fcr die Vertretung der albanischen Gemeinschaft in der Schweiz kommt aus der Stadt Renens im Kanton Waadt.<\/p>\n<p data-start=\"2170\" data-end=\"2489\">Jeton Hoxha wurde erneut als Mitglied der Gemeindeversammlung dieser Stadt gew\u00e4hlt und erzielte bei den letzten Gemeindewahlen ein bedeutendes Ergebnis. Laut den ver\u00f6ffentlichten Resultaten ist Hoxha der meistgew\u00e4hlte Kandidat albanischer Herkunft in der Stadt Renens und erhielt breite Unterst\u00fctzung von den B\u00fcrgern.<\/p>\n<p data-start=\"2491\" data-end=\"2731\">Er geh\u00f6rt au\u00dferdem zu den meistgew\u00e4hlten Kandidaten der Sozialdemokratischen Partei in dieser Gemeinde, ein Ergebnis, das das Vertrauen widerspiegelt, das die B\u00fcrger in sein Engagement und seine Arbeit im lokalen \u00f6ffentlichen Leben haben.<\/p>\n<p data-start=\"2733\" data-end=\"2979\">Sein Ergebnis gilt als klares Zeichen der Unterst\u00fctzung unter den W\u00e4hlern von Renens, einer Stadt, die f\u00fcr ihre kulturelle Vielfalt und f\u00fcr die aktive Teilnahme verschiedener Gemeinschaften am politischen und institutionellen Leben bekannt ist.<\/p>\n<p data-start=\"2981\" data-end=\"3254\">Nach der Bekanntgabe der Ergebnisse bedankte sich Hoxha bei den B\u00fcrgern f\u00fcr das entgegengebrachte Vertrauen und betonte, dass ihn dieses Resultat motiviert, sein Engagement im institutionellen Leben und bei der Vertretung der Interessen der B\u00fcrger in Renens fortzusetzen.<\/p>\n<p data-start=\"3256\" data-end=\"3531\">Er erkl\u00e4rte, dass er weiterhin mit Einsatz und Verantwortung zur Arbeit der Gemeindeversammlung beitragen werde, indem er politische Ma\u00dfnahmen unterst\u00fctzt, die auf die Verbesserung des Alltags der B\u00fcrger und auf die St\u00e4rkung des Zusammenlebens in der Gemeinschaft abzielen.<\/p>\n<p data-start=\"3533\" data-end=\"3711\">Seine Wiederwahl ist auch ein wichtiges Beispiel f\u00fcr die wachsende Rolle, die B\u00fcrger mit albanischer Herkunft im \u00f6ffentlichen und institutionellen Leben in der Schweiz spielen.<\/p>\n<p data-start=\"3713\" data-end=\"3925\">F\u00fcr die albanische Gemeinschaft in der Schweiz ist die Beteiligung an lokalen Institutionen und demokratischen Prozessen ein Zeichen gelungener Integration und eines aktiven Beitrags zur Schweizer Gesellschaft.<\/p>\n<p data-start=\"3927\" data-end=\"4147\" data-is-last-node=\"\" data-is-only-node=\"\">Die Pr\u00e4senz albanischer Vertreter in lokalen politischen Strukturen zeigt zudem, dass die albanische Gemeinschaft immer st\u00e4rker an den Entscheidungsprozessen in den St\u00e4dten und Gemeinden beteiligt ist, in denen sie lebt.<\/p>\n","protected":false},"excerpt":{"rendered":"<p>Er geh\u00f6rt au\u00dferdem zu den meistgew\u00e4hlten Kandidaten der Sozialdemokratischen Partei in dieser Gemeinde.<\/p>\n","protected":false},"author":6,"featured_media":907802,"comment_status":"closed","ping_status":"closed","sticky":false,"template":"","format":"standard","meta":{"footnotes":""},"categories":[1110],"tags":[],"vendi":[],"content_country":[],"class_list":["post-907968","post","type-post","status-publish","format-standard","has-post-thumbnail","hentry","category-unkategorisiert"],"acf":[],"_links":{"self":[{"href":"https:\/\/www.albinfo.ch\/de\/wp-json\/wp\/v2\/posts\/907968","targetHints":{"allow":["GET"]}}],"collection":[{"href":"https:\/\/www.albinfo.ch\/de\/wp-json\/wp\/v2\/posts"}],"about":[{"href":"https:\/\/www.albinfo.ch\/de\/wp-json\/wp\/v2\/types\/post"}],"author":[{"embeddable":true,"href":"https:\/\/www.albinfo.ch\/de\/wp-json\/wp\/v2\/users\/6"}],"replies":[{"embeddable":true,"href":"https:\/\/www.albinfo.ch\/de\/wp-json\/wp\/v2\/comments?post=907968"}],"version-history":[{"count":1,"href":"https:\/\/www.albinfo.ch\/de\/wp-json\/wp\/v2\/posts\/907968\/revisions"}],"predecessor-version":[{"id":907969,"href":"https:\/\/www.albinfo.ch\/de\/wp-json\/wp\/v2\/posts\/907968\/revisions\/907969"}],"wp:featuredmedia":[{"embeddable":true,"href":"https:\/\/www.albinfo.ch\/de\/wp-json\/wp\/v2\/media\/907802"}],"wp:attachment":[{"href":"https:\/\/www.albinfo.ch\/de\/wp-json\/wp\/v2\/media?parent=907968"}],"wp:term":[{"taxonomy":"category","embeddable":true,"href":"https:\/\/www.albinfo.ch\/de\/wp-json\/wp\/v2\/categories?post=907968"},{"taxonomy":"post_tag","embeddable":true,"href":"https:\/\/www.albinfo.ch\/de\/wp-json\/wp\/v2\/tags?post=907968"},{"taxonomy":"vendi","embeddable":true,"href":"https:\/\/www.albinfo.ch\/de\/wp-json\/wp\/v2\/vendi?post=907968"},{"taxonomy":"content_country","embeddable":true,"href":"https:\/\/www.albinfo.ch\/de\/wp-json\/wp\/v2\/content_country?post=907968"}],"curies":[{"name":"wp","href":"https:\/\/api.w.org\/{rel}","templated":true}]}}