{"id":907976,"date":"2026-03-13T16:23:42","date_gmt":"2026-03-13T15:23:42","guid":{"rendered":"https:\/\/www.albinfo.ch\/?p=907976"},"modified":"2026-03-14T01:28:06","modified_gmt":"2026-03-14T00:28:06","slug":"konjufca-begruesst-die-streichung-der-fussnote-fuer-kosovo-durch-den-ausschuss-der-regionen-der-eu","status":"publish","type":"post","link":"https:\/\/www.albinfo.ch\/de\/konjufca-begruesst-die-streichung-der-fussnote-fuer-kosovo-durch-den-ausschuss-der-regionen-der-eu\/","title":{"rendered":"Konjufca begr\u00fc\u00dft die Streichung der Fu\u00dfnote f\u00fcr Kosovo durch den Ausschuss der Regionen der EU"},"content":{"rendered":"<p data-start=\"922\" data-end=\"1182\">Der Au\u00dfenminister des Kosovo, Glauk Konjufca, hat die Entscheidung des Ausschusses der Regionen der Europ\u00e4ischen Union begr\u00fc\u00dft, die Fu\u00dfnote in Dokumenten \u00fcber Kosovo zu streichen und ausschlie\u00dflich die Bezeichnung &#8220;Kosovo&#8221; zu verwenden, berichtet albinfo.ch.<\/p>\n<p data-start=\"1184\" data-end=\"1408\">Nach Ansicht von Konjufca stellt diese Entscheidung einen wichtigen Schritt in Richtung institutioneller Klarheit dar und n\u00e4hert sich der Praxis an, die das Europ\u00e4ische Parlament in seinen offiziellen Dokumenten verwendet.<\/p>\n<p data-start=\"1410\" data-end=\"1601\">Er sprach Gillian Coughlan seinen besonderen Dank aus und w\u00fcrdigte ihre Unterst\u00fctzung f\u00fcr Kosovo sowie ihre Bem\u00fchungen, die Position des Landes in den europ\u00e4ischen Institutionen zu st\u00e4rken.<\/p>\n<p data-start=\"1603\" data-end=\"1830\" data-is-last-node=\"\" data-is-only-node=\"\">Seiner Meinung nach zeigt die Verwendung der Bezeichnung &#8220;Kosovo&#8221; ohne Fu\u00dfnote in den Dokumenten dieser EU-Institution eine klarere und direktere Haltung zum Status des Landes in der europ\u00e4ischen institutionellen Kommunikation.<\/p>\n","protected":false},"excerpt":{"rendered":"<p>Glauk Konjufca begr\u00fc\u00dft die Entscheidung des Ausschusses der Regionen der Europ\u00e4ischen Union, die Fu\u00dfnote f\u00fcr Kosovo zu streichen<\/p>\n","protected":false},"author":6,"featured_media":907831,"comment_status":"closed","ping_status":"closed","sticky":false,"template":"","format":"standard","meta":{"footnotes":""},"categories":[23263,1130,3952,23269,23262,1129],"tags":[],"vendi":[],"content_country":[],"class_list":["post-907976","post","type-post","status-publish","format-standard","has-post-thumbnail","hentry","category-kosova-de-2","category-aktuell","category-kosova-de","category-news","category-at-balkani-de","category-ch-balkan"],"acf":[],"_links":{"self":[{"href":"https:\/\/www.albinfo.ch\/de\/wp-json\/wp\/v2\/posts\/907976","targetHints":{"allow":["GET"]}}],"collection":[{"href":"https:\/\/www.albinfo.ch\/de\/wp-json\/wp\/v2\/posts"}],"about":[{"href":"https:\/\/www.albinfo.ch\/de\/wp-json\/wp\/v2\/types\/post"}],"author":[{"embeddable":true,"href":"https:\/\/www.albinfo.ch\/de\/wp-json\/wp\/v2\/users\/6"}],"replies":[{"embeddable":true,"href":"https:\/\/www.albinfo.ch\/de\/wp-json\/wp\/v2\/comments?post=907976"}],"version-history":[{"count":1,"href":"https:\/\/www.albinfo.ch\/de\/wp-json\/wp\/v2\/posts\/907976\/revisions"}],"predecessor-version":[{"id":907977,"href":"https:\/\/www.albinfo.ch\/de\/wp-json\/wp\/v2\/posts\/907976\/revisions\/907977"}],"wp:featuredmedia":[{"embeddable":true,"href":"https:\/\/www.albinfo.ch\/de\/wp-json\/wp\/v2\/media\/907831"}],"wp:attachment":[{"href":"https:\/\/www.albinfo.ch\/de\/wp-json\/wp\/v2\/media?parent=907976"}],"wp:term":[{"taxonomy":"category","embeddable":true,"href":"https:\/\/www.albinfo.ch\/de\/wp-json\/wp\/v2\/categories?post=907976"},{"taxonomy":"post_tag","embeddable":true,"href":"https:\/\/www.albinfo.ch\/de\/wp-json\/wp\/v2\/tags?post=907976"},{"taxonomy":"vendi","embeddable":true,"href":"https:\/\/www.albinfo.ch\/de\/wp-json\/wp\/v2\/vendi?post=907976"},{"taxonomy":"content_country","embeddable":true,"href":"https:\/\/www.albinfo.ch\/de\/wp-json\/wp\/v2\/content_country?post=907976"}],"curies":[{"name":"wp","href":"https:\/\/api.w.org\/{rel}","templated":true}]}}