{"id":908121,"date":"2026-03-14T10:45:14","date_gmt":"2026-03-14T09:45:14","guid":{"rendered":"https:\/\/www.albinfo.ch\/?p=908121"},"modified":"2026-03-14T20:28:58","modified_gmt":"2026-03-14T19:28:58","slug":"arian-gashi-wird-zum-vorsitzenden-des-kosovaren-staatsanwaltsrates-gewaehlt","status":"publish","type":"post","link":"https:\/\/www.albinfo.ch\/de\/arian-gashi-wird-zum-vorsitzenden-des-kosovaren-staatsanwaltsrates-gewaehlt\/","title":{"rendered":"Arian Gashi wird zum Vorsitzenden des Kosovaren Staatsanwaltsrates gew\u00e4hlt"},"content":{"rendered":"<p data-start=\"1683\" data-end=\"1783\">Arian Gashi wurde zum Vorsitzenden des Kosovaren Staatsanwaltsrates gew\u00e4hlt, berichtet albinfo.ch.<\/p>\n<p data-start=\"1785\" data-end=\"2211\">Bei der Vorstellung seiner Priorit\u00e4ten erkl\u00e4rte Gashi, dass er sich zun\u00e4chst f\u00fcr eine st\u00e4rkere Zusammenarbeit mit den Mitgliedern des Rates sowie mit dem amtierenden Generalstaatsanwalt einsetzen werde. Seiner Meinung nach war die Gefahr einer Verletzung grundlegender Prinzipien gro\u00df, weshalb sich seine Arbeit auf den Schutz dieser Prinzipien und nicht auf die Verteidigung bestimmter Gruppeninteressen konzentrieren wird.<\/p>\n<p data-start=\"2213\" data-end=\"2432\">Er versprach au\u00dferdem mehr Transparenz und eine gr\u00f6\u00dfere Offenheit gegen\u00fcber den Medien und betonte, dass sich der Staatsanwaltsrat nicht abschotten d\u00fcrfe, wie es seiner Ansicht nach in der Vergangenheit geschehen sei.<\/p>\n<p data-start=\"2434\" data-end=\"2645\">Er f\u00fcgte hinzu, dass er sich w\u00e4hrend seines Mandats daf\u00fcr einsetzen werde, dass die Arbeit des Rates auf verfassungsm\u00e4\u00dfigen Garantien basiert und eine gleiche sowie unparteiische Behandlung gew\u00e4hrleistet wird.<\/p>\n<p data-start=\"2647\" data-end=\"2748\">Der Staatsanwaltsrat des Kosovo hat zudem Dardan Vuniqi zum stellvertretenden Vorsitzenden gew\u00e4hlt.<\/p>\n<p data-start=\"2750\" data-end=\"2993\">Die Parlamentspr\u00e4sidentin Albulena Haxhiu erkl\u00e4rte, dass die Wahl des Vorsitzenden und des stellvertretenden Vorsitzenden ein wichtiger Schritt bei der Umsetzung der j\u00fcngsten gesetzlichen \u00c4nderungen und beim Fortschritt der Justizreform sei.<\/p>\n<p data-start=\"2995\" data-end=\"3468\" data-is-last-node=\"\" data-is-only-node=\"\">&#8220;Ich begr\u00fc\u00dfe die abgehaltene Sitzung des Staatsanwaltsrates, bei der der Vorsitzende und der stellvertretende Vorsitzende gew\u00e4hlt wurden, ein wichtiger Schritt bei der Umsetzung der letzten gesetzlichen \u00c4nderungen und beim Fortschritt der Justizreform. Dieser Prozess markiert eine neue Phase f\u00fcr den Staatsanwaltsrat und zeigt das Engagement unserer Institutionen f\u00fcr ein unabh\u00e4ngiges, transparentes und rechenschaftspflichtiges Justizsystem&#8221;, schrieb Haxhiu auf Facebook.<\/p>\n","protected":false},"excerpt":{"rendered":"<p>Haxhiu: Die Wahl von Gashi ist ein wichtiger Schritt beim Fortschritt der Justizreform<\/p>\n","protected":false},"author":6,"featured_media":907838,"comment_status":"closed","ping_status":"closed","sticky":false,"template":"","format":"standard","meta":{"footnotes":""},"categories":[23263,3952,23269,23262,1129],"tags":[],"vendi":[],"content_country":[],"class_list":["post-908121","post","type-post","status-publish","format-standard","has-post-thumbnail","hentry","category-kosova-de-2","category-kosova-de","category-news","category-at-balkani-de","category-ch-balkan"],"acf":[],"_links":{"self":[{"href":"https:\/\/www.albinfo.ch\/de\/wp-json\/wp\/v2\/posts\/908121","targetHints":{"allow":["GET"]}}],"collection":[{"href":"https:\/\/www.albinfo.ch\/de\/wp-json\/wp\/v2\/posts"}],"about":[{"href":"https:\/\/www.albinfo.ch\/de\/wp-json\/wp\/v2\/types\/post"}],"author":[{"embeddable":true,"href":"https:\/\/www.albinfo.ch\/de\/wp-json\/wp\/v2\/users\/6"}],"replies":[{"embeddable":true,"href":"https:\/\/www.albinfo.ch\/de\/wp-json\/wp\/v2\/comments?post=908121"}],"version-history":[{"count":1,"href":"https:\/\/www.albinfo.ch\/de\/wp-json\/wp\/v2\/posts\/908121\/revisions"}],"predecessor-version":[{"id":908122,"href":"https:\/\/www.albinfo.ch\/de\/wp-json\/wp\/v2\/posts\/908121\/revisions\/908122"}],"wp:featuredmedia":[{"embeddable":true,"href":"https:\/\/www.albinfo.ch\/de\/wp-json\/wp\/v2\/media\/907838"}],"wp:attachment":[{"href":"https:\/\/www.albinfo.ch\/de\/wp-json\/wp\/v2\/media?parent=908121"}],"wp:term":[{"taxonomy":"category","embeddable":true,"href":"https:\/\/www.albinfo.ch\/de\/wp-json\/wp\/v2\/categories?post=908121"},{"taxonomy":"post_tag","embeddable":true,"href":"https:\/\/www.albinfo.ch\/de\/wp-json\/wp\/v2\/tags?post=908121"},{"taxonomy":"vendi","embeddable":true,"href":"https:\/\/www.albinfo.ch\/de\/wp-json\/wp\/v2\/vendi?post=908121"},{"taxonomy":"content_country","embeddable":true,"href":"https:\/\/www.albinfo.ch\/de\/wp-json\/wp\/v2\/content_country?post=908121"}],"curies":[{"name":"wp","href":"https:\/\/api.w.org\/{rel}","templated":true}]}}