{"id":908130,"date":"2026-03-14T11:47:45","date_gmt":"2026-03-14T10:47:45","guid":{"rendered":"https:\/\/www.albinfo.ch\/?p=908130"},"modified":"2026-03-14T20:42:05","modified_gmt":"2026-03-14T19:42:05","slug":"gefuehrte-tour-auf-albanisch-im-rahmen-von-loewenbraeukunst-offenes-haus","status":"publish","type":"post","link":"https:\/\/www.albinfo.ch\/de\/gefuehrte-tour-auf-albanisch-im-rahmen-von-loewenbraeukunst-offenes-haus\/","title":{"rendered":"Gef\u00fchrte Tour auf Albanisch im Rahmen von &#8220;L\u00f6wenbr\u00e4ukunst Offenes Haus&#8221;"},"content":{"rendered":"<p data-start=\"1687\" data-end=\"1915\">Am 21. M\u00e4rz 2026 findet von 11.00 bis 18.00 Uhr im L\u00f6wenbr\u00e4ukunst in Z\u00fcrich die Kulturveranstaltung &#8220;L\u00f6wenbr\u00e4ukunst Offenes Haus&#8221; statt, bei der gef\u00fchrte Rundg\u00e4nge durch die Ausstellungen in mehreren Sprachen angeboten werden.<\/p>\n<p data-start=\"1917\" data-end=\"2290\">Im Rahmen dieses Programms wird der K\u00fcnstler Artan Islamaj eine F\u00fchrung in albanischer Sprache leiten, bei der er die Ausstellungen vorstellt und die wichtigsten Inhalte mit den Besuchern teilt. Die F\u00fchrung auf Albanisch beginnt um 12.00 Uhr, das Treffen mit den Teilnehmern findet im Foyer des L\u00f6wenbr\u00e4ukunst an der Adresse Limmatstrasse 270 statt, berichtet albinfo.ch.<\/p>\n<p data-start=\"2292\" data-end=\"2750\">Der Fokus der Veranstaltung liegt auf der Pr\u00e4sentation der Ausstellungen durch F\u00fchrungen in 11 verschiedenen Sprachen, bei denen Kunstvermittler die Werke vorstellen und ihre pers\u00f6nlichen Perspektiven in ihrer Muttersprache teilen. Neben Albanisch werden F\u00fchrungen auch auf Portugiesisch, Spanisch, Ukrainisch, Russisch, Mandarin oder Kantonesisch, Italienisch, Arabisch, Englisch und Tamil angeboten, sowie eine allgemeine F\u00fchrung durch die Ausstellungen.<\/p>\n<p data-start=\"2752\" data-end=\"2922\">Zum ersten Mal in diesem Jahr sind auch F\u00fchrungen auf Albanisch und Serbokroatisch dabei, ebenso wie eine spezielle F\u00fchrung zur Architektur und Geschichte des Geb\u00e4udes.<\/p>\n<p data-start=\"2924\" data-end=\"3245\">Die Besucher haben au\u00dferdem die M\u00f6glichkeit, ein vielf\u00e4ltiges Programm zu erleben, darunter eine Tanzperformance in Zusammenarbeit mit Studierenden der Z\u00fcrcher Hochschule der K\u00fcnste, ein Workshop f\u00fcr Papierskulpturen, ein kreativer Maltisch Workshop sowie eine Gespr\u00e4chsrunde mit Black Stammtisch zum Thema Solidarit\u00e4t.<\/p>\n<p data-start=\"3247\" data-end=\"3349\" data-is-last-node=\"\" data-is-only-node=\"\">Alle Ausstellungen und Aktivit\u00e4ten sind kostenlos und eine vorherige Anmeldung ist nicht erforderlich.<\/p>\n<p><iframe loading=\"lazy\" style=\"border: none; overflow: hidden;\" src=\"https:\/\/www.facebook.com\/plugins\/post.php?href=https%3A%2F%2Fwww.facebook.com%2Flowenbraukunst.ch%2Fposts%2Fpfbid0jUe3DFcUWGVvBpPKePi8qvdWYyPCHBTXWNprwCpQBAfrRMci7RxQKyNeJaTxYj3tl&amp;show_text=true&amp;width=500\" width=\"500\" height=\"708\" frameborder=\"0\" scrolling=\"no\" allowfullscreen=\"allowfullscreen\" data-mce-fragment=\"1\"><\/iframe><\/p>\n","protected":false},"excerpt":{"rendered":"<p>Die F\u00fchrung auf Albanisch beginnt um 12.00 Uhr, das Treffen mit den Teilnehmern findet im Foyer des L\u00f6wenbr\u00e4ukunst an der Adresse Limmatstrasse 270 statt<\/p>\n","protected":false},"author":6,"featured_media":907917,"comment_status":"closed","ping_status":"closed","sticky":false,"template":"","format":"standard","meta":{"footnotes":""},"categories":[24636,1133],"tags":[],"vendi":[],"content_country":[],"class_list":["post-908130","post","type-post","status-publish","format-standard","has-post-thumbnail","hentry","category-nachrichten-de-4","category-e-diaspora-de"],"acf":[],"_links":{"self":[{"href":"https:\/\/www.albinfo.ch\/de\/wp-json\/wp\/v2\/posts\/908130","targetHints":{"allow":["GET"]}}],"collection":[{"href":"https:\/\/www.albinfo.ch\/de\/wp-json\/wp\/v2\/posts"}],"about":[{"href":"https:\/\/www.albinfo.ch\/de\/wp-json\/wp\/v2\/types\/post"}],"author":[{"embeddable":true,"href":"https:\/\/www.albinfo.ch\/de\/wp-json\/wp\/v2\/users\/6"}],"replies":[{"embeddable":true,"href":"https:\/\/www.albinfo.ch\/de\/wp-json\/wp\/v2\/comments?post=908130"}],"version-history":[{"count":1,"href":"https:\/\/www.albinfo.ch\/de\/wp-json\/wp\/v2\/posts\/908130\/revisions"}],"predecessor-version":[{"id":908131,"href":"https:\/\/www.albinfo.ch\/de\/wp-json\/wp\/v2\/posts\/908130\/revisions\/908131"}],"wp:featuredmedia":[{"embeddable":true,"href":"https:\/\/www.albinfo.ch\/de\/wp-json\/wp\/v2\/media\/907917"}],"wp:attachment":[{"href":"https:\/\/www.albinfo.ch\/de\/wp-json\/wp\/v2\/media?parent=908130"}],"wp:term":[{"taxonomy":"category","embeddable":true,"href":"https:\/\/www.albinfo.ch\/de\/wp-json\/wp\/v2\/categories?post=908130"},{"taxonomy":"post_tag","embeddable":true,"href":"https:\/\/www.albinfo.ch\/de\/wp-json\/wp\/v2\/tags?post=908130"},{"taxonomy":"vendi","embeddable":true,"href":"https:\/\/www.albinfo.ch\/de\/wp-json\/wp\/v2\/vendi?post=908130"},{"taxonomy":"content_country","embeddable":true,"href":"https:\/\/www.albinfo.ch\/de\/wp-json\/wp\/v2\/content_country?post=908130"}],"curies":[{"name":"wp","href":"https:\/\/api.w.org\/{rel}","templated":true}]}}